{"id":219093,"date":"2025-07-01T21:17:14","date_gmt":"2025-07-01T21:17:14","guid":{"rendered":"https:\/\/www.europesays.com\/fr\/219093\/"},"modified":"2025-07-01T21:17:14","modified_gmt":"2025-07-01T21:17:14","slug":"renault-double-stellantis-sur-le-marche-francais-au-premier-semestre","status":"publish","type":"post","link":"https:\/\/www.europesays.com\/fr\/219093\/","title":{"rendered":"Renault double Stellantis sur le march\u00e9 fran\u00e7ais au premier semestre"},"content":{"rendered":"<p>La marque au losange est le nouveau leader d\u2019un march\u00e9 fran\u00e7ais des voitures neuves au ralenti, selon les chiffres publi\u00e9s mardi par la Plateforme automobile (PFA).<\/p>\n<p class=\"fig-paragraph\">Renault a doubl\u00e9\u00a0<a href=\"http:\/\/www.lefigaro.fr\/economie\/antonio-filosa-enfile-son-costume-de-patron-chez-stellantis-20250622\" data-fig-type=\"Article\" data-gtm-custom-categorie=\"navigation\" data-gtm-custom-action=\"crossclick\" data-gtm-custom-label=\"Contextuel\" data-gtm-event=\"customEventSPE\" data-fig-domain=\"LEFIGARO\" target=\"_blank\" rel=\"noopener\">Stellantis\u00a0<\/a>au premier semestre dans un march\u00e9 fran\u00e7ais des voitures neuves au ralenti, selon les chiffres publi\u00e9s mardi par la Plateforme automobile (PFA), qui rassemble constructeurs et \u00e9quipementiers.<\/p>\n<p class=\"fig-paragraph\">Le groupe Stellantis a ralenti la baisse de ses ventes, \u00e0 -7,98% en juin. Mais il s&rsquo;est fait doubler par\u00a0<a href=\"http:\/\/www.lefigaro.fr\/societes\/renault-9-5-milliards-de-pertes-pour-un-changement-comptable-sur-nissan-20250701\" data-fig-type=\"NewsFlash\" data-gtm-custom-categorie=\"navigation\" data-gtm-custom-action=\"crossclick\" data-gtm-custom-label=\"Contextuel\" data-gtm-event=\"customEventSPE\" data-fig-domain=\"LEFIGARO\" target=\"_blank\" rel=\"noopener\">Renault<\/a>, nouveau leader des voitures neuves sur le march\u00e9 fran\u00e7ais au premier semestre. Le groupe au Losange (+5,09% en juin, +2,21% sur le semestre), qui cherche un successeur \u00e0 son patron Luca de Meo, est notamment propuls\u00e9 par le succ\u00e8s de sa marque \u00e9conomique Dacia.<\/p>\n<p class=\"fig-paragraph\">Toutes marques et \u00e9nergies confondues, les ventes de voitures neuves ont enregistr\u00e9 un nouveau repli au mois de juin en France (-6,72% sur un an), avec seulement 169.504 immatriculations Sur les six premiers mois de 2025, avec 842.203 immatriculations, le march\u00e9 est en baisse de 7,94%.<\/p>\n<p>Tesla ralentit sa chute<\/p>\n<p class=\"fig-paragraph\">Et c&rsquo;est plus d&rsquo;un quart de ventes en moins qu&rsquo;au premier semestre 2019, derni\u00e8re ann\u00e9e avant la pand\u00e9mie de Covid qui avait marqu\u00e9 le d\u00e9but d&rsquo;un net fl\u00e9chissement. \u00abIl s&rsquo;agit du sixi\u00e8me mois cons\u00e9cutif de baisse, mais le d\u00e9but de cette s\u00e9quence remonte \u00e0 plus d&rsquo;un an, seulement interrompu par un rebond artificiel en d\u00e9cembre\u00bb a comment\u00e9 Marie-Laure Nivot du cabinet AAA Data.<\/p>\n<p class=\"fig-paragraph\">Les ventes de voitures \u00e9lectriques (-12%) ont baiss\u00e9 davantage que le march\u00e9 et plafonnent \u00e0 17% des transactions en juin. Elles ne trouvent plus gr\u00e2ce aux yeux des particuliers (-38% sur ce canal), tandis que les flottes d&rsquo;entreprises acc\u00e9l\u00e8rent encore leur transition \u00e9nerg\u00e9tique et accroissent leurs volumes de 51% avec cette motorisation, selon AAA Data.<\/p>\n<p class=\"fig-paragraph\">Tesla,\u00a0<a href=\"http:\/\/www.lefigaro.fr\/societes\/la-chute-des-ventes-de-tesla-se-poursuit-en-europe-20250625\" data-fig-type=\"NewsFlash\" data-gtm-custom-categorie=\"navigation\" data-gtm-custom-action=\"crossclick\" data-gtm-custom-label=\"Contextuel\" data-gtm-event=\"customEventSPE\" data-fig-domain=\"LEFIGARO\" target=\"_blank\" rel=\"noopener\">dont les ventes \u00e9taient en chute libre ces derniers mois<\/a>, notamment en raison des prises de position de son patron Elon Musk (-39,59% au premier semestre), a ralenti sa chute en juin (-10,04%). \u00abLe nouveau bar\u00e8me du bonus \u00e9cologique qui vient d&rsquo;\u00eatre annonc\u00e9 puis le leasing \u00e9lectrique attendu \u00e0 la rentr\u00e9e laissent quand m\u00eame esp\u00e9rer un retournement de tendance pour les \u00e9lectriques\u00bb, a soulign\u00e9 Mme Nivot.<\/p>\n","protected":false},"excerpt":{"rendered":"La marque au losange est le nouveau leader d\u2019un march\u00e9 fran\u00e7ais des voitures neuves au ralenti, selon les&hellip;\n","protected":false},"author":2,"featured_media":219094,"comment_status":"","ping_status":"","sticky":false,"template":"","format":"standard","meta":{"footnotes":""},"categories":[6],"tags":[631,627,630,340,398,35,343,634,405,629,636,33,34,632,638,1011,27,637,399,639,635,10651,401,628,2099,633,407],"class_list":{"0":"post-219093","1":"post","2":"type-post","3":"status-publish","4":"format-standard","5":"has-post-thumbnail","7":"category-economie","8":"tag-action","9":"tag-actions-francaise","10":"tag-actualite-bourse","11":"tag-bourse","12":"tag-bourse-de-paris","13":"tag-business","14":"tag-cac-40","15":"tag-cotation","16":"tag-cotations","17":"tag-cours-des-societes-francaises","18":"tag-devises","19":"tag-economie","20":"tag-economy","21":"tag-fcp","22":"tag-figaro","23":"tag-fr","24":"tag-france","25":"tag-indices","26":"tag-investissement","27":"tag-le-figaro","28":"tag-marches","29":"tag-renault","30":"tag-sicav","31":"tag-societes-etrangeres","32":"tag-stellantis","33":"tag-warrant","34":"tag-warrants"},"share_on_mastodon":{"url":"https:\/\/pubeurope.com\/@fr\/114780061323988399","error":""},"_links":{"self":[{"href":"https:\/\/www.europesays.com\/fr\/wp-json\/wp\/v2\/posts\/219093","targetHints":{"allow":["GET"]}}],"collection":[{"href":"https:\/\/www.europesays.com\/fr\/wp-json\/wp\/v2\/posts"}],"about":[{"href":"https:\/\/www.europesays.com\/fr\/wp-json\/wp\/v2\/types\/post"}],"author":[{"embeddable":true,"href":"https:\/\/www.europesays.com\/fr\/wp-json\/wp\/v2\/users\/2"}],"replies":[{"embeddable":true,"href":"https:\/\/www.europesays.com\/fr\/wp-json\/wp\/v2\/comments?post=219093"}],"version-history":[{"count":0,"href":"https:\/\/www.europesays.com\/fr\/wp-json\/wp\/v2\/posts\/219093\/revisions"}],"wp:featuredmedia":[{"embeddable":true,"href":"https:\/\/www.europesays.com\/fr\/wp-json\/wp\/v2\/media\/219094"}],"wp:attachment":[{"href":"https:\/\/www.europesays.com\/fr\/wp-json\/wp\/v2\/media?parent=219093"}],"wp:term":[{"taxonomy":"category","embeddable":true,"href":"https:\/\/www.europesays.com\/fr\/wp-json\/wp\/v2\/categories?post=219093"},{"taxonomy":"post_tag","embeddable":true,"href":"https:\/\/www.europesays.com\/fr\/wp-json\/wp\/v2\/tags?post=219093"}],"curies":[{"name":"wp","href":"https:\/\/api.w.org\/{rel}","templated":true}]}}