{"id":219095,"date":"2025-07-01T21:18:11","date_gmt":"2025-07-01T21:18:11","guid":{"rendered":"https:\/\/www.europesays.com\/fr\/219095\/"},"modified":"2025-07-01T21:18:11","modified_gmt":"2025-07-01T21:18:11","slug":"lachat-de-nouveaux-f-35-le-confirme-la-defense-europeenne-est-une-chimere-et-notre-strategie-tient-en-deux-mots-parapluie-americain","status":"publish","type":"post","link":"https:\/\/www.europesays.com\/fr\/219095\/","title":{"rendered":"L&rsquo;achat de nouveaux F-35 le confirme, la \u00ab\u00a0d\u00e9fense europ\u00e9enne\u00a0\u00bb est une chim\u00e8re et notre strat\u00e9gie tient en deux mots : parapluie am\u00e9ricain"},"content":{"rendered":"<p class=\"ap-StoryElement ap-StoryElement--mb ap-StoryText\">Les comptes sur la <a href=\"https:\/\/www.dhnet.be\/actu\/edito\/2025\/07\/01\/taxation-des-plus-values-la-pilule-anti-riches-de-vooruit-que-le-mr-a-bien-du-mal-a-avaler-7NIW3QQH6NFU5NHVSWOZ2SN5NQ\/\" target=\"_blank\" rel=\"nofollow noopener\">taxation des plus-values<\/a> avec Vooruit \u00e9tant d\u00e9sormais sold\u00e9s, le gouvernement avance. Sur un autre front, d&rsquo;un pas plut\u00f4t militaire.<\/p>\n<p class=\"ap-StoryElement ap-StoryElement--mb ap-StoryText\">Officiel\u200a: <a href=\"https:\/\/www.dhnet.be\/actu\/belgique\/2025\/07\/01\/david-clarinval-confirme-lachat-de-11-nouveaux-f-35-et-ferme-la-porte-a-une-taxe-defense-NT4SWPESHNGYBJU4VV3WIWUGLM\/\" target=\"_blank\" rel=\"nofollow noopener\">la Belgique s&rsquo;offrira onze nouveaux F-35<\/a>. Apr\u00e8s les 34 d\u00e9j\u00e0 command\u00e9s sous Michel, voici la rallonge pour l&rsquo;avion de chasse le plus cher du monde. La d\u00e9cision est tout sauf anodine. Certes, la guerre en Ukraine et l&rsquo;instabilit\u00e9 au Moyen-Orient rappellent la n\u00e9cessit\u00e9 de prot\u00e9ger notre ciel. L&rsquo;OTAN exige plus de moyens, et la Belgique s&rsquo;est engag\u00e9e \u00e0 consacrer d\u00e8s cette ann\u00e9e 2\u202f% de son PIB \u00e0 la D\u00e9fense. On dit du F-35 qu&rsquo;il est le plus perfectionn\u00e9, le plus furtif. On dit aussi qu&rsquo;il rend ses acheteurs captifs des \u00c9tats-Unis pour la maintenance, la formation, les mises \u00e0 jour logicielles\u2026 Pourtant, la liste des pays acheteurs, donc d\u00e9pendants des USA \u2013 pour ne pas \u00e9crire vassalis\u00e9s \u2013 s&rsquo;allonge\u200a: Pays-Bas, Allemagne, Finlande, Gr\u00e8ce, Italie, Norv\u00e8ge, Suisse\u2026 M\u00eame le Danemark, malgr\u00e9 les menaces trumpistes sur le Groenland, a sign\u00e9\u200a!<\/p>\n<p>Pour acc\u00e9der \u00e0 cet article, veuillez vous connecter au r\u00e9seau internet.<\/p>\n","protected":false},"excerpt":{"rendered":"Les comptes sur la taxation des plus-values avec Vooruit \u00e9tant d\u00e9sormais sold\u00e9s, le gouvernement avance. Sur un autre&hellip;\n","protected":false},"author":2,"featured_media":219096,"comment_status":"","ping_status":"","sticky":false,"template":"","format":"standard","meta":{"footnotes":""},"categories":[5],"tags":[11,35820,7182,29129,1011,27,1227,14,12,9024,28],"class_list":{"0":"post-219095","1":"post","2":"type-post","3":"status-publish","4":"format-standard","5":"has-post-thumbnail","7":"category-international","8":"tag-actualites","9":"tag-army","10":"tag-aviation","11":"tag-defence","12":"tag-fr","13":"tag-france","14":"tag-horizontal","15":"tag-international","16":"tag-news","17":"tag-politics","18":"tag-world"},"share_on_mastodon":{"url":"https:\/\/pubeurope.com\/@fr\/114780065227567323","error":""},"_links":{"self":[{"href":"https:\/\/www.europesays.com\/fr\/wp-json\/wp\/v2\/posts\/219095","targetHints":{"allow":["GET"]}}],"collection":[{"href":"https:\/\/www.europesays.com\/fr\/wp-json\/wp\/v2\/posts"}],"about":[{"href":"https:\/\/www.europesays.com\/fr\/wp-json\/wp\/v2\/types\/post"}],"author":[{"embeddable":true,"href":"https:\/\/www.europesays.com\/fr\/wp-json\/wp\/v2\/users\/2"}],"replies":[{"embeddable":true,"href":"https:\/\/www.europesays.com\/fr\/wp-json\/wp\/v2\/comments?post=219095"}],"version-history":[{"count":0,"href":"https:\/\/www.europesays.com\/fr\/wp-json\/wp\/v2\/posts\/219095\/revisions"}],"wp:featuredmedia":[{"embeddable":true,"href":"https:\/\/www.europesays.com\/fr\/wp-json\/wp\/v2\/media\/219096"}],"wp:attachment":[{"href":"https:\/\/www.europesays.com\/fr\/wp-json\/wp\/v2\/media?parent=219095"}],"wp:term":[{"taxonomy":"category","embeddable":true,"href":"https:\/\/www.europesays.com\/fr\/wp-json\/wp\/v2\/categories?post=219095"},{"taxonomy":"post_tag","embeddable":true,"href":"https:\/\/www.europesays.com\/fr\/wp-json\/wp\/v2\/tags?post=219095"}],"curies":[{"name":"wp","href":"https:\/\/api.w.org\/{rel}","templated":true}]}}