{"id":219124,"date":"2025-07-01T21:36:11","date_gmt":"2025-07-01T21:36:11","guid":{"rendered":"https:\/\/www.europesays.com\/fr\/219124\/"},"modified":"2025-07-01T21:36:11","modified_gmt":"2025-07-01T21:36:11","slug":"strasbourg-empoche-37-millions-en-une-vente-france-rc-strasbourg","status":"publish","type":"post","link":"https:\/\/www.europesays.com\/fr\/219124\/","title":{"rendered":"Strasbourg empoche 37 millions en une vente ! &#8211; France &#8211; RC Strasbourg"},"content":{"rendered":"<p>Welcome Diarra !<\/p>\n<p>Dans un <a target=\"_blank\" href=\"https:\/\/www.safc.com\/news\/2025\/july\/01\/diarra-arrives-on-wearside\/\" rel=\"noopener nofollow\">communiqu\u00e9<\/a> publi\u00e9 sur son site internet, Sunderland a annonc\u00e9 une grosse nouvelle qui n\u2019attendait que d\u2019\u00eatre officialis\u00e9e : <strong>en \u00e9change de 37 millions d\u2019euros vers\u00e9s \u00e0 Strasbourg (bonus compris), le club anglais a fait d\u2019Habib Diarra un de ses nouveaux joueurs<\/strong>.<\/p>\n<p>D\u00e9sormais li\u00e9 aux Black Cats par un contrat courant sur cinq ann\u00e9es, le S\u00e9n\u00e9galais est estim\u00e9 \u00e0 20 millions d\u2019euros selon Transfermarkt. <strong>Cette vente repr\u00e9sente donc une bonne affaire pour le Racing, qui signe du m\u00eame coup <a target=\"_blank\" href=\"https:\/\/www.sofoot.com\/breves\/mercato-sunderland-casse-sa-tirelire-pour-le-capitaine-de-strasbourg-habib-diarra\" rel=\"nofollow noopener\">un record jamais vu dans son histoire<\/a><\/strong>.<\/p>\n<p>Pourvu qu\u2019il ne revienne pas en pr\u00eat en France d\u00e8s le mercato d\u2019hiver\u2026<\/p>\n<p>\t\t\t\t\t\t\t\t\t\t<a class=\"lien-connexe\" href=\"https:\/\/www.sofoot.com\/breves\/marvin-senaya-quitte-strasbourg-et-sengage-du-cote-dauxerre-pour-quatre-saisons\" rel=\"nofollow noopener\" target=\"_blank\">Auxerre se sert dans la cave de Strasbourg<\/a>\t\t\t\t\t<\/p>\n","protected":false},"excerpt":{"rendered":"Welcome Diarra ! Dans un communiqu\u00e9 publi\u00e9 sur son site internet, Sunderland a annonc\u00e9 une grosse nouvelle qui&hellip;\n","protected":false},"author":2,"featured_media":219125,"comment_status":"","ping_status":"","sticky":false,"template":"","format":"standard","meta":{"footnotes":""},"categories":[2820],"tags":[1111,47,11,61,69,65,64,1777,674,63,1011,27,775,68,66,12,62,70,25,67,640],"class_list":{"0":"post-219124","1":"post","2":"type-post","3":"status-publish","4":"format-standard","5":"has-post-thumbnail","7":"category-strasbourg","8":"tag-actu","9":"tag-actualite","10":"tag-actualites","11":"tag-actus-football","12":"tag-bundesliga","13":"tag-championnats-europeens","14":"tag-equipe-de-france","15":"tag-eu","16":"tag-europe","17":"tag-football","18":"tag-fr","19":"tag-france","20":"tag-grand-est","21":"tag-ligua","22":"tag-ligue-1","23":"tag-news","24":"tag-news-foot","25":"tag-premier-league","26":"tag-republique-francaise","27":"tag-serie-a","28":"tag-strasbourg"},"share_on_mastodon":{"url":"https:\/\/pubeurope.com\/@fr\/114780136035586206","error":""},"_links":{"self":[{"href":"https:\/\/www.europesays.com\/fr\/wp-json\/wp\/v2\/posts\/219124","targetHints":{"allow":["GET"]}}],"collection":[{"href":"https:\/\/www.europesays.com\/fr\/wp-json\/wp\/v2\/posts"}],"about":[{"href":"https:\/\/www.europesays.com\/fr\/wp-json\/wp\/v2\/types\/post"}],"author":[{"embeddable":true,"href":"https:\/\/www.europesays.com\/fr\/wp-json\/wp\/v2\/users\/2"}],"replies":[{"embeddable":true,"href":"https:\/\/www.europesays.com\/fr\/wp-json\/wp\/v2\/comments?post=219124"}],"version-history":[{"count":0,"href":"https:\/\/www.europesays.com\/fr\/wp-json\/wp\/v2\/posts\/219124\/revisions"}],"wp:featuredmedia":[{"embeddable":true,"href":"https:\/\/www.europesays.com\/fr\/wp-json\/wp\/v2\/media\/219125"}],"wp:attachment":[{"href":"https:\/\/www.europesays.com\/fr\/wp-json\/wp\/v2\/media?parent=219124"}],"wp:term":[{"taxonomy":"category","embeddable":true,"href":"https:\/\/www.europesays.com\/fr\/wp-json\/wp\/v2\/categories?post=219124"},{"taxonomy":"post_tag","embeddable":true,"href":"https:\/\/www.europesays.com\/fr\/wp-json\/wp\/v2\/tags?post=219124"}],"curies":[{"name":"wp","href":"https:\/\/api.w.org\/{rel}","templated":true}]}}