{"id":219144,"date":"2025-07-01T21:48:10","date_gmt":"2025-07-01T21:48:10","guid":{"rendered":"https:\/\/www.europesays.com\/fr\/219144\/"},"modified":"2025-07-01T21:48:10","modified_gmt":"2025-07-01T21:48:10","slug":"les-avocats-marseillais-se-mobilisent-pour-le-droit-des-etrangers","status":"publish","type":"post","link":"https:\/\/www.europesays.com\/fr\/219144\/","title":{"rendered":"Les avocats marseillais se mobilisent pour le droit des \u00e9trangers"},"content":{"rendered":"<p>Les barreaux de Marseille, Paris et Aix-en-Provence ont dit \u00ab\u00a0non\u00a0\u00bb, ce mardi 1er\u00a0juillet, \u00e0 la proposition de loi en faveur de l\u2019allongement de la dur\u00e9e maximale de r\u00e9tention des \u00e9trangers voulue par le ministre de l\u2019Int\u00e9rieur, Bruno Retailleau.<\/p>\n<p>D\u00e9battue \u00e0 l\u2019Assembl\u00e9e, cette proposition de loi vise \u00e0 prolonger \u00ab\u00a0la r\u00e9tention\u00a0\u00bb des personnes \u00e9trang\u00e8res dans <a href=\"https:\/\/www.laprovence.com\/article\/faits-divers-justice\/3071152708002314\/marseille-5-etrangers-en-situation-irreguliere-se-sont-echappes-du-centre-de-retention-administrative-du-canet\" target=\"_blank\" rel=\"nofollow noopener\">les centres de r\u00e9tention administrative<\/a> (CRA) jusqu\u2019\u00e0 210\u00a0jours. Jeunes avocats marseillais d\u00e9fenseurs \u00ab\u00a0d\u2019un droit qui s\u2019applique vraiment, pour tous les justiciables\u00a0\u00bb, Mathilde Lant\u00e9, Adam Borie et Julie Gonidec ont plaid\u00e9 devant le juge des libert\u00e9s pour \u00ab\u00a0faire cesser des <a href=\"https:\/\/www.laprovence.com\/article\/region\/1899195473505814\/marseille-la-justice-interdit-a-la-police-de-surveiller-le-centre-de-retention-du-canet-avec-un-drone\" target=\"_blank\" rel=\"nofollow noopener\">atteintes inhumaines aux droits et aux conditions de vie des \u00e9trangers<\/a>\u00a0: pas d\u2019eau froide \u00e0 boire, pas d\u2019ombre ni de chaises dans les espaces de promenade, et des fen\u00eatres condamn\u00e9es\u00a0\u00bb.<\/p>\n<p>Lutter aux c\u00f4t\u00e9s de celles et ceux \u00ab\u00a0qu\u2019on veut faire dispara\u00eetre\u00a0\u00bb<\/p>\n<p>\u00ab\u00a0Ce jeune homme est un cas embl\u00e9matique, d\u00e9crit Me C\u00e9dric Heulin, qui s\u2019est joint \u00e0 la plaidoirie, en pointant un justiciable <a href=\"https:\/\/www.laprovence.com\/article\/faits-divers-justice\/1500477590587515\/a-marseille-du-materiel-d-evasion-jete-par-dessus-les-barbeles-dans-le-centre-de-retention-administrative\" target=\"_blank\" rel=\"nofollow noopener\">retenu au CRA du Canet<\/a> pour situation irr\u00e9guli\u00e8re. C\u2019est quelqu\u2019un qui a une famille qui l\u2019attend en Moldavie, de l\u2019argent et une stabilit\u00e9, mais la France ne lui permet pas de rentrer. Apr\u00e8s que la compagnie a\u00e9rienne qui devait le prendre en charge a annul\u00e9 son billet d\u2019avion retour, le pr\u00e9fet du Var a demand\u00e9 son placement en r\u00e9tention pour trois mois suppl\u00e9mentaires alors qu\u2019il n\u2019a rien fait de plus, c\u2019est insens\u00e9\u00a0\u00bb, critique-t-il.<\/p>\n<p>Apr\u00e8s la journ\u00e9e de mobilisation au CRA, un rassemblement des avocats a eu lieu place F\u00e9lix-Baret (6e) pour d\u00e9noncer \u00ab\u00a0l\u2019enfermement comme r\u00e9ponse politique \u00e0 l\u2019existence des personnes \u00e9trang\u00e8res\u00a0\u00bb, \u00ab\u00a0les rafles et les expulsions comme norme\u00a0\u00bb, et enfin annoncer \u00ab\u00a0lutter aux c\u00f4t\u00e9s de celles et ceux que l\u2019on tente de faire dispara\u00eetre en les privant de leur dignit\u00e9\u00a0\u00bb.<\/p>\n","protected":false},"excerpt":{"rendered":"Les barreaux de Marseille, Paris et Aix-en-Provence ont dit \u00ab\u00a0non\u00a0\u00bb, ce mardi 1er\u00a0juillet, \u00e0 la proposition de loi&hellip;\n","protected":false},"author":2,"featured_media":219145,"comment_status":"","ping_status":"","sticky":false,"template":"","format":"standard","meta":{"footnotes":""},"categories":[2814],"tags":[17,1111,11,16658,154,6084,1777,674,1011,27,151,761,884,16073,12,471,882,16,25],"class_list":{"0":"post-219144","1":"post","2":"type-post","3":"status-publish","4":"format-standard","5":"has-post-thumbnail","7":"category-marseille","8":"tag-17","9":"tag-actu","10":"tag-actualites","11":"tag-avocats","12":"tag-des","13":"tag-droit","14":"tag-eu","15":"tag-europe","16":"tag-fr","17":"tag-france","18":"tag-les","19":"tag-marseillais","20":"tag-marseille","21":"tag-mobilisent","22":"tag-news","23":"tag-pour","24":"tag-provence-alpes-cote-dazur","25":"tag-region","26":"tag-republique-francaise"},"share_on_mastodon":{"url":"https:\/\/pubeurope.com\/@fr\/114780183200139604","error":""},"_links":{"self":[{"href":"https:\/\/www.europesays.com\/fr\/wp-json\/wp\/v2\/posts\/219144","targetHints":{"allow":["GET"]}}],"collection":[{"href":"https:\/\/www.europesays.com\/fr\/wp-json\/wp\/v2\/posts"}],"about":[{"href":"https:\/\/www.europesays.com\/fr\/wp-json\/wp\/v2\/types\/post"}],"author":[{"embeddable":true,"href":"https:\/\/www.europesays.com\/fr\/wp-json\/wp\/v2\/users\/2"}],"replies":[{"embeddable":true,"href":"https:\/\/www.europesays.com\/fr\/wp-json\/wp\/v2\/comments?post=219144"}],"version-history":[{"count":0,"href":"https:\/\/www.europesays.com\/fr\/wp-json\/wp\/v2\/posts\/219144\/revisions"}],"wp:featuredmedia":[{"embeddable":true,"href":"https:\/\/www.europesays.com\/fr\/wp-json\/wp\/v2\/media\/219145"}],"wp:attachment":[{"href":"https:\/\/www.europesays.com\/fr\/wp-json\/wp\/v2\/media?parent=219144"}],"wp:term":[{"taxonomy":"category","embeddable":true,"href":"https:\/\/www.europesays.com\/fr\/wp-json\/wp\/v2\/categories?post=219144"},{"taxonomy":"post_tag","embeddable":true,"href":"https:\/\/www.europesays.com\/fr\/wp-json\/wp\/v2\/tags?post=219144"}],"curies":[{"name":"wp","href":"https:\/\/api.w.org\/{rel}","templated":true}]}}