{"id":219146,"date":"2025-07-01T21:49:11","date_gmt":"2025-07-01T21:49:11","guid":{"rendered":"https:\/\/www.europesays.com\/fr\/219146\/"},"modified":"2025-07-01T21:49:11","modified_gmt":"2025-07-01T21:49:11","slug":"a-lecole-longchamp-a-marseille-les-parents-sinquietent-du-risque-deboulement-de-la-chapelle-mitoyenne","status":"publish","type":"post","link":"https:\/\/www.europesays.com\/fr\/219146\/","title":{"rendered":"\u00c0 l&rsquo;\u00e9cole Longchamp, \u00e0 Marseille,\u00a0les parents s&rsquo;inqui\u00e8tent du risque d&rsquo;\u00e9boulement de la chapelle mitoyenne"},"content":{"rendered":"<p>\u00c0 l\u2019heure d\u2019entrer en classe \u00e0 l\u2019\u00e9cole maternelle Longchamp (4e), l\u2019inqui\u00e9tude se lit sur les visages. \u00ab\u00a0Le temps semble long\u00a0\u00bb, l\u00e2che une enseignante, alors que depuis\u00a02022, la chapelle Buffon, frapp\u00e9e d\u2019un arr\u00eat\u00e9 de p\u00e9ril et qui jouxte l\u2019\u00e9tablissement, menace de s\u2019effondrer, des fissures impressionnantes parcourant ses murs d\u00e9cr\u00e9pis.<\/p>\n<p>La biblioth\u00e8que am\u00e9nag\u00e9e en dortoir<\/p>\n<p>Par s\u00e9curit\u00e9, la Ville a appos\u00e9 des grilles en m\u00e9tal sur les fen\u00eatres de l\u2019\u00e9cole. Une partie du dortoir dans lequel les enfants font la sieste a \u00e9t\u00e9 condamn\u00e9e, passant de 32 \u00e0 18\u00a0lits au sol, l\u00e0 encore <a href=\"https:\/\/www.laprovence.com\/article\/societe\/73441339877524\/marseille-le-mur-de-l-ecole-revolution-3e-s-effondre-durant-le-week-end\" target=\"_blank\" rel=\"noopener\">dans le cas o\u00f9 un \u00e9boulement devait avoir lieu<\/a>.<\/p>\n","protected":false},"excerpt":{"rendered":"\u00c0 l\u2019heure d\u2019entrer en classe \u00e0 l\u2019\u00e9cole maternelle Longchamp (4e), l\u2019inqui\u00e9tude se lit sur les visages. \u00ab\u00a0Le temps&hellip;\n","protected":false},"author":2,"featured_media":219147,"comment_status":"","ping_status":"","sticky":false,"template":"","format":"standard","meta":{"footnotes":""},"categories":[2814],"tags":[17,1111,11,35822,1777,674,1011,27,4112,151,25045,884,12,3306,882,16,25,4510,35821],"class_list":{"0":"post-219146","1":"post","2":"type-post","3":"status-publish","4":"format-standard","5":"has-post-thumbnail","7":"category-marseille","8":"tag-17","9":"tag-actu","10":"tag-actualites","11":"tag-deboulement","12":"tag-eu","13":"tag-europe","14":"tag-fr","15":"tag-france","16":"tag-lecole","17":"tag-les","18":"tag-longchamp","19":"tag-marseille","20":"tag-news","21":"tag-parents","22":"tag-provence-alpes-cote-dazur","23":"tag-region","24":"tag-republique-francaise","25":"tag-risque","26":"tag-sinquietent"},"share_on_mastodon":{"url":"https:\/\/pubeurope.com\/@fr\/114780187162115427","error":""},"_links":{"self":[{"href":"https:\/\/www.europesays.com\/fr\/wp-json\/wp\/v2\/posts\/219146","targetHints":{"allow":["GET"]}}],"collection":[{"href":"https:\/\/www.europesays.com\/fr\/wp-json\/wp\/v2\/posts"}],"about":[{"href":"https:\/\/www.europesays.com\/fr\/wp-json\/wp\/v2\/types\/post"}],"author":[{"embeddable":true,"href":"https:\/\/www.europesays.com\/fr\/wp-json\/wp\/v2\/users\/2"}],"replies":[{"embeddable":true,"href":"https:\/\/www.europesays.com\/fr\/wp-json\/wp\/v2\/comments?post=219146"}],"version-history":[{"count":0,"href":"https:\/\/www.europesays.com\/fr\/wp-json\/wp\/v2\/posts\/219146\/revisions"}],"wp:featuredmedia":[{"embeddable":true,"href":"https:\/\/www.europesays.com\/fr\/wp-json\/wp\/v2\/media\/219147"}],"wp:attachment":[{"href":"https:\/\/www.europesays.com\/fr\/wp-json\/wp\/v2\/media?parent=219146"}],"wp:term":[{"taxonomy":"category","embeddable":true,"href":"https:\/\/www.europesays.com\/fr\/wp-json\/wp\/v2\/categories?post=219146"},{"taxonomy":"post_tag","embeddable":true,"href":"https:\/\/www.europesays.com\/fr\/wp-json\/wp\/v2\/tags?post=219146"}],"curies":[{"name":"wp","href":"https:\/\/api.w.org\/{rel}","templated":true}]}}