{"id":219156,"date":"2025-07-01T21:55:15","date_gmt":"2025-07-01T21:55:15","guid":{"rendered":"https:\/\/www.europesays.com\/fr\/219156\/"},"modified":"2025-07-01T21:55:15","modified_gmt":"2025-07-01T21:55:15","slug":"de-nombreux-vols-annules-jeudi-a-paris-et-dans-les-aeroports-du-sud","status":"publish","type":"post","link":"https:\/\/www.europesays.com\/fr\/219156\/","title":{"rendered":"de nombreux vols annul\u00e9s jeudi \u00e0 Paris et dans les a\u00e9roports du Sud"},"content":{"rendered":"<p>La DGAC a demand\u00e9 l\u2019annulation d\u2019un quart des vols dans les grands a\u00e9roports parisiens, ainsi que de la moiti\u00e9 des vols \u00e0 Nice, Bastia et Calvi, du fait du mouvement de gr\u00e8ve des aiguilleurs du ciel pr\u00e9vu les 3 et 4 juillet.<\/p>\n<p class=\"fig-paragraph\">D\u00e9but de vacances d\u2019\u00e9t\u00e9 difficile pour les voyageurs empruntant l\u2019avion. La Direction g\u00e9n\u00e9rale de l\u2019Aviation civile a demand\u00e9 mardi aux compagnies a\u00e9riennes de renoncer \u00e0 un quart de leurs vols au d\u00e9part ou \u00e0 l\u2019arriv\u00e9e des grands a\u00e9roports parisiens jeudi, au premier jour d\u2019une\u00a0<a href=\"http:\/\/www.lefigaro.fr\/voyages\/vacances-d-ete-un-preavis-de-greve-depose-chez-les-controleurs-aeriens-pour-les-3-et-4-juillet-20250623\" data-fig-type=\"NewsFlash\" data-gtm-custom-categorie=\"navigation\" data-gtm-custom-action=\"crossclick\" data-gtm-custom-label=\"Contextuel\" data-gtm-event=\"customEventSPE\" data-fig-domain=\"LEFIGARO\" target=\"_blank\" rel=\"noopener\">gr\u00e8ve de contr\u00f4leurs a\u00e9riens<\/a>.<\/p>\n<p class=\"fig-paragraph\">\u00c0 l\u2019or\u00e9e des\u00a0<a href=\"http:\/\/www.lefigaro.fr\/actualite-france\/annulation-d-epreuves-vacances-allongees-a-mayotte-la-fin-de-l-annee-scolaire-profondement-reamenagee-20250211\" data-fig-type=\"Article\" data-gtm-custom-categorie=\"navigation\" data-gtm-custom-action=\"crossclick\" data-gtm-custom-label=\"Contextuel\" data-gtm-event=\"customEventSPE\" data-fig-domain=\"LEFIGARO\" target=\"_blank\" rel=\"noopener\">vacances scolaires<\/a>\u00a0d\u2019\u00e9t\u00e9, ce mouvement social d\u00e9clench\u00e9 par les deuxi\u00e8me et troisi\u00e8me syndicats d\u2019aiguilleurs du ciel, qui protestent notamment contre leur \u00absous-effectif structurel\u00bb, affectera particuli\u00e8rement les a\u00e9roports du sud de la France, la DGAC annon\u00e7ant une r\u00e9duction de moiti\u00e9 des programmes de vol \u00e0 Nice, le troisi\u00e8me a\u00e9roport fran\u00e7ais, ainsi qu\u2019\u00e0 Bastia et Calvi, en Corse. L\u2019administration, qui cherche \u00e0 mettre en ad\u00e9quation le nombre de contr\u00f4leurs \u00e0 leurs postes et les vols \u00e0 g\u00e9rer afin d\u2019\u00e9viter des perturbations suppl\u00e9mentaires, a en outre r\u00e9clam\u00e9 des annulations pour 30% des vols au d\u00e9part et \u00e0 l\u2019arriv\u00e9e de Lyon, Marseille, Montpellier, Ajaccio et Figari, a-t-elle ajout\u00e9 dans un communiqu\u00e9.<\/p>\n<p class=\"fig-paragraph\">Outre les liaisons aux a\u00e9roports de Paris-Charles-de-Gaulle et Orly, les deux premiers du pays, la DGAC a exig\u00e9 des transporteurs qu\u2019ils renoncent au quart de leurs vols \u00e0 Beauvais, plateforme \u00ablow-cost\u00bb o\u00f9 sont notamment bas\u00e9s des appareils de la compagnie irlandaise Ryanair. \u00abEn d\u00e9pit de ces mesures pr\u00e9ventives, des perturbations et des retards importants sont \u00e0 pr\u00e9voir sur l\u2019ensemble des a\u00e9roports fran\u00e7ais\u00bb, a pr\u00e9venu l\u2019administration.<\/p>\n<p>\u00abAucune r\u00e9ponse aux alertes transmises\u00bb<\/p>\n<p class=\"fig-paragraph\">Apr\u00e8s deux r\u00e9unions de \u00abconciliation\u00bb infructueuses avec la DGAC, la derni\u00e8re lundi, le deuxi\u00e8me syndicat d\u2019aiguilleurs du ciel, l\u2019UNSA-ICNA, a maintenu son appel \u00e0 la gr\u00e8ve jeudi et vendredi. L\u2019organisation syndicale, qui a rassembl\u00e9 17% des voix aux derni\u00e8res \u00e9lections professionnelles, a estim\u00e9 que l\u2019administration n\u2019avait formul\u00e9 \u00abaucune r\u00e9ponse aux alertes transmises pourtant depuis des semaines\u00bb, et cit\u00e9 parmi ses griefs un \u00absous-effectif structurel\u00bb, des \u00abprojets techniques en \u00e9chec\u00bb et un \u00abmanagement toxique\u00bb.<\/p>\n<p class=\"fig-paragraph\">\u00abLa DGAC reconna\u00eet les difficult\u00e9s li\u00e9es \u00e0 la situation de sous-effectif chronique, qui affectent la qualit\u00e9 du service rendu aux compagnies a\u00e9riennes. C\u2019est pr\u00e9cis\u00e9ment pour y rem\u00e9dier qu\u2019elle d\u00e9fend un plan de recrutement ambitieux, inscrit dans une strat\u00e9gie pluriannuelle, afin de garantir un service performant et s\u00e9curis\u00e9\u00bb, avait fait valoir l\u2019administration la semaine derni\u00e8re. Celle-ci avait par ailleurs dit \u00abregrette(r) profond\u00e9ment le choix de ces dates (du 3 et 4 juillet), qui correspondent aux jours les plus charg\u00e9s de l\u2019ann\u00e9e, en raison des nombreux d\u00e9parts en vacances sur cette p\u00e9riode\u00bb.<\/p>\n<p class=\"fig-paragraph\">L\u2019UNSA-ICNA a \u00e9t\u00e9 rejointe jeudi dernier dans ce mouvement par le troisi\u00e8me syndicat de contr\u00f4leurs, l\u2019USAC-CGT (16% des suffrages), qui avait d\u00e9nonc\u00e9 lui aussi un \u00abcontexte social fortement d\u00e9grad\u00e9\u00bb \u00e0 la DGAC, mais appel\u00e9 \u00e0 la gr\u00e8ve le 3 juillet seulement. \u00abLa DGAC ne semble pas avoir mesur\u00e9 le niveau d\u2019exasp\u00e9ration de ses agents\u00bb, a fait valoir cette derni\u00e8re organisation lundi. Le premier syndicat de contr\u00f4leurs, le SNCTA (60% des voix), a indiqu\u00e9 \u00e0 l\u2019AFP ne pas appeler \u00e0 la gr\u00e8ve.<\/p>\n","protected":false},"excerpt":{"rendered":"La DGAC a demand\u00e9 l\u2019annulation d\u2019un quart des vols dans les grands a\u00e9roports parisiens, ainsi que de la&hellip;\n","protected":false},"author":2,"featured_media":219157,"comment_status":"","ping_status":"","sticky":false,"template":"","format":"standard","meta":{"footnotes":""},"categories":[1888],"tags":[1111,1928,339,11,1927,340,343,345,350,130,35823,344,352,349,33,341,313,1777,674,1011,27,346,6151,342,353,351,347,12,1926,626,1925,348,25,354],"class_list":{"0":"post-219156","1":"post","2":"type-post","3":"status-publish","4":"format-standard","5":"has-post-thumbnail","7":"category-paris","8":"tag-actu","9":"tag-actu-paris","10":"tag-actualite-economique","11":"tag-actualites","12":"tag-actualites-paris","13":"tag-bourse","14":"tag-cac-40","15":"tag-chef-dentreprise","16":"tag-concurrence","17":"tag-consommation","18":"tag-controleurs-aeriens","19":"tag-creation-dentreprise","20":"tag-crise","21":"tag-delocalisations","22":"tag-economie","23":"tag-emploi","24":"tag-entreprises","25":"tag-eu","26":"tag-europe","27":"tag-fr","28":"tag-france","29":"tag-grands-patrons","30":"tag-greve","31":"tag-impots","32":"tag-licenciements","33":"tag-monopole","34":"tag-multinationales","35":"tag-news","36":"tag-news-paris","37":"tag-paris","38":"tag-paris-news","39":"tag-privatisation","40":"tag-republique-francaise","41":"tag-unio"},"share_on_mastodon":{"url":"https:\/\/pubeurope.com\/@fr\/114780210714349853","error":""},"_links":{"self":[{"href":"https:\/\/www.europesays.com\/fr\/wp-json\/wp\/v2\/posts\/219156","targetHints":{"allow":["GET"]}}],"collection":[{"href":"https:\/\/www.europesays.com\/fr\/wp-json\/wp\/v2\/posts"}],"about":[{"href":"https:\/\/www.europesays.com\/fr\/wp-json\/wp\/v2\/types\/post"}],"author":[{"embeddable":true,"href":"https:\/\/www.europesays.com\/fr\/wp-json\/wp\/v2\/users\/2"}],"replies":[{"embeddable":true,"href":"https:\/\/www.europesays.com\/fr\/wp-json\/wp\/v2\/comments?post=219156"}],"version-history":[{"count":0,"href":"https:\/\/www.europesays.com\/fr\/wp-json\/wp\/v2\/posts\/219156\/revisions"}],"wp:featuredmedia":[{"embeddable":true,"href":"https:\/\/www.europesays.com\/fr\/wp-json\/wp\/v2\/media\/219157"}],"wp:attachment":[{"href":"https:\/\/www.europesays.com\/fr\/wp-json\/wp\/v2\/media?parent=219156"}],"wp:term":[{"taxonomy":"category","embeddable":true,"href":"https:\/\/www.europesays.com\/fr\/wp-json\/wp\/v2\/categories?post=219156"},{"taxonomy":"post_tag","embeddable":true,"href":"https:\/\/www.europesays.com\/fr\/wp-json\/wp\/v2\/tags?post=219156"}],"curies":[{"name":"wp","href":"https:\/\/api.w.org\/{rel}","templated":true}]}}