{"id":21916,"date":"2025-04-13T10:19:13","date_gmt":"2025-04-13T10:19:13","guid":{"rendered":"https:\/\/www.europesays.com\/fr\/21916\/"},"modified":"2025-04-13T10:19:13","modified_gmt":"2025-04-13T10:19:13","slug":"les-allies-de-lukraine-annoncent-un-nouveau-plan-daide-de-21-milliards-deuros","status":"publish","type":"post","link":"https:\/\/www.europesays.com\/fr\/21916\/","title":{"rendered":"Les alli\u00e9s de l&rsquo;Ukraine annoncent un nouveau plan d&rsquo;aide de 21 milliards d&rsquo;euros"},"content":{"rendered":"<p><img decoding=\"async\" class=\"c-ad__placeholder__logo\" src=\"https:\/\/www.europesays.com\/fr\/wp-content\/uploads\/2025\/03\/logo-euronews-grey-6-180x22.svg.svg+xml\" width=\"180\" height=\"22\" alt=\"\" loading=\"lazy\"\/>PUBLICIT\u00c9<\/p>\n<p>Les principaux alli\u00e9s internationaux de l&rsquo;Ukraine ont annonc\u00e9 <strong>un nouveau plan de soutien militaire de 21 milliards d&rsquo;euros lors d&rsquo;une r\u00e9union du Groupe de contact pour la d\u00e9fense de l&rsquo;Ukraine (UDCG)<\/strong> qui s&rsquo;est tenue vendredi au si\u00e8ge de l&rsquo;OTAN \u00e0 Bruxelles.<\/p>\n<p>Ce groupe, autrefois dirig\u00e9 exclusivement par les \u00c9tats-Unis et aujourd&rsquo;hui par l&rsquo;Allemagne et le Royaume-Uni, est compos\u00e9 de 51 pays et partenaires.<\/p>\n<p><img decoding=\"async\" src=\"https:\/\/www.europesays.com\/fr\/wp-content\/uploads\/2025\/03\/icon-cross-10x10-grey-6.svg.svg+xml\" width=\"10\" height=\"10\" alt=\"Close advertising\" fetchpriority=\"high\" loading=\"lazy\"\/><\/p>\n<p>Le ministre allemand de la D\u00e9fense, Boris Pistorius, souligne que cette nouvelle annonce &#8211; y compris l&rsquo;engagement de l&rsquo;Allemagne \u00e0 hauteur de 11 milliards d&rsquo;euros jusqu&rsquo;en 2029 &#8211; constitue une augmentation record du financement militaire pour l&rsquo;Ukraine. <\/p>\n<p>Parmi les 21 milliards d&rsquo;euros, <strong>le Royaume-Uni contribue \u00e0 hauteur de 4,5 milliards de livres sterling (environ 5,2 milliards d&rsquo;euros) pour cette ann\u00e9e<\/strong>, soit la contribution la plus \u00e9lev\u00e9e du pays \u00e0 ce jour, selon le ministre britannique de la d\u00e9fense, John Healey.<\/p>\n<p>En marge de la rencontre, le ministre ukrainien de la D\u00e9fense, Roustem Oumierov, a averti que la Russie \u00ab\u00a0augmentait sa production [militaire]\u00a0\u00bb et s&rsquo;est dit \u00ab\u00a0reconnaissant\u00a0\u00bb que l&rsquo;Europe prenne d\u00e9sormais \u00ab\u00a0la t\u00eate de l&rsquo;assistance en mati\u00e8re de s\u00e9curit\u00e9\u00a0\u00bb.<\/p>\n<p>Le secr\u00e9taire d&rsquo;\u00c9tat am\u00e9ricain Pete Hegseth a particip\u00e9 en ligne \u00e0 la r\u00e9union depuis les \u00c9tats-Unis et <strong>Roustem Oumierov a d\u00e9clar\u00e9 aux journalistes que les \u00c9tats-Unis poursuivaient leur assistance militaire \u00e0 son pays<\/strong>.<\/p>\n<p>Le manque de capacit\u00e9s de d\u00e9fense a\u00e9rienne reste un \u00e9norme probl\u00e8me pour l&rsquo;Ukraine, car la Russie a envoy\u00e9 plus de 10 000 bombes planantes en Ukraine depuis le mois de mars.<\/p>\n<p>\u00ab\u00a0La d\u00e9fense a\u00e9rienne est un probl\u00e8me partout dans le monde. Nous faisons tout ce que nous pouvons, aussi vite que nous le pouvons\u00a0\u00bb, a d\u00e9clar\u00e9 Boris Pistorius.<\/p>\n","protected":false},"excerpt":{"rendered":"PUBLICIT\u00c9 Les principaux alli\u00e9s internationaux de l&rsquo;Ukraine ont annonc\u00e9 un nouveau plan de soutien militaire de 21 milliards&hellip;\n","protected":false},"author":2,"featured_media":21917,"comment_status":"","ping_status":"","sticky":false,"template":"","format":"standard","meta":{"footnotes":""},"categories":[5],"tags":[11,8164,1011,27,131,14,8163,12,136,28],"class_list":{"0":"post-21916","1":"post","2":"type-post","3":"status-publish","4":"format-standard","5":"has-post-thumbnail","7":"category-international","8":"tag-actualites","9":"tag-boris-pistorius","10":"tag-fr","11":"tag-france","12":"tag-guerre-en-ukraine","13":"tag-international","14":"tag-john-healey","15":"tag-news","16":"tag-otan","17":"tag-world"},"share_on_mastodon":{"url":"https:\/\/pubeurope.com\/@fr\/114330151392534788","error":""},"_links":{"self":[{"href":"https:\/\/www.europesays.com\/fr\/wp-json\/wp\/v2\/posts\/21916","targetHints":{"allow":["GET"]}}],"collection":[{"href":"https:\/\/www.europesays.com\/fr\/wp-json\/wp\/v2\/posts"}],"about":[{"href":"https:\/\/www.europesays.com\/fr\/wp-json\/wp\/v2\/types\/post"}],"author":[{"embeddable":true,"href":"https:\/\/www.europesays.com\/fr\/wp-json\/wp\/v2\/users\/2"}],"replies":[{"embeddable":true,"href":"https:\/\/www.europesays.com\/fr\/wp-json\/wp\/v2\/comments?post=21916"}],"version-history":[{"count":0,"href":"https:\/\/www.europesays.com\/fr\/wp-json\/wp\/v2\/posts\/21916\/revisions"}],"wp:featuredmedia":[{"embeddable":true,"href":"https:\/\/www.europesays.com\/fr\/wp-json\/wp\/v2\/media\/21917"}],"wp:attachment":[{"href":"https:\/\/www.europesays.com\/fr\/wp-json\/wp\/v2\/media?parent=21916"}],"wp:term":[{"taxonomy":"category","embeddable":true,"href":"https:\/\/www.europesays.com\/fr\/wp-json\/wp\/v2\/categories?post=21916"},{"taxonomy":"post_tag","embeddable":true,"href":"https:\/\/www.europesays.com\/fr\/wp-json\/wp\/v2\/tags?post=21916"}],"curies":[{"name":"wp","href":"https:\/\/api.w.org\/{rel}","templated":true}]}}