{"id":219165,"date":"2025-07-01T22:00:13","date_gmt":"2025-07-01T22:00:13","guid":{"rendered":"https:\/\/www.europesays.com\/fr\/219165\/"},"modified":"2025-07-01T22:00:13","modified_gmt":"2025-07-01T22:00:13","slug":"aux-etats-unis-luniversite-columbia-aurait-ete-victime-dune-fuite-massive-de-donnees-liberation","status":"publish","type":"post","link":"https:\/\/www.europesays.com\/fr\/219165\/","title":{"rendered":"Aux Etats-Unis, l\u2019universit\u00e9 Columbia aurait \u00e9t\u00e9 victime d\u2019une fuite massive de donn\u00e9es \u2013 Lib\u00e9ration"},"content":{"rendered":"<p class=\"sc-ksZaOG ehjQrN text-element\">Il aurait mis plus de deux mois pour s\u2019infiltrer petit \u00e0 petit dans les serveurs de l\u2019\u00e9tablissement, jusqu\u2019\u00e0 atteindre un acc\u00e8s complet. Selon une enqu\u00eate <a href=\"https:\/\/www.bloomberg.com\/news\/articles\/2025-07-01\/columbia-university-applicants-personal-data-stolen-by-hacker?embedded-checkout=true\" target=\"_blank\" rel=\"noopener\" title=\"https:\/\/www.bloomberg.com\/news\/articles\/2025-07-01\/columbia-university-applicants-personal-data-stolen-by-hacker?embedded-checkout=true\">du m\u00e9dia \u00e9conomique Bloomberg<\/a>, un hackeur a massivement vol\u00e9 des donn\u00e9es concernant des millions de candidatures d\u2019\u00e9tudiants (et de candidats) de l\u2019universit\u00e9 Columbia, situ\u00e9e \u00e0 New York, l\u2019une des plus prestigieuses au monde. Le pirate, qui est entr\u00e9 en contact avec le m\u00e9dia am\u00e9ricain, a fourni \u00e0 la r\u00e9daction 1,6 Go de donn\u00e9es (pour un total de 460 Go de donn\u00e9es extraites), qui repr\u00e9sentent au total 2,5 millions de dossiers de candidatures sur plusieurs d\u00e9cennies.<\/p>\n<p class=\"sc-ksZaOG ehjQrN text-element\">Que contiennent les autres donn\u00e9es ? Des num\u00e9ros d\u2019identification d\u00e9livr\u00e9s par l\u2019universit\u00e9, le statut de citoyennet\u00e9 des \u00e9tudiants et candidats, les d\u00e9cisions d\u2019admission, les programmes acad\u00e9miques vis\u00e9s\u2026 Les informations ont \u00e9t\u00e9 authentifi\u00e9es par Bloomberg aupr\u00e8s de huit \u00e9tudiants et anciens \u00e9l\u00e8ves, qui ont postul\u00e9 \u00e0 l\u2019universit\u00e9 entre 2019 et 2024.<\/p>\n<p class=\"sc-ksZaOG ehjQrN text-element\">Pour \u00e9valuer l\u2019amplitude exacte du vol, boucher la faille de s\u00e9curit\u00e9 et d\u00e9terminer qui est \u00e0 l\u2019origine de l\u2019attaque informatique, Columbia a fait appel \u00e0 la soci\u00e9t\u00e9 de cybers\u00e9curit\u00e9 CrowdStrike. Selon cette derni\u00e8re, l\u2019attaque est \u00abtr\u00e8s sophistiqu\u00e9e\u00bb et les motivations du hacker seraient davantage politiques que financi\u00e8res.<\/p>\n<p class=\"sc-ksZaOG ehjQrN text-element\">Aupr\u00e8s de Bloomberg, le pirate affirme en effet avoir voulu v\u00e9rifier si Columbia avait continu\u00e9 ses pratiques de discrimination positive dans ses admissions alors qu\u2019en 2023, la Cour supr\u00eame a interdit ce genre de politique.<\/p>\n","protected":false},"excerpt":{"rendered":"Il aurait mis plus de deux mois pour s\u2019infiltrer petit \u00e0 petit dans les serveurs de l\u2019\u00e9tablissement, jusqu\u2019\u00e0&hellip;\n","protected":false},"author":2,"featured_media":219166,"comment_status":"","ping_status":"","sticky":false,"template":"","format":"standard","meta":{"footnotes":""},"categories":[1589],"tags":[11,16968,1075,73,1866,12,1864,1865,1863,308],"class_list":{"0":"post-219165","1":"post","2":"type-post","3":"status-publish","4":"format-standard","5":"has-post-thumbnail","7":"category-etats-unis","8":"tag-actualites","9":"tag-cybercriminalite","10":"tag-cybersecurite","11":"tag-etats-unis","12":"tag-etats-unis-damerique","13":"tag-news","14":"tag-united-states","15":"tag-united-states-of-america","16":"tag-us","17":"tag-usa"},"share_on_mastodon":{"url":"https:\/\/pubeurope.com\/@fr\/114780230357062347","error":""},"_links":{"self":[{"href":"https:\/\/www.europesays.com\/fr\/wp-json\/wp\/v2\/posts\/219165","targetHints":{"allow":["GET"]}}],"collection":[{"href":"https:\/\/www.europesays.com\/fr\/wp-json\/wp\/v2\/posts"}],"about":[{"href":"https:\/\/www.europesays.com\/fr\/wp-json\/wp\/v2\/types\/post"}],"author":[{"embeddable":true,"href":"https:\/\/www.europesays.com\/fr\/wp-json\/wp\/v2\/users\/2"}],"replies":[{"embeddable":true,"href":"https:\/\/www.europesays.com\/fr\/wp-json\/wp\/v2\/comments?post=219165"}],"version-history":[{"count":0,"href":"https:\/\/www.europesays.com\/fr\/wp-json\/wp\/v2\/posts\/219165\/revisions"}],"wp:featuredmedia":[{"embeddable":true,"href":"https:\/\/www.europesays.com\/fr\/wp-json\/wp\/v2\/media\/219166"}],"wp:attachment":[{"href":"https:\/\/www.europesays.com\/fr\/wp-json\/wp\/v2\/media?parent=219165"}],"wp:term":[{"taxonomy":"category","embeddable":true,"href":"https:\/\/www.europesays.com\/fr\/wp-json\/wp\/v2\/categories?post=219165"},{"taxonomy":"post_tag","embeddable":true,"href":"https:\/\/www.europesays.com\/fr\/wp-json\/wp\/v2\/tags?post=219165"}],"curies":[{"name":"wp","href":"https:\/\/api.w.org\/{rel}","templated":true}]}}