{"id":219169,"date":"2025-07-01T22:02:09","date_gmt":"2025-07-01T22:02:09","guid":{"rendered":"https:\/\/www.europesays.com\/fr\/219169\/"},"modified":"2025-07-01T22:02:09","modified_gmt":"2025-07-01T22:02:09","slug":"premieres-dissensions-dans-le-gouvernement-allemand-sur-la-facture-delectricite","status":"publish","type":"post","link":"https:\/\/www.europesays.com\/fr\/219169\/","title":{"rendered":"premi\u00e8res dissensions dans le gouvernement allemand sur la facture d\u2019\u00e9lectricit\u00e9"},"content":{"rendered":"<p><strong>D\u00c9CRYPTAGE &#8211;<\/strong> Une semaine apr\u00e8s s\u2019\u00eatre f\u00e9licit\u00e9 d\u2019avoir contract\u00e9 un record de nouvelles dettes, le gouvernement Merz rechigne \u00e0 abaisser l\u2019imp\u00f4t \u00e9nergie des particuliers.<\/p>\n<p class=\"fig-paragraph\">C\u2019est une simple affaire de 70\u00a0euros par an mais qui permet \u00e0 un m\u00e9nage de deux personnes de regarder la t\u00e9l\u00e9vision l\u2019\u00e9quivalent de cinq heures par jour pendant un an et, avec deux enfants en plus, moyennant 93\u00a0euros de subventions, de cuisiner un g\u00e2teau tous les deux jours. Cette somme, et son budget aff\u00e9rent, est au c\u0153ur des premi\u00e8res dissensions agitant<a href=\"http:\/\/www.lefigaro.fr\/international\/rearmement-israel-russie-merz-bouscule-la-diplomatie-allemande-20250604\" target=\"_blank\" data-fig-type=\"Article\" rel=\"noopener\" data-gtm-custom-categorie=\"navigation\" data-gtm-custom-action=\"crossclick\" data-gtm-custom-label=\"Contextuel\" data-gtm-event=\"customEventSPE\" data-fig-domain=\"LEFIGARO\">\u00a0le gouvernement Merz<\/a>\u00a0et de la prochaine r\u00e9union hebdomadaire du Conseil des ministres, mercredi 2\u00a0juillet.<\/p>\n<p class=\"fig-paragraph\">Selon l\u2019institut Verivox, l\u2019Allemagne est le pays qui, parmi ses homologues du G20, taxe le plus\u00a0<a href=\"https:\/\/www.lefigaro.fr\/conjoncture\/electricite-l-allemagne-prete-a-bousculer-les-regles-europeennes-pour-soutenir-son-industrie-20231029\" target=\"_blank\" data-fig-type=\"Article\" rel=\"noopener\" data-gtm-custom-categorie=\"navigation\" data-gtm-custom-action=\"crossclick\" data-gtm-custom-label=\"Contextuel\" data-gtm-event=\"customEventSPE\" data-fig-domain=\"LEFIGARO\">la consommation d\u2019\u00e9lectricit\u00e9<\/a>\u00a0des particuliers, soit quelque 38 centimes par kilowattheure (la France est \u00e0 la quatri\u00e8me place, avec 23,6\u00a0centimes). Dans son contrat de gouvernance conclu au printemps, la nouvelle coalition r\u00e9unissant conservateurs de la CDU et socio-d\u00e9mocrates du SPD s\u2019\u00e9tait fait fort de r\u00e9duire la pression fiscale \u00e9nerg\u00e9tique. D\u2019autant que l\u2019argent, outre-Rhin, est appel\u00e9 \u00e0 couler \u00e0 flots. Pour la seule ann\u00e9e 2025, le\u2026<\/p>\n<p class=\"fig-premium-paywall__infos\">\n        Cet article est r\u00e9serv\u00e9 aux abonn\u00e9s.        Il vous reste 71% \u00e0 d\u00e9couvrir.\n    <\/p>\n<p>                <img  data- alt=\"Le Figaro\" class=\"fig-img--complete fig-img\"\/><\/p>\n<p class=\"fig-premium-paywall__title\">Vous avez envie de lire la suite ?<\/p>\n<p class=\"fig-premium-paywall__subtitle\">D\u00e9bloquez tous les articles imm\u00e9diatement.<\/p>\n<p class=\"fig-premium-paywall__connect\">\n                D\u00e9j\u00e0 abonn\u00e9\u00a0?                <a class=\"fig-premium-paywall__connect-link\" href=\"https:\/\/connect.lefigaro.fr\/login?client=horizon_web&amp;type=main&amp;redirect_uri=https%3A%2F%2Fwww.lefigaro.fr%2Fconjoncture%2Fc-est-la-prochaine-generation-qui-devra-payer-premieres-dissensions-dans-le-gouvernement-allemand-sur-la-facture-d-electricite-20250701\" data-js-gtm=\"{&quot;customCategorie&quot;: &quot;conversion&quot;, &quot;customAction&quot;: &quot;before_Landing_Connexion_paywall_auto&quot;, &quot;customLabel&quot;: &quot;bGVmaWdhcm8uZnJfXzFmMDU2OTFkLTg1ZmItNmJmMC05ZDk0LWIxZTc2NDQ3NTNkOF9fQXJ0aWNsZQ==_\u00abC\u2019est la prochaine g\u00e9n\u00e9ration qui devra payer\u00bb: premi\u00e8res dissensions dans le gouvernement allemand sur la facture d\u2019\u00e9lectricit\u00e9_535&quot;, &quot;customIDSPE&quot;: &quot;bGVmaWdhcm8uZnJfXzFmMDU2OTFkLTg1ZmItNmJmMC05ZDk0LWIxZTc2NDQ3NTNkOF9fQXJ0aWNsZQ==&quot;, &quot;event&quot;: &quot;customEventSPE&quot;}\" target=\"_blank\" rel=\"noopener\"><br \/>\n                    Connectez-vous<br \/>\n                <\/a>\n            <\/p>\n","protected":false},"excerpt":{"rendered":"D\u00c9CRYPTAGE &#8211; Une semaine apr\u00e8s s\u2019\u00eatre f\u00e9licit\u00e9 d\u2019avoir contract\u00e9 un record de nouvelles dettes, le gouvernement Merz rechigne&hellip;\n","protected":false},"author":2,"featured_media":219170,"comment_status":"","ping_status":"","sticky":false,"template":"","format":"standard","meta":{"footnotes":""},"categories":[1587],"tags":[339,11,672,340,1003,1804,343,345,350,130,344,352,1805,349,6327,1803,33,341,313,1777,674,4710,1801,346,342,353,351,347,12,348,1802,354],"class_list":{"0":"post-219169","1":"post","2":"type-post","3":"status-publish","4":"format-standard","5":"has-post-thumbnail","7":"category-allemagne","8":"tag-actualite-economique","9":"tag-actualites","10":"tag-allemagne","11":"tag-bourse","12":"tag-budget","13":"tag-bundesrepublik-deutschland","14":"tag-cac-40","15":"tag-chef-dentreprise","16":"tag-concurrence","17":"tag-consommation","18":"tag-creation-dentreprise","19":"tag-crise","20":"tag-de","21":"tag-delocalisations","22":"tag-dette","23":"tag-deutschland","24":"tag-economie","25":"tag-emploi","26":"tag-entreprises","27":"tag-eu","28":"tag-europe","29":"tag-friedrich-merz","30":"tag-germany","31":"tag-grands-patrons","32":"tag-impots","33":"tag-licenciements","34":"tag-monopole","35":"tag-multinationales","36":"tag-news","37":"tag-privatisation","38":"tag-republique-federale-dallemagne","39":"tag-unio"},"share_on_mastodon":{"url":"","error":"Validation failed: Text character limit of 500 exceeded"},"_links":{"self":[{"href":"https:\/\/www.europesays.com\/fr\/wp-json\/wp\/v2\/posts\/219169","targetHints":{"allow":["GET"]}}],"collection":[{"href":"https:\/\/www.europesays.com\/fr\/wp-json\/wp\/v2\/posts"}],"about":[{"href":"https:\/\/www.europesays.com\/fr\/wp-json\/wp\/v2\/types\/post"}],"author":[{"embeddable":true,"href":"https:\/\/www.europesays.com\/fr\/wp-json\/wp\/v2\/users\/2"}],"replies":[{"embeddable":true,"href":"https:\/\/www.europesays.com\/fr\/wp-json\/wp\/v2\/comments?post=219169"}],"version-history":[{"count":0,"href":"https:\/\/www.europesays.com\/fr\/wp-json\/wp\/v2\/posts\/219169\/revisions"}],"wp:featuredmedia":[{"embeddable":true,"href":"https:\/\/www.europesays.com\/fr\/wp-json\/wp\/v2\/media\/219170"}],"wp:attachment":[{"href":"https:\/\/www.europesays.com\/fr\/wp-json\/wp\/v2\/media?parent=219169"}],"wp:term":[{"taxonomy":"category","embeddable":true,"href":"https:\/\/www.europesays.com\/fr\/wp-json\/wp\/v2\/categories?post=219169"},{"taxonomy":"post_tag","embeddable":true,"href":"https:\/\/www.europesays.com\/fr\/wp-json\/wp\/v2\/tags?post=219169"}],"curies":[{"name":"wp","href":"https:\/\/api.w.org\/{rel}","templated":true}]}}