{"id":219182,"date":"2025-07-01T22:09:24","date_gmt":"2025-07-01T22:09:24","guid":{"rendered":"https:\/\/www.europesays.com\/fr\/219182\/"},"modified":"2025-07-01T22:09:24","modified_gmt":"2025-07-01T22:09:24","slug":"les-bleus-surclassent-lukraine-en-ligue-des-nations-lequipe","status":"publish","type":"post","link":"https:\/\/www.europesays.com\/fr\/219182\/","title":{"rendered":"Les Bleus surclassent l&#039;Ukraine en Ligue des Nations &#8211; L&#039;\u00c9quipe"},"content":{"rendered":"<ol>\n<li><a href=\"https:\/\/news.google.com\/rss\/articles\/CBMiqgFBVV95cUxOdnBNSGUzcTFjMDdjLWYtUVFSNzcxRXB5VFAzN3BKUFFZVVEzckRBOFJsWjgydUJSWWFibTFqWS1kV3Q3cVJwcjY1VHprWnFJNWJOclQzVXZhVVVlYWhPYTNYRThocl9QTHo0MFhVVXlHRE5yUUZLNXNKMWp5bFB6MWU1dndQckZ1d0VDWlFRenNHSmNJNXZybWlNY3Q1NHo2TjNlR0haUk81Zw?oc=5\" target=\"_blank\" rel=\"nofollow noopener\">Les Bleus surclassent l&rsquo;Ukraine en Ligue des Nations<\/a>&nbsp;&nbsp;L&rsquo;\u00c9quipe<\/li>\n<li><a href=\"https:\/\/news.google.com\/rss\/articles\/CBMi7wFBVV95cUxNS0NkZU9sVFlkODg4SjhpdWNBWno4aE5uV2t5ZTBDNm5US0gzZ21LakN1TGtKd2RuUl9LdDZlUFBNelU3UXZVcnd3UG9CVnJpYk9nX2NSM3NwT0VuRFJ2eVlfY3lRRkJrb2VWQlJicWYtaGlwbTE0dlVablNWd1Q1Tk5ldXp3T05QQzZmOEpuUFdxNnNrTnE4cV8ySE81Um9Zc044SWVUQnBLMk9FNlhVU25UdzdPRGszaW9NZ092ZzFjZ2Y4VnBOdzhMTmpkUnBLRUd4NjZ3aWppSEdUaFUzVEZ1Q1h4dUlJS0FBakM4VQ?oc=5\" target=\"_blank\" rel=\"nofollow noopener\">L&rsquo;\u00e9quipe de France ne tremble pas contre la Turquie pour finir la deuxi\u00e8me \u00e9tape de la Ligue des nations<\/a>&nbsp;&nbsp;L&rsquo;\u00c9quipe<\/li>\n<li><a href=\"https:\/\/news.google.com\/rss\/articles\/CBMihwJBVV95cUxQZ080RS1jdUVHSHp0bl9JWG0wbzhpYkM4cVMzTmU3R2ZnY0lwdVl2SFRJQi03cDBWYXN3UTNleGFOUE9NanhNbzFzbU9KenQtaXBqSXA0QTZnR2Z5ZnNNY3pQWDZNOEZLT1dIT1BPSkJCUXBvcThrRFhpbFo4UThQTHdOQ1BrSjFZcjhOYVpSdndPc1B4R3FlTDdHMndIamxkWW85WUprZl8zOGRRRlpRTjluVFhHSTk5TGlzMjNZU3NRTXNxNTdJbkVxSFRsenpNekczRTcwSmd5cFBkQ255VHA5RXdMWXV5R2toWG95WTNuZjRCQ1BhalR0cVl5TGNpd3VlTVJidw?oc=5\" target=\"_blank\" rel=\"nofollow noopener\">Les Bleus bien lanc\u00e9s vers le Final 8 apr\u00e8s leur victoire contre la Turquie<\/a>&nbsp;&nbsp;Eurosport<\/li>\n<li><a href=\"https:\/\/news.google.com\/rss\/articles\/CBMiywFBVV95cUxOemhDNEt6d21seWJXWkl2QjVvXzZPSVFZQWV2ZXR4MmZMVXlhLVg0YzQ4UVVIR1VfdS1mdmdKa2FYOFZucWRSbGw3N3NCenY5VHBUMFpYREtQSEJhY08tQmtfN0NUeGhDVzJrMDlYUG4tZjNXbkRNYllPWnludWZybV81VEFEQUpxMDRieUtQNVJQamtiZ1kwNUh0ZmxlVU10bUV6VEtNX0wxZ182Q0g1UVpNTndaS0JvNU1DUENGYTBEV0d2QURxR1A1bw?oc=5\" target=\"_blank\" rel=\"nofollow noopener\">Volley : vainqueur de la Turquie en Ligue des nations, les Bleus vers le Final 8<\/a>&nbsp;&nbsp;Le Figaro<\/li>\n<li><a href=\"https:\/\/news.google.com\/rss\/articles\/CBMiwwFBVV95cUxOSy1KR2FPbXVMT3lObEViZVhoY0Vjc3Vvck1WNERKdHVrS2hDRkw0T1hlVFU4VUlqaW9rSDA5alBiQy1Xcnk4S1hlUW1JVGlrMGtPcUR1S1pjSXVrMmc0d1NDdGZyZFVtZVJlTHZzRU5DYzlhMXRVc2FsSV9LVjRiSDRYWmV4WmRhdkhQODRTeEV2YkhwanB4c2FLUUx5RmNMRFQzNS1NNFVzMU1SRTE2U0RsS2p1Zl9OVVZwM1lmdktvUFE?oc=5\" target=\"_blank\" rel=\"nofollow noopener\">Le replay de France &#8211; Turquie &#8211; Volley &#8211; Ligue des Nations<\/a>&nbsp;&nbsp;Orange Actualit\u00e9s | Sports<\/li>\n<\/ol>\n","protected":false},"excerpt":{"rendered":"Les Bleus surclassent l&rsquo;Ukraine en Ligue des Nations&nbsp;&nbsp;L&rsquo;\u00c9quipe L&rsquo;\u00e9quipe de France ne tremble pas contre la Turquie pour&hellip;\n","protected":false},"author":2,"featured_media":219183,"comment_status":"","ping_status":"","sticky":false,"template":"","format":"standard","meta":{"footnotes":""},"categories":[1417],"tags":[1011,27,60,1470,1469],"class_list":{"0":"post-219182","1":"post","2":"type-post","3":"status-publish","4":"format-standard","5":"has-post-thumbnail","7":"category-volley","8":"tag-fr","9":"tag-france","10":"tag-sports","11":"tag-volley","12":"tag-volleyball"},"share_on_mastodon":{"url":"https:\/\/pubeurope.com\/@fr\/114780265684591985","error":""},"_links":{"self":[{"href":"https:\/\/www.europesays.com\/fr\/wp-json\/wp\/v2\/posts\/219182","targetHints":{"allow":["GET"]}}],"collection":[{"href":"https:\/\/www.europesays.com\/fr\/wp-json\/wp\/v2\/posts"}],"about":[{"href":"https:\/\/www.europesays.com\/fr\/wp-json\/wp\/v2\/types\/post"}],"author":[{"embeddable":true,"href":"https:\/\/www.europesays.com\/fr\/wp-json\/wp\/v2\/users\/2"}],"replies":[{"embeddable":true,"href":"https:\/\/www.europesays.com\/fr\/wp-json\/wp\/v2\/comments?post=219182"}],"version-history":[{"count":0,"href":"https:\/\/www.europesays.com\/fr\/wp-json\/wp\/v2\/posts\/219182\/revisions"}],"wp:featuredmedia":[{"embeddable":true,"href":"https:\/\/www.europesays.com\/fr\/wp-json\/wp\/v2\/media\/219183"}],"wp:attachment":[{"href":"https:\/\/www.europesays.com\/fr\/wp-json\/wp\/v2\/media?parent=219182"}],"wp:term":[{"taxonomy":"category","embeddable":true,"href":"https:\/\/www.europesays.com\/fr\/wp-json\/wp\/v2\/categories?post=219182"},{"taxonomy":"post_tag","embeddable":true,"href":"https:\/\/www.europesays.com\/fr\/wp-json\/wp\/v2\/tags?post=219182"}],"curies":[{"name":"wp","href":"https:\/\/api.w.org\/{rel}","templated":true}]}}