{"id":219184,"date":"2025-07-01T22:10:13","date_gmt":"2025-07-01T22:10:13","guid":{"rendered":"https:\/\/www.europesays.com\/fr\/219184\/"},"modified":"2025-07-01T22:10:13","modified_gmt":"2025-07-01T22:10:13","slug":"top-14-historique-a-plus-dun-titre-malgre-la-deception-la-saison-de-lubb-est-reussie","status":"publish","type":"post","link":"https:\/\/www.europesays.com\/fr\/219184\/","title":{"rendered":"Top 14 &#8211; \u00ab\u00a0Historique, \u00e0 plus d\u2019un titre\u00a0\u00bb, malgr\u00e9 la d\u00e9ception, la saison de l&rsquo;UBB est r\u00e9ussie"},"content":{"rendered":"<p>\n                Malgr\u00e9 sa d\u00e9faite en finale de Top 14, l\u2019Union Bordeaux-B\u00e8gles a r\u00e9ussi une saison exceptionnelle avec un sacre en champions cup et une nouvelle finale de Top 14, apr\u00e8s avoir pass\u00e9 vingt-trois journ\u00e9es aux deux premi\u00e8res places du classement.\n            <\/p>\n<p>La d\u00e9faite est toujours douloureuse, souvent cruelle. Celle de l\u2019Union Bordeaux-B\u00e8gles en finale de Top 14, au bout d\u2019une saison aussi longue qu\u2019incroyable, est de celle qui d\u00e9vaste un comp\u00e9titeur. Il suffisait de regarder le visage de Romain Buros, hagard au moment de se refaire le fil d\u2019une ultime soir\u00e9e de juin, point d\u2019orgue d\u2019un palpitant d\u2019un Top 14 qui s\u2019est termin\u00e9 au bout de la nuit et de la prolongation d\u2019une finale torride. \u00ab\u00a0C\u2019est difficile de se dire que \u00e7a a \u00e9t\u00e9 une belle saison. Je pense qu\u2019il va nous falloir une ou deux semaines pour dig\u00e9rer cette d\u00e9faite en finale\u00a0\u00bb, soufflait l\u2019arri\u00e8re de l\u2019UBB, incapable de souffler le chaud apr\u00e8s ce dernier coup de froid.<\/p>\n<p>Le manager de l\u2019Union Bordeaux-B\u00e8gles, Yannick Bru, parvenait \u00e0 avoir plus de recul sur cette ann\u00e9e folle et m\u00eame historique pour le club girondin, vainqueur de la Champions Cup, premier troph\u00e9e \u00e0 exposer dans les couloirs du Ceva Campus : \u00ab\u00a0C\u2019est une belle saison, c\u2019est ce qui me fait dire que je suis d\u00e9\u00e7u, mais pas d\u00e9vast\u00e9. Parce que le premier de la phase r\u00e9guli\u00e8re du championnat est sacr\u00e9 champion, donc la logique est respect\u00e9e. On fait quand m\u00eame un beau second. C\u2019est surtout aussi, je l\u2019ai souvent dit, le cheminement qu\u2019on a emprunt\u00e9 qui est int\u00e9ressant, parce que dans la vie, quand on prend des gamelles, il faut se relever, discuter, comprendre pourquoi on a pris ces gamelles. L\u2019ann\u00e9e qu\u2019on a v\u00e9cue avec les joueurs, elle \u00e9tait quand m\u00eame assez incroyable sur le plan de l\u2019harmonie.\u00a0\u00bb C\u2019est effectivement un chemin incroyable parcouru par l\u2019Union Bordeaux-B\u00e8gles depuis la reprise au mois d\u2019ao\u00fbt, alors que l\u2019on pensait les Girondins alourdis d\u2019un boulet de 59 kg \u00e0 leurs pieds. Ce poids de l\u2019humiliation subie \u00e0 Marseille au mois de juin 2024 \u00e9tait alors sur toutes les l\u00e8vres, dans tous les esprits. Comment les Bordelais pouvaient-ils se remettre d\u2019une telle gifle pour la premi\u00e8re finale de championnat de leur histoire ? La r\u00e9ponse a \u00e9t\u00e9 claire, forte, rapide. Pour leur premi\u00e8re sortie officielle, Maxime Lucu et ses partenaires infligeaient une racl\u00e9e au Stade fran\u00e7ais dans un Chaban-Delmas en effervescence. La revanche de la derni\u00e8re demi-finale du Top 14, ind\u00e9cise jusqu\u2019\u00e0 un dernier coup de pied rat\u00e9 parisien apr\u00e8s la sir\u00e8ne, virait deux mois plus tard \u00e0 la d\u00e9monstration.<\/p>\n<p>Toulouse, les yeux dans les yeux<\/p>\n<p>L\u2019Union Bordeaux-B\u00e8gles s\u2019\u00e9tait relev\u00e9e de mani\u00e8re fulgurante, apr\u00e8s une th\u00e9rapie express effectu\u00e9e au mois d\u2019ao\u00fbt. \u00ab\u00a0On voulait montrer que nous \u00e9tions concentr\u00e9s sur cette nouvelle saison, avouait Louis Bielle-Biarrey avant un d\u00e9placement \u00e0 Toulouse, lors de la 4e journ\u00e9e pour des retrouvailles tant attendues. Nous voulions partir fort. Dans le secteur offensif, nous nous sommes vite retrouv\u00e9s, mais dans le secteur d\u00e9fensif, c\u2019est un peu plus ambigu donc c\u2019est pour \u00e7a que ce match \u00e0 Toulouse va nous donner une id\u00e9e de notre niveau g\u00e9n\u00e9ral.\u00a0\u00bb Quelques jours apr\u00e8s, l\u2019Union s\u2019imposait pour la premi\u00e8re fois de son histoire \u00e0 Ernest-Wallon. Les Bordelais montraient qu\u2019ils n\u2019allaient pas baisser les yeux devant leur ancien bourreau. Sensation confirm\u00e9e lors du match retour disput\u00e9 au Matmut Atlantique \u00e0 la sortie du Tournoi des 6 Nations. Il ne manquait plus qu\u2019un plafond de verre \u00e0 faire exploser. Battre le Stade toulousain pour la premi\u00e8re fois dans un match \u00e0 \u00e9limination directe. Le rendez-vous \u00e9tait fix\u00e9 en demi-finale de Champions Cup, le 4 mai dernier, toujours au Matmut Atlantique. Bordeaux faisait chuter le champion en titre, avec autorit\u00e9 et la mani\u00e8re. \u00ab\u00a0Les joueurs avaient d\u00e9cid\u00e9 de croire en eux et de faire mieux que l\u2019ann\u00e9e derni\u00e8re face \u00e0 cet adversaire, savourait Yannick Bru. Je suis tr\u00e8s fier. C\u2019est une \u00e9tape suppl\u00e9mentaire dans notre construction [\u2026] Bravo aux leaders car nous avons senti que nous \u00e9tions forts mentalement m\u00eame quand le bateau tanguait.\u00a0\u00bb<\/p>\n<p>Les Girondins n\u2019ont pas attendu ce jour-l\u00e0 pour d\u00e9montrer cette nouvelle force de caract\u00e8re, cette r\u00e9silience n\u00e9e dans les entrailles du V\u00e9lodrome de Marseille. C\u2019est dans la folie bretonne, le froid irlandais, le brouillard tarnais d\u2019un soir de d\u00e9cembre, le pi\u00e8ge palois du printemps que l\u2019Union Bordeaux-B\u00e8gles se m\u00e9tamorphosait pour s\u2019endurcir, pour \u00e9prouver sa profondeur d\u2019effectif et \u00eatre mieux arm\u00e9e au printemps, comme le reconnaissait le deuxi\u00e8me ligne Cyril Cazeaux avant d\u2019attaquer la phase finale de la Champions Cup : \u00ab\u00a0Ce qui est g\u00e9nial, c\u2019est que quand tu es dans ce groupe, tu sais que tu peux gagner tous les matchs et renverser toutes les situations. On l\u2019a vu \u00e0 Vannes en premi\u00e8re partie de saison, avec un sc\u00e9nario de fou. Ce match-l\u00e0 est un bon souvenir mais il n\u2019est pas le seul. Sur beaucoup de rencontres \u00e0 l\u2019ext\u00e9rieur, nous avons fait une premi\u00e8re p\u00e9riode pas terrible. Mais \u00e0 chaque fois, nous avons r\u00e9ussi \u00e0 mettre \u00e0 mal les \u00e9quipes sur les trente derni\u00e8res minutes. Nous avons cet \u00e9tat d\u2019esprit : celui de ne rien l\u00e2cher.\u00a0\u00bb<\/p>\n<p>La meilleure saison de Jalibert<\/p>\n<p>Plus personne d\u2019ailleurs ne se souvient que l\u2019Union Bordeaux-B\u00e8gles avait souffert lors du coup d\u2019envoi de sa premi\u00e8re finale de Champions Cup \u00e0 Cardiff, encaissant un essai d\u00e8s la deuxi\u00e8me minute de jeu. Une entame qui aurait pu couper les jambes et embrouiller les t\u00eates bordelaises. Il n\u2019en fut rien. Bien au contraire, pour un premier sacre historique, f\u00eat\u00e9 comme il se doit dans les rues bordelaises et place des Quinconces. Au moment de dresser un premier bilan dans les coursives du Stade de France, Yannick Bru soulignait cette maturit\u00e9 nouvelle pour faire face \u00e0 presque tous les \u00e9v\u00e9nements : \u00ab\u00a0L\u2019\u00e9quipe a grandi, elle a grandi sur le leadership, elle a grandi dans plein de secteurs, on les a \u00e9voqu\u00e9s souvent. On n\u2019a pas perdu notre temps cette saison. On s\u2019est pass\u00e9 le t\u00e9moin au sein de l\u2019effectif avec beaucoup de succ\u00e8s, pour le bien commun.\u00a0\u00bb Maxime Lucu, g\u00e9n\u00e9ral en chef, est maintenant \u00e9paul\u00e9 par une garde rapproch\u00e9e compos\u00e9e de Bastien Vergnes-Taillefer, Jefferson Poirot, Maxime Lamothe, Nicolas Depoortere et Romain Buros. Cyril Cazeaux, auteur d\u2019une saison incroyable, et Yoram Moefana, \u00e9mancip\u00e9 depuis sa prise de pouvoir logique en Bleu, ne sont pas non plus tr\u00e8s loin.<\/p>\n<p>Au c\u0153ur de ce collectif plus affirm\u00e9, plus fort au niveau du leadership, des individualit\u00e9s ont aussi \u00e9merg\u00e9, confirm\u00e9, excell\u00e9. Guido Petti et Pete Samu ont \u00e9t\u00e9 les grands artisans du printemps europ\u00e9ens. Sans surprise, ils ont aussi \u00e9t\u00e9 \u00e0 l\u2019origine de la r\u00e9volte de l\u2019UBB en finale de Top 14 pour arracher une prolongation. Et puis que dire de la charni\u00e8re, avec un Maxime Lucu au sommet de son art et enfin salu\u00e9 au niveau international, associ\u00e9 \u00e0 un Matthieu Jalibert qui a r\u00e9alis\u00e9 la meilleure saison de sa carri\u00e8re, m\u00eame s\u2019il n\u2019a pas r\u00e9ussi \u00e0 r\u00e9\u00e9diter sa performance de Cardiff au Stade de France. \u00ab\u00a0Il a entam\u00e9 un travail sur lui qui est important, a ainsi reconnu \u00e0 plusieurs reprises Yannick Bru. Un travail sur le leadership, sur l\u2019autorit\u00e9 qu\u2019il a sur le groupe, avec cette capacit\u00e9 \u00e0 \u00eatre un vrai bon guide pour l\u2019\u00e9quipe.\u00a0\u00bb Le patron sportif avait insist\u00e9 dans les couloirs du Principality Stadium alors que son ouvreur venait de r\u00e9aliser une performance dont on se souviendra pendant longtemps : \u00ab\u00a0C\u2019est un Matthieu gagneur qui fait passer le groupe avant lui. Je pense qu\u2019il a franchi un cap depuis plusieurs semaines en mettant les choses dans l\u2019ordre, dans sa pr\u00e9paration et son entra\u00eenement.\u00a0\u00bb Il y a fort \u00e0 parier que son ascension n\u2019est pas termin\u00e9e, tout comme celle de l\u2019Union Bordeaux-B\u00e8gles, qui vient de disputer trois finales en douze mois.<\/p>\n","protected":false},"excerpt":{"rendered":"Malgr\u00e9 sa d\u00e9faite en finale de Top 14, l\u2019Union Bordeaux-B\u00e8gles a r\u00e9ussi une saison exceptionnelle avec un sacre&hellip;\n","protected":false},"author":2,"featured_media":219185,"comment_status":"","ping_status":"","sticky":false,"template":"","format":"standard","meta":{"footnotes":""},"categories":[1416],"tags":[1011,27,479,1468,60],"class_list":{"0":"post-219184","1":"post","2":"type-post","3":"status-publish","4":"format-standard","5":"has-post-thumbnail","7":"category-rugby","8":"tag-fr","9":"tag-france","10":"tag-rugby","11":"tag-rugby-football","12":"tag-sports"},"share_on_mastodon":{"url":"https:\/\/pubeurope.com\/@fr\/114780269701828818","error":""},"_links":{"self":[{"href":"https:\/\/www.europesays.com\/fr\/wp-json\/wp\/v2\/posts\/219184","targetHints":{"allow":["GET"]}}],"collection":[{"href":"https:\/\/www.europesays.com\/fr\/wp-json\/wp\/v2\/posts"}],"about":[{"href":"https:\/\/www.europesays.com\/fr\/wp-json\/wp\/v2\/types\/post"}],"author":[{"embeddable":true,"href":"https:\/\/www.europesays.com\/fr\/wp-json\/wp\/v2\/users\/2"}],"replies":[{"embeddable":true,"href":"https:\/\/www.europesays.com\/fr\/wp-json\/wp\/v2\/comments?post=219184"}],"version-history":[{"count":0,"href":"https:\/\/www.europesays.com\/fr\/wp-json\/wp\/v2\/posts\/219184\/revisions"}],"wp:featuredmedia":[{"embeddable":true,"href":"https:\/\/www.europesays.com\/fr\/wp-json\/wp\/v2\/media\/219185"}],"wp:attachment":[{"href":"https:\/\/www.europesays.com\/fr\/wp-json\/wp\/v2\/media?parent=219184"}],"wp:term":[{"taxonomy":"category","embeddable":true,"href":"https:\/\/www.europesays.com\/fr\/wp-json\/wp\/v2\/categories?post=219184"},{"taxonomy":"post_tag","embeddable":true,"href":"https:\/\/www.europesays.com\/fr\/wp-json\/wp\/v2\/tags?post=219184"}],"curies":[{"name":"wp","href":"https:\/\/api.w.org\/{rel}","templated":true}]}}