{"id":219188,"date":"2025-07-01T22:13:14","date_gmt":"2025-07-01T22:13:14","guid":{"rendered":"https:\/\/www.europesays.com\/fr\/219188\/"},"modified":"2025-07-01T22:13:14","modified_gmt":"2025-07-01T22:13:14","slug":"maverick-vinales-confronte-des-problemes-de-pneus-la-lutte-pour-le-pouvoir-stoppe-le-triomphe-a-assen","status":"publish","type":"post","link":"https:\/\/www.europesays.com\/fr\/219188\/","title":{"rendered":"Maverick Vinales confronte des probl\u00e8mes de pneus : La lutte pour le pouvoir stoppe le triomphe \u00e0 Assen."},"content":{"rendered":"<p>Maverick Vinales fait face \u00e0 un cauchemar de grip des pneus lors du duel MotoGP d\u2019Assen  <\/p>\n<p>Dans un tournant choquant des \u00e9v\u00e9nements, Maverick Vinales a rencontr\u00e9 un revers majeur lors du MotoGP n\u00e9erlandais \u00e0 Assen, subissant une chute significative de grip \u00e0 l\u2019arri\u00e8re pour la premi\u00e8re fois de sa carri\u00e8re chez KTM. Malgr\u00e9 une impressionnante remont\u00e9e de la dixi\u00e8me \u00e0 la cinqui\u00e8me place, Vinales n\u2019a pas pu suivre le rythme de la concurrence en raison de probl\u00e8mes de pneus, devant finalement se contenter de cette position.  <\/p>\n<p>Exprimant ses \u00e9motions mitig\u00e9es, Vinales a partag\u00e9 : \u00ab Je suis plut\u00f4t heureux, \u00e9videmment j\u2019ai encore beaucoup \u00e0 apprendre avec la moto. J\u2019avais un tr\u00e8s bon rythme du tour 10 au tour 17. Je pouvais rouler assez vite. Je pouvais voir que les gars devant ne s\u2019\u00e9loignaient pas vraiment. Puis j\u2019ai eu une chute massive \u00e0 l\u2019arri\u00e8re. Donc je ne pouvais vraiment plus pousser. \u00bb  <\/p>\n<p>La perte de grip inattendue a laiss\u00e9 Vinales stup\u00e9fait, alors qu\u2019il luttait avec la puissance de la moto et les d\u00e9fis qu\u2019elle pr\u00e9sentait sur le difficile circuit d\u2019Assen. En r\u00e9fl\u00e9chissant \u00e0 la course, Vinales a exprim\u00e9 la n\u00e9cessit\u00e9 d\u2019une approche plus prudente pour \u00e9viter des probl\u00e8mes similaires \u00e0 l\u2019avenir, reconnaissant son processus d\u2019apprentissage continu avec la nouvelle moto.  <\/p>\n<p>Alors que Vinales avait des difficult\u00e9s avec le grip des pneus, il n\u2019a heureusement pas rencontr\u00e9 de probl\u00e8mes de vibration durant la course, un tournant surprenant compte tenu des d\u00e9fis habituels sur le circuit d\u2019Assen. Malgr\u00e9 les revers, Vinales reste optimiste quant \u00e0 son potentiel avec KTM, soulignant l\u2019importance d\u2019am\u00e9liorer ses performances lors des s\u00e9ances de qualification pour s\u00e9curiser de meilleures positions de d\u00e9part.  <\/p>\n<p>Dans une qu\u00eate de gloire, Vinales a exprim\u00e9 sa soif de podiums et de victoires, reconnaissant la n\u00e9cessit\u00e9 d\u2019une am\u00e9lioration continue et de patience dans son adaptation \u00e0 la nouvelle moto. Alors que Vinales et son co\u00e9quipier Pedro Acosta s\u2019efforcent de r\u00e9ussir dans le classement du championnat du monde MotoGP, la pression est forte pour livrer des performances plus solides lors des prochaines \u00e9preuves.<\/p>\n<p>Avec Vinales actuellement en dixi\u00e8me position et Acosta en huiti\u00e8me dans le classement du championnat, l\u2019\u00e9quipe KTM fait face \u00e0 une comp\u00e9tition f\u00e9roce alors qu\u2019elle se dirige vers un avenir plus prometteur dans le monde de MotoGP. Restez \u00e0 l\u2019\u00e9coute pour plus d\u2019action palpitante et de combats passionnants au fur et \u00e0 mesure que la saison se d\u00e9roule.<\/p>\n","protected":false},"excerpt":{"rendered":"Maverick Vinales fait face \u00e0 un cauchemar de grip des pneus lors du duel MotoGP d\u2019Assen Dans un&hellip;\n","protected":false},"author":2,"featured_media":219189,"comment_status":"","ping_status":"","sticky":false,"template":"","format":"standard","meta":{"footnotes":""},"categories":[1413],"tags":[1011,27,11652,1457,1456,60],"class_list":{"0":"post-219188","1":"post","2":"type-post","3":"status-publish","4":"format-standard","5":"has-post-thumbnail","7":"category-moto","8":"tag-fr","9":"tag-france","10":"tag-maverick-vinales","11":"tag-moto","12":"tag-motocycle","13":"tag-sports"},"share_on_mastodon":{"url":"https:\/\/pubeurope.com\/@fr\/114780281448482624","error":""},"_links":{"self":[{"href":"https:\/\/www.europesays.com\/fr\/wp-json\/wp\/v2\/posts\/219188","targetHints":{"allow":["GET"]}}],"collection":[{"href":"https:\/\/www.europesays.com\/fr\/wp-json\/wp\/v2\/posts"}],"about":[{"href":"https:\/\/www.europesays.com\/fr\/wp-json\/wp\/v2\/types\/post"}],"author":[{"embeddable":true,"href":"https:\/\/www.europesays.com\/fr\/wp-json\/wp\/v2\/users\/2"}],"replies":[{"embeddable":true,"href":"https:\/\/www.europesays.com\/fr\/wp-json\/wp\/v2\/comments?post=219188"}],"version-history":[{"count":0,"href":"https:\/\/www.europesays.com\/fr\/wp-json\/wp\/v2\/posts\/219188\/revisions"}],"wp:featuredmedia":[{"embeddable":true,"href":"https:\/\/www.europesays.com\/fr\/wp-json\/wp\/v2\/media\/219189"}],"wp:attachment":[{"href":"https:\/\/www.europesays.com\/fr\/wp-json\/wp\/v2\/media?parent=219188"}],"wp:term":[{"taxonomy":"category","embeddable":true,"href":"https:\/\/www.europesays.com\/fr\/wp-json\/wp\/v2\/categories?post=219188"},{"taxonomy":"post_tag","embeddable":true,"href":"https:\/\/www.europesays.com\/fr\/wp-json\/wp\/v2\/tags?post=219188"}],"curies":[{"name":"wp","href":"https:\/\/api.w.org\/{rel}","templated":true}]}}