{"id":219198,"date":"2025-07-01T22:18:10","date_gmt":"2025-07-01T22:18:10","guid":{"rendered":"https:\/\/www.europesays.com\/fr\/219198\/"},"modified":"2025-07-01T22:18:10","modified_gmt":"2025-07-01T22:18:10","slug":"une-exposition-sur-le-couple-dartistes-porte-par-lamitie-du-conservateur-pontus-hulten","status":"publish","type":"post","link":"https:\/\/www.europesays.com\/fr\/219198\/","title":{"rendered":"une exposition sur le couple d&rsquo;artistes port\u00e9 par l&rsquo;amiti\u00e9 du conservateur Pontus\u00a0Hulten"},"content":{"rendered":"<p>\n  Premi\u00e8re manifestation hors les murs du Centre\u00a0Pompidou, cette exposition titanesque investit le Grand Palais jusqu&rsquo;en janvier\u00a02026.\n<\/p>\n<p>De Niki de Saint Phalle, nous connaissons les Tirs et les Nanas. De Jean Tinguely, <a href=\"https:\/\/www.franceinfo.fr\/culture\/arts-expos\/sculpture\/la-roue-c-est-tout-les-sculptures-bruyantes-et-animees-de-jean-tinguely-paradent-dans-une-exposition-a-bale_5673371.html\" rel=\"nofollow noopener\" target=\"_blank\">les machines en mouvement<\/a>, Le Transport ou L&rsquo;Enfer. En revanche, ce que nous connaissons moins de ce couple mythique est l&rsquo;amiti\u00e9 qui l&rsquo;unissait au conservateur de mus\u00e9e su\u00e9dois Pontus Hulten.<\/p>\n<p>Jusqu&rsquo;au 4\u00a0janvier\u00a02026, une exposition revient sur la richesse de cette relation \u00e0 la fois amicale et artistique qui a secou\u00e9 le monde de l&rsquo;art. Premi\u00e8re manifestation hors les murs du Centre Pompidou, cette exposition titanesque est \u00e0 d\u00e9couvrir au Grand Palais alors que <a href=\"https:\/\/www.franceinfo.fr\/culture\/arts-expos\/centre-pompidou\/fermeture-du-centre-pompidou-140-000-uvres-demenagent-a-l-automne-et-certaines-partiront-a-travers-le-monde_6350743.html\" rel=\"nofollow noopener\" target=\"_blank\">Beaubourg entame son plan de r\u00e9novation jusqu&rsquo;en 2030<\/a>.<\/p>\n<p>\u00ab\u00a0Au moment de la fermeture de notre mus\u00e9e, c&rsquo;est une mani\u00e8re de revenir \u00e0 l&rsquo;ouverture et d&rsquo;illustrer ce magnifique moment d&rsquo;utopie impuls\u00e9 par Pontus Hulten et ses amis artistes\u00a0\u00bb, explique la commissaire d&rsquo;exposition Sophie Duplaix \u00e0 franceinfo\u00a0Culture. Initialement \u00e0 la t\u00eate du mus\u00e9e d&rsquo;art moderne de Stockholm, Pontus Hulten fut le premier directeur du Centre Georges-Pompidou de 1977 \u00e0 1981.<\/p>\n<p>Jeune artiste, Jean Tinguely (1925-1991) fait la rencontre d&rsquo;un conservateur de mus\u00e9e pas comme les autres. Depuis la Su\u00e8de, son pays d&rsquo;origine, Pontus Hulten (1924-2006) d\u00e9fend une vision anarchiste de l&rsquo;art et du mus\u00e9e qu&rsquo;il con\u00e7oit comme des lieux de grande libert\u00e9 et d&rsquo;amusement. Entre les deux hommes, le coup de foudre est imm\u00e9diat. Tr\u00e8s vite, Niki de Saint Phalle (1930-2002), en couple avec Jean Tinguely, compl\u00e8te ce duo artistique.<\/p>\n<blockquote class=\"ftvi_content_quote\">\n<p class=\"ftvi_citation_quote\">\u00ab\u00a0Cette rencontre est un v\u00e9ritable catalyseur d&rsquo;\u00e9nergie pour le trio qui a su prendre des risques et r\u00e9aliser ses utopies artistiques.\u00a0\u00bb<\/p>\n<p>Sophie Duplaix<\/p>\n<p class=\"ftvi_citation_source\">franceinfo Culture<\/p>\n<\/blockquote>\n<p>L&rsquo;exposition met l&rsquo;accent sur les temps forts de cette collaboration f\u00e9conde. En 1961, Jean Tinguely et Pontus Hulten pr\u00e9sentent au Stedelijk Museum d&rsquo;Amsterdam puis au Moderna Museet de Stockholm, l&rsquo;exposition Le Mouvement dans l&rsquo;art. Un projet d&rsquo;envergure qui traduit leur engouement pour la nouveaut\u00e9 et les machines. Il est aussi fait mention de la Hon\/Elle, une \u0153uvre interactive expos\u00e9e en 1966, puis d\u00e9truite. Assist\u00e9e par son compagnon et l&rsquo;artiste su\u00e9dois Per Olof Ultvedt, Niki de Saint Phalle r\u00e9alise une Nana monumentale couch\u00e9e sur le dos. Le public peut entrer \u00e0 l&rsquo;int\u00e9rieur de cette femme enceinte o\u00f9 se logent une salle de cin\u00e9ma, un toboggan et un bassin de poissons rouges.<\/p>\n<p>    <img decoding=\"async\" class=\"cms-media-image lazyload\" alt=\"Une femme essaie le &quot;Cyclograveur&quot; de Jean Tinguely lors de l'exposition &quot;R\u00f6relse\u00a0i\u00a0konsten&quot; au Moderna Museet de Stockholm, en 1961. (ADAGP PARIS 2025\u00a0\/\u00a0LENNART OLSON\u00a0\/\u00a0HALLANDS KONSTMUSEUM)\" width=\"720\" height=\"1071.3817723646\" data- src=\"https:\/\/www.europesays.com\/fr\/wp-content\/uploads\/2025\/07\/cyclograveur-6863bcc8a45b5637802271.jpg\"\/><\/p>\n<p>      Une femme essaie le \u00ab\u00a0Cyclograveur\u00a0\u00bb de Jean Tinguely lors de l&rsquo;exposition \u00ab\u00a0R\u00f6relse\u00a0i\u00a0konsten\u00a0\u00bb au Moderna Museet de Stockholm, en 1961. (ADAGP PARIS 2025\u00a0\/\u00a0LENNART OLSON\u00a0\/\u00a0HALLANDS KONSTMUSEUM)<\/p>\n<p>Figure de l&rsquo;ombre, Pontus Hulten fait preuve d&rsquo;une grande ouverture d&rsquo;esprit quand il s&rsquo;agit d&rsquo;art. Ces \u00e9v\u00e9nements t\u00e9moignent des nombreuses prises de risques du conservateur, toujours plus libre et novateur dans ses choix d&rsquo;exposition et d&rsquo;acquisition. Pour l&rsquo;ouverture du Centre Pompidou, il invite des artistes, dont le couple Saint Phalle-Tinguely, \u00e0 r\u00e9aliser une \u0153uvre collective, c&rsquo;est la naissance de l&rsquo;\u00e9ph\u00e9m\u00e8re Crocrodrome de Zig et Puce. Cette attraction titanesque est \u00e0 l&rsquo;image du message v\u00e9hicul\u00e9 par le nouveau mus\u00e9e d&rsquo;art moderne et son repr\u00e9sentant, un jeu interactif avec le public.<\/p>\n<p>\u00ab\u00a0Le mus\u00e9e n&rsquo;est plus un temple, mais un endroit o\u00f9 le public peut avoir des moments de plaisir et de joie\u00a0\u00bb, explique la commissaire d&rsquo;exposition. Impuls\u00e9e par Pontus Hulten, cette conception du mus\u00e9e est largement cr\u00e9dit\u00e9e par le travail de Niki de Saint Phalle et de Jean Tinguely. Bien que diff\u00e9rentes, leurs \u0153uvres t\u00e9moignent de la volont\u00e9 d&rsquo;amener le public \u00e0 l&rsquo;art gr\u00e2ce \u00e0 une approche ludique, spontan\u00e9e et joyeuse de la cr\u00e9ation.<\/p>\n<p>Cette dimension interactive est retransmise dans la sc\u00e9nographie de l&rsquo;exposition. Tout au long du parcours, les \u0153uvres s&rsquo;animent par surprise et r\u00e9v\u00e8lent la vision des artistes. Ce n&rsquo;est pas tous les jours que ces installations titanesques sont expos\u00e9es au public, les voir s&rsquo;activer apr\u00e8s tant d&rsquo;ann\u00e9es rel\u00e8ve presque de l&rsquo;exploit. M\u00eame s&rsquo;il reste un h\u00e9ritage immense de cette p\u00e9riode d&rsquo;utopie artistique, une grande partie des \u0153uvres concern\u00e9es n&rsquo;existent plus ou sont impossibles \u00e0 exposer, comme Le\u00a0Cyclop install\u00e9 \u00e0 Milly-la-For\u00eat o\u00f9 il a \u00e9t\u00e9 con\u00e7u.<\/p>\n<p>Pour combler cette absence, l&rsquo;exposition revient sur les coulisses de la cr\u00e9ation artistique. \u00ab\u00a0Une \u0153uvre n&rsquo;est pas uniquement quelque chose d&rsquo;achev\u00e9 accroch\u00e9 \u00e0 un mur, souligne Sophie Duplaix, il y a tout un processus de cr\u00e9ation derri\u00e8re, qu&rsquo;il est important de r\u00e9v\u00e9ler au public\u00a0\u00bb. Un aspect souvent occult\u00e9 par l&rsquo;attention port\u00e9e aux chefs-d\u2019\u0153uvre et moins \u00e0 leur dessous. La preuve\u00a0: aucun des visiteurs interrog\u00e9s ne connaissait Pontus Hulten, encore moins son implication dans le travail de Niki de Saint Phalle et Jean Tinguely.<\/p>\n<p>Ainsi, la correspondance des artistes avec le conservateur est expos\u00e9e entre les \u0153uvres. Elle met en lumi\u00e8re la relation amicale qui existe entre eux, et le r\u00f4le de conseiller endoss\u00e9 par Pontus Hulten aupr\u00e8s du couple. \u00c0 cela s&rsquo;ajoute de la musique et des diaporamas pour plonger les visiteurs dans l&rsquo;ambiance de la cr\u00e9ation et reconstituer l&rsquo;univers si particulier de Saint Phalle et Tinguely, caract\u00e9ris\u00e9 par des bruits violents et discontinus.<\/p>\n<p>    <img decoding=\"async\" class=\"cms-media-image lazyload\" alt=\"\u0152uvre de Niki de Saint Phalle \" jean=\"\" r=\"\" en=\"\" niki=\"\" charitable=\"\" art=\"\" foundation=\"\" paris=\"\" width=\"720\" height=\"903.81070983811\" data- src=\"https:\/\/www.europesays.com\/fr\/wp-content\/uploads\/2025\/07\/niki-de-saint-phalle-jean-ii-meta-tinguely-6863d74bdb4cb413942430.jpg\"\/><\/p>\n<p>      \u0152uvre de Niki de Saint Phalle \u00ab\u00a0Jean\u00a0II (M\u00e9ta-Tinguely)\u00a0\u00bb r\u00e9alis\u00e9e en 1992. (2025 NIKI CHARITABLE ART FOUNDATION\u00a0\/\u00a0ADAGP PARIS)<\/p>\n<p>Grande habitu\u00e9e des <a href=\"https:\/\/www.franceinfo.fr\/culture\/arts-expos\/niki-de-saint-phalle-une-artiste-tourmentee-et-joyeuse-au-grand-palais_3369927.html\" rel=\"nofollow noopener\" target=\"_blank\">r\u00e9trospectives<\/a>, Niki de Saint Phalle n&rsquo;a presque plus de secrets pour le public. Cette entr\u00e9e en mati\u00e8re \u00e0 travers la figure de Pontus Hulten permet de (re)d\u00e9couvrir l&rsquo;\u0153uvre de cette artiste, mais aussi de son compagnon Jean Tinguely sous un autre angle. L&rsquo;exposition c\u00f4te \u00e0 c\u00f4te de leurs travaux donne de nouvelles cl\u00e9s de compr\u00e9hension \u00e0 l&rsquo;art de chacun. \u00ab\u00a0Elle est violente, outrageante et \u00e9norme, alors que lui, ses installations de mobiles sont l\u00e9g\u00e8res et po\u00e9tiques\u00a0\u00bb, note Sylvain venu le jour de l&rsquo;ouverture de l&rsquo;exposition. \u00ab\u00a0Au d\u00e9part, ils cheminent c\u00f4te \u00e0 c\u00f4te, mais au fil de l&rsquo;exposition et de leur vie, ils s&rsquo;inspirent l&rsquo;un l&rsquo;autre et se soutiennent\u00a0\u00bb, ajoute-t-il.<\/p>\n<p>\u00c0 la mort de Jean Tinguely, alors m\u00eame que Niki de Saint Phalle est s\u00e9par\u00e9e de lui depuis de nombreuses ann\u00e9es, elle bataille pour perp\u00e9tuer son \u0153uvre et demande conseil \u00e0 son vieil ami Pontus Hulten pour cr\u00e9er un mus\u00e9e Tinguely \u00e0 B\u00e2le. \u00c0 cette m\u00eame p\u00e9riode, elle \u00e9crivait\u00a0: \u00ab\u00a0La panne, le mouvement, m&rsquo;appartiennent \u00e0 moi aussi maintenant\u00a0\u00bb, t\u00e9moignage du lien artistique ind\u00e9fectible qui l&rsquo;unissait \u00e0 son ancien compagnon.<\/p>\n<p><strong>Exposition \u00ab\u00a0Niki de Saint Phalle, Jean Tinguely, Pontus Hulten\u00a0\u00bb, du 26\u00a0juin\u00a02025 au 4\u00a0janvier\u00a02026, au <\/strong><a href=\"https:\/\/www.grandpalais.fr\/fr\/programme\/niki-de-saint-phalle-jean-tinguely-pontus-hulten\" rel=\"nofollow noopener\" target=\"_blank\"><strong>Grand Palais<\/strong><\/a><strong> (17\u00a0avenue du g\u00e9n\u00e9ral Eisenhower, 75008\u00a0Paris), entr\u00e9e Square Jean Perrin.<\/strong><\/p>\n<p>    <img decoding=\"async\" class=\"cms-media-image lazyload\" alt=\"Affiche de l'exposition &quot;Niki de Saint Phalle, Jean Tinguely, Pontus Hulten&quot; au Grand Palais. (CENTRE POMPIDOU\u00a0\/\u00a0GRAND PALAIS)\" width=\"720\" height=\"1052.1776259607\" data- src=\"https:\/\/www.europesays.com\/fr\/wp-content\/uploads\/2025\/07\/affiche-exposition-niki-de-saint-phalle-jean-tinguely-pontus-hulten-du-26-juin-2025-au-4-janvier-202.jpeg\"\/><\/p>\n<p>      Affiche de l&rsquo;exposition \u00ab\u00a0Niki de Saint Phalle, Jean Tinguely, Pontus Hulten\u00a0\u00bb au Grand Palais. (CENTRE POMPIDOU\u00a0\/\u00a0GRAND PALAIS)<\/p>\n","protected":false},"excerpt":{"rendered":"Premi\u00e8re manifestation hors les murs du Centre\u00a0Pompidou, cette exposition titanesque investit le Grand Palais jusqu&rsquo;en janvier\u00a02026. De Niki&hellip;\n","protected":false},"author":2,"featured_media":219199,"comment_status":"","ping_status":"","sticky":false,"template":"","format":"standard","meta":{"footnotes":""},"categories":[1358],"tags":[1348,1384,1385,1386,58,59,1011,27],"class_list":{"0":"post-219198","1":"post","2":"type-post","3":"status-publish","4":"format-standard","5":"has-post-thumbnail","7":"category-arts-et-design","8":"tag-arts","9":"tag-arts-and-design","10":"tag-arts-et-design","11":"tag-design","12":"tag-divertissement","13":"tag-entertainment","14":"tag-fr","15":"tag-france"},"share_on_mastodon":{"url":"https:\/\/pubeurope.com\/@fr\/114780301640550725","error":""},"_links":{"self":[{"href":"https:\/\/www.europesays.com\/fr\/wp-json\/wp\/v2\/posts\/219198","targetHints":{"allow":["GET"]}}],"collection":[{"href":"https:\/\/www.europesays.com\/fr\/wp-json\/wp\/v2\/posts"}],"about":[{"href":"https:\/\/www.europesays.com\/fr\/wp-json\/wp\/v2\/types\/post"}],"author":[{"embeddable":true,"href":"https:\/\/www.europesays.com\/fr\/wp-json\/wp\/v2\/users\/2"}],"replies":[{"embeddable":true,"href":"https:\/\/www.europesays.com\/fr\/wp-json\/wp\/v2\/comments?post=219198"}],"version-history":[{"count":0,"href":"https:\/\/www.europesays.com\/fr\/wp-json\/wp\/v2\/posts\/219198\/revisions"}],"wp:featuredmedia":[{"embeddable":true,"href":"https:\/\/www.europesays.com\/fr\/wp-json\/wp\/v2\/media\/219199"}],"wp:attachment":[{"href":"https:\/\/www.europesays.com\/fr\/wp-json\/wp\/v2\/media?parent=219198"}],"wp:term":[{"taxonomy":"category","embeddable":true,"href":"https:\/\/www.europesays.com\/fr\/wp-json\/wp\/v2\/categories?post=219198"},{"taxonomy":"post_tag","embeddable":true,"href":"https:\/\/www.europesays.com\/fr\/wp-json\/wp\/v2\/tags?post=219198"}],"curies":[{"name":"wp","href":"https:\/\/api.w.org\/{rel}","templated":true}]}}