{"id":219204,"date":"2025-07-01T22:21:11","date_gmt":"2025-07-01T22:21:11","guid":{"rendered":"https:\/\/www.europesays.com\/fr\/219204\/"},"modified":"2025-07-01T22:21:11","modified_gmt":"2025-07-01T22:21:11","slug":"chantal-goya-qui-ne-peut-plus-chanter-pandi-panda-porte-plainte-pour-vol-de-son-costume","status":"publish","type":"post","link":"https:\/\/www.europesays.com\/fr\/219204\/","title":{"rendered":"Chantal Goya, qui ne peut plus chanter \u00ab\u00a0Pandi-Panda\u00a0\u00bb, porte plainte pour vol de son costume"},"content":{"rendered":"<p>        <img decoding=\"async\" loading=\"lazy\" src=\"https:\/\/www.europesays.com\/fr\/wp-content\/uploads\/2025\/07\/48ee1a2_upload-1-l78yw1s66vti-000-486f62f.jpg\"  width=\"728\" height=\"410\" alt=\"La chanteuse\u00a0Chantal\u00a0Goya\u00a0a\u00a0port\u00e9\u00a0plainte\u00a0ce mardi 1er juillet\u00a0pour\u00a0le\u00a0vol\u00a0de la\u00a0t\u00eate\u00a0du costume du\u00a0personnage\u00a0de\u00a0Panda.\"\/>  <\/p>\n<p>JOEL SAGET \/ AFP<\/p>\n<p>La chanteuse\u00a0Chantal\u00a0Goya\u00a0a\u00a0port\u00e9\u00a0plainte\u00a0ce mardi 1er juillet\u00a0pour\u00a0le\u00a0vol\u00a0de la\u00a0t\u00eate\u00a0du costume du\u00a0personnage\u00a0de\u00a0Panda.<\/p>\n<p class=\"asset asset-text\">JUSTICE &#8211; L\u2019affaire prend une tournure judiciaire. La <a href=\"https:\/\/www.huffingtonpost.fr\/culture\/article\/chantal-goya-ne-peut-plus-chanter-pandi-panda-et-lance-un-appel-a-l-aide_251878.html\" target=\"_blank\" rel=\"noopener\">chanteuse\u00a0Chantal\u00a0Goya\u00a0<\/a>a\u00a0port\u00e9\u00a0plainte\u00a0ce mardi 1er juillet\u00a0pour\u00a0le\u00a0vol\u00a0de la\u00a0t\u00eate\u00a0du costume du\u00a0personnage\u00a0de\u00a0Panda, rendu c\u00e9l\u00e8bre par son inoubliable tube de 1984\u00a0Pandi-Panda, a annonc\u00e9 son producteur.<\/p>\n<p class=\"asset asset-text\">Selon la\u00a0plainte\u00a0consult\u00e9e par l\u2019AFP, d\u00e9pos\u00e9e aupr\u00e8s de la gendarmerie de Buzan\u00e7ais, dans l\u2019Indre, le\u00a0vol\u00a0de cet \u00e9l\u00e9ment du costume a \u00e9t\u00e9 constat\u00e9 apr\u00e8s un spectacle le 27 avril dans l\u2019apr\u00e8s-midi \u00e0 Sausheim (Haut-Rhin).<\/p>\n<p class=\"asset asset-text\">Chantal\u00a0Goya\u00a0avait signal\u00e9 le\u00a0vol\u00a0sur Instagram le 25 juin. \u00ab\u00a0Panda\u00a0nous manque \u00e0 tous. Aidez-moi \u00e0 le retrouver tr\u00e8s vite\u00a0pour\u00a0tous les enfants de France, de Belgique, du Liban, et de tous ceux qui l\u2019aiment comme moi\u00a0\u00bb, \u00e9crivait-elle.<\/p>\n<p class=\"asset asset-text\">Son producteur Damien Nougar\u00e8de avait alors indiqu\u00e9 \u00e0 l\u2019AFP que la disparition de cette\u00a0t\u00eate\u00a0de\u00a0panda\u00a0avait \u00e9t\u00e9 constat\u00e9e lors du d\u00e9montage des d\u00e9cors \u00e0 l\u2019issue du spectacle. Chantal\u00a0Goya\u00a0avait d\u00e9cid\u00e9 de \u00ab\u00a0ne pas r\u00e9v\u00e9ler cette disparition imm\u00e9diatement,\u00a0pour\u00a0ne pas faire de la peine aux petits enfants\u00a0\u00bb, rapportait-il.<\/p>\n<p>                     La surprise de Julien Dor\u00e9    <\/p>\n<p class=\"asset asset-text\">Quelques jours plus tard fin juin, le chanteur Julien Dor\u00e9, qui utilise \u00e9galement un costume de\u00a0panda\u00a0sur sc\u00e8ne, avait propos\u00e9 spontan\u00e9ment \u00e0 la chanteuse de lui donner un des deux exemplaires.<\/p>\n<p class=\"asset asset-text\">\u00ab\u00a0Coucou ma\u00a0Chantal, c\u2019est Juju Dor\u00e9. Qu\u2019est-ce que j\u2019apprends\u00a0?\u00a0! Alors, j\u2019ai bien r\u00e9fl\u00e9chi\u00a0: je pense que c\u2019est \u00e9vident,\u00a0pour\u00a0que tu puisses continuer \u00e0 chanter Pandi-Panda, c\u2019est de t\u2019offrir l\u2019un de mes costumes de\u00a0panda. J\u2019en ai deux, le deuxi\u00e8me il est\u00a0pour\u00a0toi\u00a0\u00bb, proposait-il.<\/p>\n<p class=\"asset asset-text\">Chantal\u00a0Goya\u00a0avait remerci\u00e9 le chanteur mais garde l\u2019espoir de retrouver la\u00a0t\u00eate\u00a0disparue, utilis\u00e9e par l\u2019un de ses danseurs depuis 1984. Elle promet \u00e0 qui la rapportera de lui offrir un caf\u00e9. Selon elle, si la\u00a0t\u00eate\u00a0revient \u00e0 son danseur, \u00ab\u00a0on n\u2019en parlera plus\u00a0\u00bb.<\/p>\n","protected":false},"excerpt":{"rendered":"JOEL SAGET \/ AFP La chanteuse\u00a0Chantal\u00a0Goya\u00a0a\u00a0port\u00e9\u00a0plainte\u00a0ce mardi 1er juillet\u00a0pour\u00a0le\u00a0vol\u00a0de la\u00a0t\u00eate\u00a0du costume du\u00a0personnage\u00a0de\u00a0Panda. JUSTICE &#8211; L\u2019affaire prend une tournure&hellip;\n","protected":false},"author":2,"featured_media":219205,"comment_status":"","ping_status":"","sticky":false,"template":"","format":"standard","meta":{"footnotes":""},"categories":[1355],"tags":[2704,251,58,59,1011,27,303,1361,873,973],"class_list":{"0":"post-219204","1":"post","2":"type-post","3":"status-publish","4":"format-standard","5":"has-post-thumbnail","7":"category-musique","8":"tag-chanteuse","9":"tag-culture","10":"tag-divertissement","11":"tag-entertainment","12":"tag-fr","13":"tag-france","14":"tag-justice","15":"tag-music","16":"tag-musique","17":"tag-people"},"share_on_mastodon":{"url":"https:\/\/pubeurope.com\/@fr\/114780312963319807","error":""},"_links":{"self":[{"href":"https:\/\/www.europesays.com\/fr\/wp-json\/wp\/v2\/posts\/219204","targetHints":{"allow":["GET"]}}],"collection":[{"href":"https:\/\/www.europesays.com\/fr\/wp-json\/wp\/v2\/posts"}],"about":[{"href":"https:\/\/www.europesays.com\/fr\/wp-json\/wp\/v2\/types\/post"}],"author":[{"embeddable":true,"href":"https:\/\/www.europesays.com\/fr\/wp-json\/wp\/v2\/users\/2"}],"replies":[{"embeddable":true,"href":"https:\/\/www.europesays.com\/fr\/wp-json\/wp\/v2\/comments?post=219204"}],"version-history":[{"count":0,"href":"https:\/\/www.europesays.com\/fr\/wp-json\/wp\/v2\/posts\/219204\/revisions"}],"wp:featuredmedia":[{"embeddable":true,"href":"https:\/\/www.europesays.com\/fr\/wp-json\/wp\/v2\/media\/219205"}],"wp:attachment":[{"href":"https:\/\/www.europesays.com\/fr\/wp-json\/wp\/v2\/media?parent=219204"}],"wp:term":[{"taxonomy":"category","embeddable":true,"href":"https:\/\/www.europesays.com\/fr\/wp-json\/wp\/v2\/categories?post=219204"},{"taxonomy":"post_tag","embeddable":true,"href":"https:\/\/www.europesays.com\/fr\/wp-json\/wp\/v2\/tags?post=219204"}],"curies":[{"name":"wp","href":"https:\/\/api.w.org\/{rel}","templated":true}]}}