{"id":219208,"date":"2025-07-01T22:23:11","date_gmt":"2025-07-01T22:23:11","guid":{"rendered":"https:\/\/www.europesays.com\/fr\/219208\/"},"modified":"2025-07-01T22:23:11","modified_gmt":"2025-07-01T22:23:11","slug":"voici-le-type-de-profil-le-plus-expose-selon-linstitut-national-du-cancer","status":"publish","type":"post","link":"https:\/\/www.europesays.com\/fr\/219208\/","title":{"rendered":"voici le type de profil le plus expos\u00e9 selon l\u2019Institut national du cancer"},"content":{"rendered":"<p>                    Cancer du pancr\u00e9as : pourquoi ce tueur silencieux reste si redout\u00e9 <\/p>\n<p data-start=\"567\" data-end=\"1027\">Ce n\u2019est pas celui qu\u2019on redoute en premier. Ni celui qui fait la une des campagnes de pr\u00e9vention. Pourtant, le <a href=\"https:\/\/www.modesettravaux.fr\/beaute-bien-etre\/sante-beaute-bien-etre\/cancer-du-pancreas-la-vraie-raison-de-lexplosion-des-cas-enfin-revelee-par-les-chercheurs-142392.html\" rel=\"nofollow noopener\" target=\"_blank\">cancer du pancr\u00e9as<\/a> est aujourd\u2019hui<strong> l\u2019un des plus redout\u00e9s<\/strong> par les <a href=\"https:\/\/www.modesettravaux.fr\/beaute-bien-etre\/sante-beaute-bien-etre\/cancer-du-pancreas-ce-changement-minime-dans-la-digestion-precede-souvent-le-diagnostic-142558.html\" rel=\"nofollow noopener\" target=\"_blank\">oncologues<\/a>. Silencieux, fulgurant, discret dans ses premiers signaux : <strong data-start=\"820\" data-end=\"881\">pr\u00e8s de 90\u202f% des diagnostics sont pos\u00e9s \u00e0 un stade avanc\u00e9<\/strong>, souvent trop tard pour \u00eatre op\u00e9r\u00e9. Chaque ann\u00e9e, il touche <strong data-start=\"942\" data-end=\"970\">environ 16\u202f000 personnes<\/strong> en France, avec une <strong data-start=\"991\" data-end=\"1026\">survie \u00e0 cinq ans sous les 10\u202f%<\/strong>.<\/p>\n<p data-start=\"1029\" data-end=\"1278\">Face \u00e0 ce constat, l\u2019Institut national du cancer (<a href=\"https:\/\/www.cancer.fr\/\" rel=\"nofollow noopener\" target=\"_blank\">INCa<\/a>) alerte\u202f: <strong data-start=\"1094\" data-end=\"1154\">certains profils sont beaucoup plus expos\u00e9s que d\u2019autres<\/strong>, mais ignorent leur vuln\u00e9rabilit\u00e9. Car on peut \u00eatre en bonne sant\u00e9, actif, et pourtant faire partie des premiers concern\u00e9s.<\/p>\n<p> Cancer du pancr\u00e9as : les profils \u00e0 risque identifi\u00e9s par l\u2019INCa <\/p>\n<p data-start=\"1362\" data-end=\"1513\">Ce sont <strong data-start=\"1370\" data-end=\"1395\">cinq types de profils<\/strong> que l\u2019INCa appelle d\u00e9sormais \u00e0 surveiller en priorit\u00e9, \u00e0 partir des derni\u00e8res donn\u00e9es cliniques et \u00e9pid\u00e9miologiques :<\/p>\n<ul data-start=\"1515\" data-end=\"2115\">\n<li data-start=\"1515\" data-end=\"1659\">\n<p data-start=\"1517\" data-end=\"1659\"><strong data-start=\"1517\" data-end=\"1547\">Fumeurs et anciens fumeurs<\/strong> : un <a href=\"https:\/\/www.modesettravaux.fr\/beaute-bien-etre\/sante-beaute-bien-etre\/cancer-du-pancreas-ce-symptome-anodin-apparait-souvent-6-mois-avant-le-diagnostic-142005.html\" rel=\"nofollow noopener\" target=\"_blank\">facteur majeur<\/a>, pr\u00e9sent dans <strong data-start=\"1582\" data-end=\"1603\">20 \u00e0 30\u202f% des cas<\/strong>. Le risque augmente de <strong data-start=\"1627\" data-end=\"1636\">+70\u202f%<\/strong> pour <a href=\"https:\/\/www.modesettravaux.fr\/beaute-bien-etre\/sante-beaute-bien-etre\/cancer-du-poumon-si-cette-forme-de-toux-revient-chaque-soir-consultez-sans-attendre-142689.html\" rel=\"nofollow noopener\" target=\"_blank\">un gros fumeur<\/a>.<\/p>\n<\/li>\n<li data-start=\"1660\" data-end=\"1765\">\n<p data-start=\"1662\" data-end=\"1765\"><strong data-start=\"1662\" data-end=\"1697\">Personnes en surpoids ou ob\u00e8ses<\/strong> : pour un IMC sup\u00e9rieur \u00e0 35, le risque grimpe jusqu\u2019\u00e0 <strong data-start=\"1753\" data-end=\"1762\">+47\u202f%<\/strong>.<\/p>\n<\/li>\n<li data-start=\"1766\" data-end=\"1901\">\n<p data-start=\"1768\" data-end=\"1901\"><strong data-start=\"1768\" data-end=\"1793\">Diab\u00e9tiques de type 2<\/strong>, en particulier ceux diagnostiqu\u00e9s r\u00e9cemment (moins de deux ans) : ce peut \u00eatre un <strong data-start=\"1877\" data-end=\"1898\">sympt\u00f4me \u201cmasqu\u00e9\u201d<\/strong>.<\/p>\n<\/li>\n<li data-start=\"1902\" data-end=\"2013\">\n<p data-start=\"1904\" data-end=\"2013\"><strong data-start=\"1904\" data-end=\"1951\">Ant\u00e9c\u00e9dents familiaux de cancer du pancr\u00e9as<\/strong> ou <strong data-start=\"1955\" data-end=\"1987\">mutations g\u00e9n\u00e9tiques connues<\/strong> (BRCA2, PALB2, CDKN2A).<\/p>\n<\/li>\n<li data-start=\"2014\" data-end=\"2115\">\n<p data-start=\"2016\" data-end=\"2115\"><strong data-start=\"2016\" data-end=\"2062\">Patients atteints de pancr\u00e9atite chronique<\/strong>, souvent li\u00e9e \u00e0 une consommation excessive d\u2019alcool.<\/p>\n<\/li>\n<\/ul>\n<p data-start=\"2117\" data-end=\"2244\">Ces profils, crois\u00e9s, multiplient <a href=\"https:\/\/www.modesettravaux.fr\/beaute-bien-etre\/sante-beaute-bien-etre\/cancer-du-pancreas-ce-changement-discret-dans-vos-selles-peut-etre-un-signal-dalerte-142198.html\" rel=\"nofollow noopener\" target=\"_blank\">le risque.<\/a> Mais tr\u00e8s peu de patients et de m\u00e9decins g\u00e9n\u00e9ralistes pensent \u00e0 les relier.<\/p>\n<p> <img loading=\"lazy\" decoding=\"async\" aria-describedby=\"caption-attachment-142561\" itemprop=\"thumbnailUrl\" class=\" wp-image-142561 img-responsive \" src=\"https:\/\/www.europesays.com\/fr\/wp-content\/uploads\/2025\/07\/shutterstock_2554486275-1024x683.jpg\" alt=\"\" width=\"699\" height=\"466\"\/> \u00a9  Shutterstock<\/p>\n<p id=\"caption-attachment-142561\" class=\"wp-caption-text\">L\u2019INCa identifie cinq facteurs de risque majeurs du cancer du pancr\u00e9as, dont le tabac, le diab\u00e8te r\u00e9cent et l\u2019h\u00e9r\u00e9dit\u00e9 g\u00e9n\u00e9tique.<\/p>\n<p>    Cancer du pancr\u00e9as : les sympt\u00f4mes vagues qui retardent le diagnostic <\/p>\n<p data-start=\"2319\" data-end=\"2576\">C\u2019est toute la difficult\u00e9 du d\u00e9pistage\u202f: <strong data-start=\"2360\" data-end=\"2398\">les premiers signes n\u2019alertent pas<\/strong>. Douleurs diffuses au dos ou \u00e0 l\u2019estomac, perte d\u2019app\u00e9tit, fatigue, ballonnements, amaigrissement\u2026 Ces <a href=\"https:\/\/www.modesettravaux.fr\/beaute-bien-etre\/sante-beaute-bien-etre\/cancer-du-pancreas-ces-5-symptomes-discrets-a-ne-jamais-ignorer-selon-le-dr-jimmy-mohamed-132133.html\" rel=\"nofollow noopener\" target=\"_blank\">sympt\u00f4mes<\/a>, non sp\u00e9cifiques, peuvent passer pour un trouble digestif banal.<\/p>\n<p data-start=\"2578\" data-end=\"2591\">Et pourtant :<\/p>\n<ul data-start=\"2593\" data-end=\"2900\">\n<li data-start=\"2593\" data-end=\"2650\">\n<p data-start=\"2595\" data-end=\"2650\">Ils peuvent pr\u00e9c\u00e9der le diagnostic de plusieurs mois.<\/p>\n<\/li>\n<li data-start=\"2651\" data-end=\"2757\">\n<p data-start=\"2653\" data-end=\"2757\">Dans <strong data-start=\"2658\" data-end=\"2682\">pr\u00e8s de 50\u202f% des cas<\/strong>, les patients consultent pour un diab\u00e8te de type 2 d\u2019apparition r\u00e9cente.<\/p>\n<\/li>\n<li data-start=\"2758\" data-end=\"2900\">\n<p data-start=\"2760\" data-end=\"2900\">Les examens d\u2019imagerie ne sont pas syst\u00e9matiquement propos\u00e9s \u00e0 ces profils \u201c\u00e0 risque faible\u201d \u2014 m\u00eame lorsqu\u2019ils combinent <a href=\"https:\/\/www.modesettravaux.fr\/beaute-bien-etre\/sante-beaute-bien-etre\/cancer-du-pancreas-ce-symptome-est-le-premier-a-apparaitre-alerte-un-medecin-141011.html\" rel=\"nofollow noopener\" target=\"_blank\">plusieurs facteurs<\/a>.<\/p>\n<\/li>\n<\/ul>\n<p data-start=\"2902\" data-end=\"3057\">L\u2019INCa recommande aujourd\u2019hui <strong data-start=\"2932\" data-end=\"2959\">une surveillance cibl\u00e9e<\/strong>, avec examens abdominaux et suivi r\u00e9gulier, d\u00e8s lors que <strong data-start=\"3017\" data-end=\"3056\">deux facteurs de risque sont r\u00e9unis<\/strong>.<\/p>\n<p> Cancer du pancr\u00e9as : les bons r\u00e9flexes \u00e0 adopter d\u00e8s maintenant <\/p>\n<p data-start=\"3129\" data-end=\"3261\">Il n\u2019existe pas encore de d\u00e9pistage g\u00e9n\u00e9ralis\u00e9 pour ce<a href=\"https:\/\/www.modesettravaux.fr\/beaute-bien-etre\/sante-beaute-bien-etre\/cancer-du-pancreas-ce-marathonien-aujourdhui-en-phase-terminale-alerte-sur-ce-symptome-quil-a-ignore-141498.html\" rel=\"nofollow noopener\" target=\"_blank\"> cancer<\/a>, mais certains gestes \u2014 simples \u2014 peuvent faire une vraie diff\u00e9rence :<\/p>\n<ul data-start=\"3263\" data-end=\"3703\">\n<li data-start=\"3263\" data-end=\"3335\">\n<p data-start=\"3265\" data-end=\"3335\"><strong data-start=\"3265\" data-end=\"3289\">Informer son m\u00e9decin<\/strong> en cas de combinaison de facteurs \u00e0 risque.<\/p>\n<\/li>\n<li data-start=\"3336\" data-end=\"3430\">\n<p data-start=\"3338\" data-end=\"3430\"><strong data-start=\"3338\" data-end=\"3390\">Demander une \u00e9chographie ou un scanner abdominal<\/strong> si des troubles digestifs persistent.<\/p>\n<\/li>\n<li data-start=\"3431\" data-end=\"3520\">\n<p data-start=\"3433\" data-end=\"3520\"><strong data-start=\"3433\" data-end=\"3476\">Tester les mutations g\u00e9n\u00e9tiques connues<\/strong> dans les familles \u00e0 risque (BRCA2, etc.).<\/p>\n<\/li>\n<li data-start=\"3521\" data-end=\"3601\">\n<p data-start=\"3523\" data-end=\"3601\"><strong data-start=\"3523\" data-end=\"3576\">Surveiller tout diab\u00e8te nouvellement diagnostiqu\u00e9<\/strong>, surtout apr\u00e8s 50 ans.<\/p>\n<\/li>\n<li data-start=\"3602\" data-end=\"3703\">\n<p data-start=\"3604\" data-end=\"3703\"><strong data-start=\"3604\" data-end=\"3631\">Adapter son mode de vie<\/strong> : arr\u00eat du tabac, alimentation anti-inflammatoire, activit\u00e9 physique.<\/p>\n<\/li>\n<\/ul>\n<p data-start=\"3705\" data-end=\"3870\">Des programmes comme <strong data-start=\"3726\" data-end=\"3735\">PRISM<\/strong>, \u00e0 <a href=\"https:\/\/www.gustaveroussy.fr\/fr\/prism\" rel=\"nofollow noopener\" target=\"_blank\">Gustave Roussy<\/a>, explorent d\u00e9j\u00e0 <strong data-start=\"3770\" data-end=\"3829\">des outils de d\u00e9tection pr\u00e9coce pour ces profils cibl\u00e9s<\/strong>. L\u2019avenir de la pr\u00e9vention passe par l\u00e0.<\/p>\n<p> <img loading=\"lazy\" decoding=\"async\" aria-describedby=\"caption-attachment-142202\" class=\" wp-image-142202 img-responsive \" src=\"https:\/\/www.europesays.com\/fr\/wp-content\/uploads\/2025\/06\/shutterstock_2642799625-1-1024x576.jpg\" alt=\"\" width=\"700\" height=\"394\"\/> \u00a9  Shutterstock<\/p>\n<p id=\"caption-attachment-142202\" class=\"wp-caption-text\">Souvent diagnostiqu\u00e9 tardivement, le cancer du pancr\u00e9as affiche l\u2019un des taux de survie les plus faibles en France, malgr\u00e9 des profils \u00e0 risque bien connus.<\/p>\n","protected":false},"excerpt":{"rendered":"Cancer du pancr\u00e9as : pourquoi ce tueur silencieux reste si redout\u00e9 Ce n\u2019est pas celui qu\u2019on redoute en&hellip;\n","protected":false},"author":2,"featured_media":219209,"comment_status":"","ping_status":"","sticky":false,"template":"","format":"standard","meta":{"footnotes":""},"categories":[10],"tags":[1011,27,72,71],"class_list":{"0":"post-219208","1":"post","2":"type-post","3":"status-publish","4":"format-standard","5":"has-post-thumbnail","7":"category-sante","8":"tag-fr","9":"tag-france","10":"tag-health","11":"tag-sante"},"share_on_mastodon":{"url":"https:\/\/pubeurope.com\/@fr\/114780320937062273","error":""},"_links":{"self":[{"href":"https:\/\/www.europesays.com\/fr\/wp-json\/wp\/v2\/posts\/219208","targetHints":{"allow":["GET"]}}],"collection":[{"href":"https:\/\/www.europesays.com\/fr\/wp-json\/wp\/v2\/posts"}],"about":[{"href":"https:\/\/www.europesays.com\/fr\/wp-json\/wp\/v2\/types\/post"}],"author":[{"embeddable":true,"href":"https:\/\/www.europesays.com\/fr\/wp-json\/wp\/v2\/users\/2"}],"replies":[{"embeddable":true,"href":"https:\/\/www.europesays.com\/fr\/wp-json\/wp\/v2\/comments?post=219208"}],"version-history":[{"count":0,"href":"https:\/\/www.europesays.com\/fr\/wp-json\/wp\/v2\/posts\/219208\/revisions"}],"wp:featuredmedia":[{"embeddable":true,"href":"https:\/\/www.europesays.com\/fr\/wp-json\/wp\/v2\/media\/219209"}],"wp:attachment":[{"href":"https:\/\/www.europesays.com\/fr\/wp-json\/wp\/v2\/media?parent=219208"}],"wp:term":[{"taxonomy":"category","embeddable":true,"href":"https:\/\/www.europesays.com\/fr\/wp-json\/wp\/v2\/categories?post=219208"},{"taxonomy":"post_tag","embeddable":true,"href":"https:\/\/www.europesays.com\/fr\/wp-json\/wp\/v2\/tags?post=219208"}],"curies":[{"name":"wp","href":"https:\/\/api.w.org\/{rel}","templated":true}]}}