{"id":219214,"date":"2025-07-01T22:26:09","date_gmt":"2025-07-01T22:26:09","guid":{"rendered":"https:\/\/www.europesays.com\/fr\/219214\/"},"modified":"2025-07-01T22:26:09","modified_gmt":"2025-07-01T22:26:09","slug":"microsoft-annonce-une-ia-plus-performante-que-les-medecins","status":"publish","type":"post","link":"https:\/\/www.europesays.com\/fr\/219214\/","title":{"rendered":"Microsoft annonce une IA plus performante que les m\u00e9decins"},"content":{"rendered":"<p>Selon les r\u00e9sultats d\u00e9voil\u00e9s lundi, son nouveau syst\u00e8me d\u2019intelligence surpasserait les m\u00e9decins humains dans l\u2019analyse de cas m\u00e9dicaux complexes.<\/p>\n<p class=\"fig-paragraph\">Microsoft annonce-t-il une r\u00e9volution dans le\u00a0<a href=\"http:\/\/www.lefigaro.fr\/social\/deserts-medicaux-le-ministere-devoile-la-carte-des-151-zones-prioritaires-qui-recevront-des-generalistes-des-septembre-20250627\" data-fig-type=\"NewsFlash\" data-gtm-custom-categorie=\"navigation\" data-gtm-custom-action=\"crossclick\" data-gtm-custom-label=\"Contextuel\" data-gtm-event=\"customEventSPE\" data-fig-domain=\"LEFIGARO\" rel=\"nofollow noopener\" target=\"_blank\">domaine de la sant\u00e9<\/a>\u00a0? La multinationale am\u00e9ricaine a\u00a0<a href=\"https:\/\/microsoft.ai\/new\/the-path-to-medical-superintelligence\/\" target=\"_blank\" rel=\"nofollow noopener\" data-gtm-custom-categorie=\"navigation\" data-gtm-custom-action=\"crossclick\" data-gtm-custom-label=\"Contextuel\" data-gtm-event=\"customEventSPE\">pr\u00e9sent\u00e9 lundi<\/a>\u00a0les r\u00e9sultats d\u2019un syst\u00e8me d\u2019intelligence artificielle (IA) qui surpasserait l\u2019humain dans l\u2019identification de pathologies complexes. Un jalon qui, selon l\u2019entreprise, trace un \u00abchemin vers une superintelligence m\u00e9dicale\u00bb et promet une transformation radicale du secteur.<\/p>\n<p class=\"fig-paragraph\">Pilot\u00e9e par Mustafa Suleyman, pionnier britannique de la tech et directeur g\u00e9n\u00e9ral de Microsoft AI, l\u2019\u00e9quipe de chercheurs a con\u00e7u un syst\u00e8me &#8211; baptis\u00e9 MAI-DxO (Microsoft AI Diagnostic Orchestrator) &#8211; qui imite le raisonnement d\u2019un panel de m\u00e9decins sp\u00e9cialistes confront\u00e9s \u00e0 des cas \u00abdiagnostiquement complexes et intellectuellement exigeants\u00bb.<\/p>\n<p class=\"fig-paragraph\">Pour tester cette IA, Microsoft s\u2019est appuy\u00e9 sur plus de 300 \u00e9tudes de cas issues du New England Journal of Medicine, une prestigieuse revue m\u00e9dicale am\u00e9ricaine de renomm\u00e9e mondiale. La performance est saisissante\u00a0: associ\u00e9 au mod\u00e8le o3 d\u2019OpenAI, l\u2019IA de Microsoft a \u00abr\u00e9solu plus de huit cas sur dix\u00bb, l\u00e0 o\u00f9 les m\u00e9decins praticiens, isol\u00e9s de toute ressource externe, n\u2019ont atteint qu\u2019un taux de r\u00e9ussite de deux sur dix.<\/p>\n<p>Efficacit\u00e9 et compl\u00e9mentarit\u00e9<\/p>\n<p class=\"fig-paragraph\">L\u2019ambition affich\u00e9e de \u00absuperintelligence m\u00e9dicale\u00bb laisse entrevoir une transformation radicale du secteur. Si l\u2019intelligence artificielle g\u00e9n\u00e9rale (AGI) vise \u00e0 \u00e9galer l\u2019intellect humain, la superintelligence, elle, ambitionne de le d\u00e9passer dans tous les domaines cognitifs. Pour Mustafa Suleyman, PDG de Microsoft AI, \u00abil est clair que nous sommes sur la voie de syst\u00e8mes presque sans erreur d\u2019ici cinq \u00e0 dix ans. Ce sera un \u00e9norme soulagement pour tous les syst\u00e8mes de sant\u00e9 dans le monde\u00bb,\u00a0<a href=\"https:\/\/www.theguardian.com\/technology\/2025\/jun\/30\/microsoft-ai-system-better-doctors-diagnosing-health-conditions-research\" target=\"_blank\" rel=\"nofollow noopener\" data-gtm-custom-categorie=\"navigation\" data-gtm-custom-action=\"crossclick\" data-gtm-custom-label=\"Contextuel\" data-gtm-event=\"customEventSPE\">confie-t-il<\/a>\u00a0au quotidien britannique The Guardian.<\/p>\n<p class=\"fig-paragraph\">Toutefois, l\u2019entreprise se veut rassurante sur l\u2019avenir des praticiens. \u00abLe r\u00f4le clinique des m\u00e9decins va bien au-del\u00e0 du simple diagnostic. Ils doivent g\u00e9rer l\u2019ambigu\u00eft\u00e9 et instaurer la confiance avec les patients et leurs familles, choses pour lesquelles l\u2019IA n\u2019est pas con\u00e7ue.\u00bb L\u2019IA fera donc plut\u00f4t office d\u2019auxiliaire permettant aux soignants d\u2019automatiser certaines t\u00e2ches, d\u2019identifier plus t\u00f4t certaines maladies et de personnaliser les traitements.<\/p>\n<p class=\"fig-paragraph\">D\u2019autant que MAI-DxO n\u2019est pour l\u2019heure pas pr\u00eat pour une utilisation clinique imm\u00e9diate. La s\u00e9curit\u00e9, la validation clinique et la r\u00e9gulation restent des \u00e9tapes incontournables avant tout d\u00e9ploiement \u00e0 grande \u00e9chelle, insiste la multinationale. \u00abNous croyons fermement que l\u2019avenir de la sant\u00e9 passera par l\u2019alliance de l\u2019expertise humaine et de la puissance de l\u2019intelligence machine\u00bb, conclut l\u2019article.<\/p>\n","protected":false},"excerpt":{"rendered":"Selon les r\u00e9sultats d\u00e9voil\u00e9s lundi, son nouveau syst\u00e8me d\u2019intelligence surpasserait les m\u00e9decins humains dans l\u2019analyse de cas m\u00e9dicaux&hellip;\n","protected":false},"author":2,"featured_media":219215,"comment_status":"","ping_status":"","sticky":false,"template":"","format":"standard","meta":{"footnotes":""},"categories":[7],"tags":[47,722,723,1011,27,727,726,142,223,310,655,5533,720,719,43,40,41,39,724,725,717,42,44,718,721,728],"class_list":{"0":"post-219214","1":"post","2":"type-post","3":"status-publish","4":"format-standard","5":"has-post-thumbnail","7":"category-sciences-et-technologies","8":"tag-actualite","9":"tag-blog","10":"tag-blogs","11":"tag-fr","12":"tag-france","13":"tag-gadget","14":"tag-gadgets","15":"tag-high-tech","16":"tag-intelligence-artificielle","17":"tag-internet","18":"tag-iphone","19":"tag-microsoft","20":"tag-multimedia","21":"tag-nouvelles-technolgies","22":"tag-science","23":"tag-science-and-technology","24":"tag-sciences","25":"tag-sciences-et-technologies","26":"tag-smartphone","27":"tag-tablette","28":"tag-technologie","29":"tag-technologies","30":"tag-technology","31":"tag-tic","32":"tag-web","33":"tag-widgets"},"share_on_mastodon":{"url":"https:\/\/pubeurope.com\/@fr\/114780332593013179","error":""},"_links":{"self":[{"href":"https:\/\/www.europesays.com\/fr\/wp-json\/wp\/v2\/posts\/219214","targetHints":{"allow":["GET"]}}],"collection":[{"href":"https:\/\/www.europesays.com\/fr\/wp-json\/wp\/v2\/posts"}],"about":[{"href":"https:\/\/www.europesays.com\/fr\/wp-json\/wp\/v2\/types\/post"}],"author":[{"embeddable":true,"href":"https:\/\/www.europesays.com\/fr\/wp-json\/wp\/v2\/users\/2"}],"replies":[{"embeddable":true,"href":"https:\/\/www.europesays.com\/fr\/wp-json\/wp\/v2\/comments?post=219214"}],"version-history":[{"count":0,"href":"https:\/\/www.europesays.com\/fr\/wp-json\/wp\/v2\/posts\/219214\/revisions"}],"wp:featuredmedia":[{"embeddable":true,"href":"https:\/\/www.europesays.com\/fr\/wp-json\/wp\/v2\/media\/219215"}],"wp:attachment":[{"href":"https:\/\/www.europesays.com\/fr\/wp-json\/wp\/v2\/media?parent=219214"}],"wp:term":[{"taxonomy":"category","embeddable":true,"href":"https:\/\/www.europesays.com\/fr\/wp-json\/wp\/v2\/categories?post=219214"},{"taxonomy":"post_tag","embeddable":true,"href":"https:\/\/www.europesays.com\/fr\/wp-json\/wp\/v2\/tags?post=219214"}],"curies":[{"name":"wp","href":"https:\/\/api.w.org\/{rel}","templated":true}]}}