{"id":219228,"date":"2025-07-01T22:34:03","date_gmt":"2025-07-01T22:34:03","guid":{"rendered":"https:\/\/www.europesays.com\/fr\/219228\/"},"modified":"2025-07-01T22:34:03","modified_gmt":"2025-07-01T22:34:03","slug":"deux-concerts-pour-un-week-end-avec-la-chorale-impulson","status":"publish","type":"post","link":"https:\/\/www.europesays.com\/fr\/219228\/","title":{"rendered":"Deux concerts pour un week-end avec la chorale Impul\u2019son"},"content":{"rendered":"<p>Les cinq musiciens et quarante-cinq choristes du ch\u0153ur Impul\u2019son se produiront dans deux concerts ce week-end. Leur r\u00e9pertoire est compos\u00e9 de vari\u00e9t\u00e9 fran\u00e7aise, du Disco  de Juliette Armanent, en passant par Starmania, T\u00e9l\u00e9phone, Lavilliers, MC Solaar, Zaz\u2026<\/p>\n<p class=\"note\">Samedi 5\u00a0juillet, \u00e0 20\u00a0h\u00a030, et dimanche 6\u00a0juillet, \u00e0 15\u00a0h, au centre culturel Les Ecraignes, 6, rue Albert-1er, \u00e0 Villers-l\u00e8s-Nancy. Entr\u00e9e libre. Buvette \u00e0 l\u2019entracte.<\/p>\n","protected":false},"excerpt":{"rendered":"Les cinq musiciens et quarante-cinq choristes du ch\u0153ur Impul\u2019son se produiront dans deux concerts ce week-end. Leur r\u00e9pertoire&hellip;\n","protected":false},"author":2,"featured_media":219229,"comment_status":"","ping_status":"","sticky":false,"template":"","format":"standard","meta":{"footnotes":""},"categories":[9635],"tags":[1111,11,1687,1704,1777,674,1011,27,775,10262,873,1702,12,25,10261],"class_list":{"0":"post-219228","1":"post","2":"type-post","3":"status-publish","4":"format-standard","5":"has-post-thumbnail","7":"category-nancy","8":"tag-actu","9":"tag-actualites","10":"tag-culture-loisirs","11":"tag-edition-nancy-et-agglomeration","12":"tag-eu","13":"tag-europe","14":"tag-fr","15":"tag-france","16":"tag-grand-est","17":"tag-metropole-du-grand-nancy-54b5","18":"tag-musique","19":"tag-nancy","20":"tag-news","21":"tag-republique-francaise","22":"tag-villers-les-nancy"},"share_on_mastodon":{"url":"https:\/\/pubeurope.com\/@fr\/114780363979852489","error":""},"_links":{"self":[{"href":"https:\/\/www.europesays.com\/fr\/wp-json\/wp\/v2\/posts\/219228","targetHints":{"allow":["GET"]}}],"collection":[{"href":"https:\/\/www.europesays.com\/fr\/wp-json\/wp\/v2\/posts"}],"about":[{"href":"https:\/\/www.europesays.com\/fr\/wp-json\/wp\/v2\/types\/post"}],"author":[{"embeddable":true,"href":"https:\/\/www.europesays.com\/fr\/wp-json\/wp\/v2\/users\/2"}],"replies":[{"embeddable":true,"href":"https:\/\/www.europesays.com\/fr\/wp-json\/wp\/v2\/comments?post=219228"}],"version-history":[{"count":0,"href":"https:\/\/www.europesays.com\/fr\/wp-json\/wp\/v2\/posts\/219228\/revisions"}],"wp:featuredmedia":[{"embeddable":true,"href":"https:\/\/www.europesays.com\/fr\/wp-json\/wp\/v2\/media\/219229"}],"wp:attachment":[{"href":"https:\/\/www.europesays.com\/fr\/wp-json\/wp\/v2\/media?parent=219228"}],"wp:term":[{"taxonomy":"category","embeddable":true,"href":"https:\/\/www.europesays.com\/fr\/wp-json\/wp\/v2\/categories?post=219228"},{"taxonomy":"post_tag","embeddable":true,"href":"https:\/\/www.europesays.com\/fr\/wp-json\/wp\/v2\/tags?post=219228"}],"curies":[{"name":"wp","href":"https:\/\/api.w.org\/{rel}","templated":true}]}}