{"id":219234,"date":"2025-07-01T22:39:19","date_gmt":"2025-07-01T22:39:19","guid":{"rendered":"https:\/\/www.europesays.com\/fr\/219234\/"},"modified":"2025-07-01T22:39:19","modified_gmt":"2025-07-01T22:39:19","slug":"le-pays-de-lor-faconne-le-territoire-de-demain-avec-pepite","status":"publish","type":"post","link":"https:\/\/www.europesays.com\/fr\/219234\/","title":{"rendered":"le Pays de l&rsquo;Or fa\u00e7onne le territoire de demain avec \u00ab\u00a0P\u00e9pite\u00a0\u00bb"},"content":{"rendered":"<p>            Par<br \/>\n        <strong><br \/>\n            <a href=\"https:\/\/actu.fr\/auteur\/metropoop\" title=\"Consulter tous les articles de R\u00e9daction M\u00e9tropolitain\" target=\"_blank\" rel=\"noopener\">R\u00e9daction M\u00e9tropolitain<\/a><br \/>\n        <\/strong><\/p>\n<p>        Publi\u00e9 le<\/p>\n<p>            1 juil. 2025 \u00e0 17h22        <\/p>\n<p><strong>\u00ab\u00a0Fa\u00e7onnons l\u2019or de demain\u00a0\u00bb<\/strong>. C\u2019est sous cette ainsi que l\u2019<strong>Agglom\u00e9ration du Pays de l\u2019Or<\/strong> pr\u00e9sente son projet de territoire \u00ab\u00a0<strong>P\u00e9pite<\/strong>\u00ab\u00a0, telle une promesse d\u2019un avenir radieux et collaboratif pour cette nouvelle vision qui s\u2019inscrit \u00e0 l\u2019\u00e9chelle d\u2019une g\u00e9n\u00e9ration. Alors que <strong>Candillargues<\/strong> accueillait ses printani\u00e8res, ce samedi 28 juin, le pr\u00e9sident de l\u2019agglom\u00e9ration du Pays de l\u2019Or<strong> St\u00e9phan Rossignol<\/strong>, a profit\u00e9 de l\u2019occasion pour pr\u00e9senter aux habitants la restitution de ce projet de grande envergure et pr\u00eat \u00e0 sculpter un territoire dynamique, innovant et o\u00f9 le bien-\u00eatre r\u00e8gne en paix. \u00ab\u00a0Ce projet est l\u00e0 pour nous accompagner. Il sera la feuille de route des ann\u00e9es \u00e0 venir\u00a0\u00bb, s\u2019est-il r\u00e9jouit.\u00a0<\/p>\n<p class=\" wall-content\">\n<p>Une nouvelle page collective<\/p>\n<p class=\" wall-content\">10 ans apr\u00e8s son premier projet de territoire, le Pays de l\u2019Or poursuit l\u2019\u00e9criture de son histoire avec \u00ab\u00a0P\u00e9pite\u00a0\u00bb. Fruit d\u2019une concertation entre \u00e9lus, habitants et acteurs locaux, il esquisse les contours du futur de l\u2019agglom\u00e9ration. Pour cela, un profond questionnement sur les besoins fondamentaux des habitants a \u00e9t\u00e9 mis en place afin d\u2019y r\u00e9pondre au mieux, notamment sur les questions de logement, de comment se nourrir, se d\u00e9placer, travailler, se former, se soigner et se divertir.<\/p>\n<p class=\" wall-content\">Une concertation qui s\u2019est construite dans un premier temps par une <strong>phase d\u2019\u00e9coute<\/strong> durant laquelle les huit maires concern\u00e9s (Candillargues, la Grande Motte, Lansargues, Mauguio-Carnon, Mudaison, Palavas-les-Flots, Saint-Aun\u00e8s et Valergues) ont \u00e9t\u00e9 rencontr\u00e9s, une enqu\u00eate citoyenne a \u00e9t\u00e9 r\u00e9alis\u00e9e et des entretiens aupr\u00e8s des partenaires institutionnels, \u00e9conomiques et sociaux du territoire ont \u00e9t\u00e9 effectu\u00e9s. Dans un second temps, trois temps forts ont men\u00e9, de juin \u00e0 octobre 2024, la danse d\u2019une <strong>phase de sc\u00e9narisation<\/strong> :<\/p>\n<ul class=\" wall-content\">\n<li>Le Forum des futurs souhaitables, afin de partager l\u2019\u00e9tat des lieux et d\u00e9finir les grands enjeux et les orientations strat\u00e9giques.<\/li>\n<li>Le Forum des futurs souhaitables, pour d\u00e9terminer les objectifs op\u00e9rationnels et les chantiers prioritaires.<\/li>\n<li>Le Forum d\u2019action, dans l\u2019optique de d\u00e9cliner des actions concr\u00e8tes.<\/li>\n<\/ul>\n<p class=\" wall-content\">Puis, c\u2019est avec une <strong>phase contributive<\/strong> que s\u2019est conclue cette mise en place du projet \u00e0 travers huit rencontres publiques organis\u00e9es en mars et avril derniers dans chaque commune concern\u00e9e. L\u2019objectif ? Permettre aux habitants de r\u00e9agir aux propositions et de contribuer en partageant des exp\u00e9riences et leurs envies.\u00a0<\/p>\n<p>Vid\u00e9os : en ce moment sur ActuQuatre d\u00e9fis majeurs pour un projet concret<\/p>\n<p class=\" wall-content\">Valid\u00e9 par le conseil d\u2019agglom\u00e9ration de juin 2025, le projet se dessine autour de quatre d\u00e9fis majeurs \u00e0 relever :<\/p>\n<p class=\" wall-content\"><strong>D\u00e9fi 1 \u2013 \u00ab\u00a0Tissons nos proximit\u00e9s\u00a0\u00bb : <\/strong>Axe essentiel de l\u2019ADN du Pays de l\u2019Or, qui confirme son envie d\u2019\u00eatre une agglom\u00e9ration \u00e0 taille humaine. Une mani\u00e8re d\u2019accompagner les acteurs du territoire en r\u00e9affirmant le r\u00f4le des villages et centres-villes, en dynamisant les commerces, en facilitant les acc\u00e8s aux services publics, \u00e0 la sant\u00e9, au logement et aux transports, en valorisant l\u2019emploi et l\u2019\u00e9conomie locale, en accompagnant l\u2019installation des entreprises et en soutenant les fili\u00e8res historiques et strat\u00e9giques du territoire.\u00a0<\/p>\n<blockquote class=\"ac-article-quote wall-content\">\n<p>\u00ab\u00a0Nous voulons rendre l&rsquo;espace public attractif, agr\u00e9able \u00e0 vivre et \u00e0 partager afin de faire en sorte que les gens aient plaisir \u00e0 y venir, y rester et \u00e0 consommer\u00a0\u00bb<\/p>\n<p>    <strong>Anthony Melin<\/strong><br \/>\n        Maire de Candillargues    <\/p><\/blockquote>\n<p class=\" wall-content\"><strong>D\u00e9fi 2 \u2013 \u00ab\u00a0Prenons soin de chacun\u00a0\u00bb :\u00a0<\/strong>Ici, l\u2019id\u00e9e est claire. L\u2019agglom\u00e9ration s\u2019engage \u00e0 mettre l\u2019humain au c\u0153ur de ses priorit\u00e9s en soutenant l\u2019ensemble de ses habitants. Cela implique de faire de la sant\u00e9 l\u2019un des axes centraux gr\u00e2ce \u00e0 la mise en place d\u2019un Contrat Local de Sant\u00e9, un acc\u00e8s \u00e0 une alimentation saine et durable et l\u2019encouragement du sport-sant\u00e9 et de la mobilit\u00e9 active.<\/p>\n<p class=\" wall-content\">Au-del\u00e0 de cela, le Pays de l\u2019Or pense \u00e0 sa jeunesse gr\u00e2ce \u00e0 des investissements pour leur avenir et un accompagnement approfondi, mais n\u2019oublie pas sa population plus \u00e2g\u00e9e et s\u2019attache \u00e0 une envie de repenser l\u2019espace public et d\u2019adapter logements et mobilit\u00e9s tout en luttant contre l\u2019isolement pour ne laisser personne de c\u00f4t\u00e9. Une attention \u00e9galement port\u00e9e envers les populations pr\u00e9caires et les publics fragiles \u00e0 travers une lutte affirm\u00e9e contre la pr\u00e9carit\u00e9 alimentaire et une protection d\u00e9termin\u00e9e des personnes vuln\u00e9rables.\u00a0\u00a0<\/p>\n<p class=\" wall-content\"><strong>D\u00e9fi 3 \u2013 \u00ab\u00a0Composons un territoire plus vertueux\u00a0\u00bb :\u00a0<\/strong>Face au bouleversement li\u00e9 \u00e0 la crise climatique, l\u2019impact sur les ressources naturelles et les mutations \u00e9conomiques, l\u2019agglom\u00e9ration du Pays de l\u2019Or se veut actrice d\u00e8s \u00e0 pr\u00e9sent d\u2019une r\u00e9ponse lucide. Deviennent ainsi prioritaires la protection et la restauration des espaces et ressources naturelles, le d\u00e9veloppement d\u2019une autonomie durable du territoire, l\u2019adaptation aux changements climatiques et la limitation de l\u2019\u00e9mission de gaz \u00e0 effet de serre et l\u2019empreinte \u00e9cologique.\u00a0<\/p>\n<p class=\" wall-content\"><strong>D\u00e9fi 4 \u2013 \u00ab\u00a0Cultivons nos fiert\u00e9s, nos solidarit\u00e9s\u00a0\u00bb :\u00a0<\/strong>Au c\u0153ur du Pays de l\u2019Or, les traditions s\u2019accrochent \u00e0 une histoire fi\u00e8re et vibrante. Entre f\u00eates populaires, traditions \u00e9questres et bouvines, gastronomie et architectures, la culture camarguaise dessine un tableau aux couleurs vives qui se partage avec bonheur et authenticit\u00e9. L\u2019Agglom\u00e9ration tient \u00e0 prot\u00e9ger et valoriser son identit\u00e9, son patrimoine et ses traditions locales, d\u00e9fendre son littoral et son terroir, animer de nouvelles formes de partenariats entre le Pays de l\u2019Or, ses communes et les territoires voisins, et faire de l\u2019initiative citoyenne une source d\u2019inspiration.\u00a0<\/p>\n<p>C\u2019est quoi la suite ?\u00a0<\/p>\n<p class=\" wall-content\">\u00ab\u00a0P\u00e9pite\u00a0\u00bb est un projet ambitieux. Une ambition port\u00e9e par une vraie envie d\u2019agir de la part de l\u2019Agglom\u00e9ration. A ce travail na\u00eet pens\u00e9es multiples, l\u2019heure \u00e0 l\u2019action a d\u00e9finitivement sonn\u00e9 pour le Pays de l\u2019Or. Dans ce d\u00e9fi collectif, c\u2019est un travail collaboratif des huit communes, avec en parall\u00e8le un dialogue constant avec ses voisins Montpellier M\u00e9diterran\u00e9e M\u00e9tropole, la Communaut\u00e9 de Communes Terre de Camargue, la Communaut\u00e9 d\u2019Agglom\u00e9ration du Pays de Lunel et les autres intercommunalit\u00e9s, qui permettra de donner vie \u00e0 ces nouvelles strat\u00e9gies plus durables et adapt\u00e9es.<\/p>\n<p class=\" wall-content\">Aujourd\u2019hui, c\u2019est une nouvelle page qui s\u2019\u00e9crit pour un territoire qui se tourne vers l\u2019avenir, sans oublier son pass\u00e9 et en adaptant son pr\u00e9sent.\u00a0<\/p>\n<p class=\" wall-content\">Suivez toute l\u2019actualit\u00e9 de vos villes et m\u00e9dias favoris en vous inscrivant \u00e0 <a href=\"https:\/\/moncompte.actu.fr\" title=\"D\u00e9couvez Mon Actu\" rel=\"nofollow noopener\" data-trk=\"{&quot;cta&quot;:{&quot;action&quot;:&quot;https:\\\/\\\/moncompte.actu.fr&quot;,&quot;category&quot;:&quot;mon compte&quot;,&quot;from&quot;:&quot;article footer&quot;,&quot;name&quot;:&quot;Mon actu&quot;,&quot;type&quot;:&quot;cta&quot;}}\" target=\"_blank\">Mon Actu<\/a>.<\/p>\n","protected":false},"excerpt":{"rendered":"Par R\u00e9daction M\u00e9tropolitain Publi\u00e9 le 1 juil. 2025 \u00e0 17h22 \u00ab\u00a0Fa\u00e7onnons l\u2019or de demain\u00a0\u00bb. C\u2019est sous cette ainsi&hellip;\n","protected":false},"author":2,"featured_media":219235,"comment_status":"","ping_status":"","sticky":false,"template":"","format":"standard","meta":{"footnotes":""},"categories":[9599],"tags":[1111,11,1777,674,1011,27,2208,12,2680,25,104],"class_list":{"0":"post-219234","1":"post","2":"type-post","3":"status-publish","4":"format-standard","5":"has-post-thumbnail","7":"category-montpellier","8":"tag-actu","9":"tag-actualites","10":"tag-eu","11":"tag-europe","12":"tag-fr","13":"tag-france","14":"tag-montpellier","15":"tag-news","16":"tag-occitanie","17":"tag-republique-francaise","18":"tag-societe"},"share_on_mastodon":{"url":"https:\/\/pubeurope.com\/@fr\/114780383736740262","error":""},"_links":{"self":[{"href":"https:\/\/www.europesays.com\/fr\/wp-json\/wp\/v2\/posts\/219234","targetHints":{"allow":["GET"]}}],"collection":[{"href":"https:\/\/www.europesays.com\/fr\/wp-json\/wp\/v2\/posts"}],"about":[{"href":"https:\/\/www.europesays.com\/fr\/wp-json\/wp\/v2\/types\/post"}],"author":[{"embeddable":true,"href":"https:\/\/www.europesays.com\/fr\/wp-json\/wp\/v2\/users\/2"}],"replies":[{"embeddable":true,"href":"https:\/\/www.europesays.com\/fr\/wp-json\/wp\/v2\/comments?post=219234"}],"version-history":[{"count":0,"href":"https:\/\/www.europesays.com\/fr\/wp-json\/wp\/v2\/posts\/219234\/revisions"}],"wp:featuredmedia":[{"embeddable":true,"href":"https:\/\/www.europesays.com\/fr\/wp-json\/wp\/v2\/media\/219235"}],"wp:attachment":[{"href":"https:\/\/www.europesays.com\/fr\/wp-json\/wp\/v2\/media?parent=219234"}],"wp:term":[{"taxonomy":"category","embeddable":true,"href":"https:\/\/www.europesays.com\/fr\/wp-json\/wp\/v2\/categories?post=219234"},{"taxonomy":"post_tag","embeddable":true,"href":"https:\/\/www.europesays.com\/fr\/wp-json\/wp\/v2\/tags?post=219234"}],"curies":[{"name":"wp","href":"https:\/\/api.w.org\/{rel}","templated":true}]}}