{"id":219242,"date":"2025-07-01T22:43:16","date_gmt":"2025-07-01T22:43:16","guid":{"rendered":"https:\/\/www.europesays.com\/fr\/219242\/"},"modified":"2025-07-01T22:43:16","modified_gmt":"2025-07-01T22:43:16","slug":"environnement-le-bassin-dair-grenoblois-touche-par-un-episode-de-pollution","status":"publish","type":"post","link":"https:\/\/www.europesays.com\/fr\/219242\/","title":{"rendered":"Environnement. Le bassin d\u2019air grenoblois touch\u00e9 par un \u00e9pisode de pollution"},"content":{"rendered":"<p>La pr\u00e9fecture de l\u2019Is\u00e8re recommande notamment de s\u2019\u00e9loigner des grands axes routiers aux p\u00e9riodes de pointe, d\u2019\u00e9loigner les enfants de la pollution automobile, de limiter les sorties durant l\u2019apr\u00e8s-midi (13h-20h) comme les activit\u00e9s physiques et sportives intenses (dont les comp\u00e9titions) en plein air. En cas de sympt\u00f4mes ou d\u2019inqui\u00e9tudes, il faut prendre conseil aupr\u00e8s d\u2019un pharmacien ou d\u2019un m\u00e9decin.<\/p>\n<p>Sur la route, il est conseill\u00e9 d\u2019utiliser des modes de transports doux, de s\u2019abstenir de circuler avec des v\u00e9hicules ant\u00e9rieurs au 1er janvier 2006, d\u2019abaisser sa vitesse de 20 km\/h sur les voies pour lesquelles la vitesse maximale autoris\u00e9e est sup\u00e9rieure ou \u00e9gale \u00e0 90 km\/h et de ne pas d\u00e9passer le 70 km\/h sur les voies pour lesquelles la vitesse maximale autoris\u00e9e est \u00e9gale \u00e0 80 km\/h.<\/p>\n<p>Et s\u2019il est interdit de br\u00fbler les d\u00e9chets, pour les travaux d\u2019entretien ou de nettoyage, il est d\u00e9conseill\u00e9 d\u2019utiliser des outils non \u00e9lectriques (tondeuses, taille, haie, etc.) ni de solvants organiques (white-spirit, peinture, vernis d\u00e9coratifs, produits de retouche automobile, etc.).<\/p>\n","protected":false},"excerpt":{"rendered":"La pr\u00e9fecture de l\u2019Is\u00e8re recommande notamment de s\u2019\u00e9loigner des grands axes routiers aux p\u00e9riodes de pointe, d\u2019\u00e9loigner les&hellip;\n","protected":false},"author":2,"featured_media":219243,"comment_status":"","ping_status":"","sticky":false,"template":"","format":"standard","meta":{"footnotes":""},"categories":[9566],"tags":[1111,11,2430,6698,3542,112,113,114,436,1777,674,1011,27,2731,108,8423,12,1800,25,2803,800],"class_list":{"0":"post-219242","1":"post","2":"type-post","3":"status-publish","4":"format-standard","5":"has-post-thumbnail","7":"category-grenoble","8":"tag-actu","9":"tag-actualites","10":"tag-auvergne-rhone-alpes","11":"tag-canicule","12":"tag-circulation","13":"tag-edition-grenoble-agglomeration","14":"tag-edition-gresivaudan-oisans","15":"tag-edition-voiron-saint-marcellin","16":"tag-environnement","17":"tag-eu","18":"tag-europe","19":"tag-fr","20":"tag-france","21":"tag-grenoble","22":"tag-isere","23":"tag-meteorologie-climat","24":"tag-news","25":"tag-pollution","26":"tag-republique-francaise","27":"tag-transport","28":"tag-transports"},"share_on_mastodon":{"url":"https:\/\/pubeurope.com\/@fr\/114780399546492532","error":""},"_links":{"self":[{"href":"https:\/\/www.europesays.com\/fr\/wp-json\/wp\/v2\/posts\/219242","targetHints":{"allow":["GET"]}}],"collection":[{"href":"https:\/\/www.europesays.com\/fr\/wp-json\/wp\/v2\/posts"}],"about":[{"href":"https:\/\/www.europesays.com\/fr\/wp-json\/wp\/v2\/types\/post"}],"author":[{"embeddable":true,"href":"https:\/\/www.europesays.com\/fr\/wp-json\/wp\/v2\/users\/2"}],"replies":[{"embeddable":true,"href":"https:\/\/www.europesays.com\/fr\/wp-json\/wp\/v2\/comments?post=219242"}],"version-history":[{"count":0,"href":"https:\/\/www.europesays.com\/fr\/wp-json\/wp\/v2\/posts\/219242\/revisions"}],"wp:featuredmedia":[{"embeddable":true,"href":"https:\/\/www.europesays.com\/fr\/wp-json\/wp\/v2\/media\/219243"}],"wp:attachment":[{"href":"https:\/\/www.europesays.com\/fr\/wp-json\/wp\/v2\/media?parent=219242"}],"wp:term":[{"taxonomy":"category","embeddable":true,"href":"https:\/\/www.europesays.com\/fr\/wp-json\/wp\/v2\/categories?post=219242"},{"taxonomy":"post_tag","embeddable":true,"href":"https:\/\/www.europesays.com\/fr\/wp-json\/wp\/v2\/tags?post=219242"}],"curies":[{"name":"wp","href":"https:\/\/api.w.org\/{rel}","templated":true}]}}