{"id":219246,"date":"2025-07-01T22:45:31","date_gmt":"2025-07-01T22:45:31","guid":{"rendered":"https:\/\/www.europesays.com\/fr\/219246\/"},"modified":"2025-07-01T22:45:31","modified_gmt":"2025-07-01T22:45:31","slug":"combien-ca-rapporte-voici-les-chiffres","status":"publish","type":"post","link":"https:\/\/www.europesays.com\/fr\/219246\/","title":{"rendered":"combien \u00e7a rapporte ? Voici les chiffres"},"content":{"rendered":"<p>            Par<br \/>\n        <strong><br \/>\n            <a href=\"https:\/\/actu.fr\/auteur\/redaction-rennes\" title=\"Consulter tous les articles de R\u00e9daction Rennes\" target=\"_blank\" rel=\"noopener\">R\u00e9daction Rennes<\/a><br \/>\n        <\/strong><\/p>\n<p>        Publi\u00e9 le<\/p>\n<p>            1 juil. 2025 \u00e0 12h53        <\/p>\n<p>Assurer <strong>la rotation des places<\/strong> pour les commer\u00e7ants et habitants, lutter <strong>contre les voitures \u00ab\u2009ventouses\u2009\u00bb,<\/strong> faire en sorte de <strong>favoriser l\u2019\u00e9quit\u00e9<\/strong> entre les usagers\u2009: c\u2019est en ces termes que la Ville de Rennes a d\u00e9cid\u00e9 de <strong>renforcer le contr\u00f4le de places de stationnements payants<\/strong> dans la capitale bretonne.<\/p>\n<p class=\" wall-content\">En 2024, <strong>1\u2009778\u2009027 places ont \u00e9t\u00e9 contr\u00f4l\u00e9es<\/strong> et <strong>1\u2009244\u2009160 v\u00e9hicules ont \u00e9t\u00e9 scann\u00e9s<\/strong> par les voitures LAPI (pour Lecture automatique des plaques d\u2019immatriculation).<\/p>\n<p>Plus de contr\u00f4les<\/p>\n<p class=\" wall-content\">Pour rappel, la Ville de Rennes a fait le choix, <strong>au 1\u1d49\u02b3 janvier\u00a02024<\/strong>, de remplacer les contr\u00f4les jusque-l\u00e0 effectu\u00e9s par les agents municipaux de surveillance de voie publique (ASVP) par <strong>SPL Cit\u00e9dia M\u00e9tropole<\/strong>, via <a href=\"https:\/\/actu.fr\/bretagne\/rennes_35238\/stationnement-a-rennes-voici-ce-qui-va-changer-avec-l-arrivee-des-voitures-radars_60186027.html\" target=\"_blank\" rel=\"noopener\">le contr\u00f4le des voitures LAPI, pour un contrat d\u2019une dur\u00e9e de cinq ans<\/a>.<\/p>\n<blockquote class=\"ac-article-quote wall-content\">\n<p>Ce changement d&rsquo;organisation a \u00e9t\u00e9 motiv\u00e9 par l&rsquo;\u00e9volution des missions ASVP, ceux-ci ayant int\u00e9gr\u00e9 la Brigade anti-incivilit\u00e9s (BAI) nouvellement cr\u00e9\u00e9e. Il a \u00e9galement \u00e9t\u00e9 guid\u00e9 par la n\u00e9cessit\u00e9 d&rsquo;adapter les moyens de surveillance de stationnement du fait de l&rsquo;extension progressive du p\u00e9rim\u00e8tre payant. <\/p>\n<p>    <strong>Ville de Rennes<\/strong>\n            <\/p><\/blockquote>\n<p class=\" wall-content\">En effet, <a href=\"https:\/\/actu.fr\/bretagne\/rennes_35238\/cartes-rennes-le-stationnement-payant-etendu-a-de-nouveaux-quartiers-voici-les-rues-concernees_62417412.html\" target=\"_blank\" rel=\"noopener\">depuis le 16\u00a0juin, le p\u00e9rim\u00e8tre du stationnement payant a \u00e9t\u00e9 <strong>\u00e9tendu<\/strong><\/a> sur les secteurs de <strong>Maurepas, Sainte-Th\u00e9r\u00e8se, Mauconseil, Madeleine.<\/strong> Une prochaine extension est pr\u00e9vue <strong>en octobre\u00a02025<\/strong> (Saint-Martin, Tanneurs et Antrain).<\/p>\n<p class=\" wall-content\">Au total, Rennes enregistre <strong>+\u00a010\u2009% de stationnements payants en 2023<\/strong> et <strong>+\u00a010\u2009% de stationnements payants en 2024<\/strong>.<\/p>\n<p>Le nombre d\u2019amendes en hausse<\/p>\n<p class=\" wall-content\">Concr\u00e8tement, <strong>les v\u00e9hicules LAPI<\/strong> permettent d\u2019effectuer <strong>un \u00ab\u2009pr\u00e9-contr\u00f4le\u2009\u00bb<\/strong> des v\u00e9hicules de stationnement dans les zones payantes et, \u00ab\u2009en cas d\u2019absence ou d\u2019insuffisance de paiement, et apr\u00e8s consultation des images et des v\u00e9rifications des informations remont\u00e9es par le syst\u00e8me, un agent de contr\u00f4le \u00e9met<strong> un forfait de post-stationnement (FPS)\u2009\u00bb \u2013 en d\u2019autres termes, une amende.<\/strong><\/p>\n<p class=\" wall-content\">Le FPS est transmis \u00e0 l\u2019Agence nationale de traitement automatis\u00e9 des infractions <strong>(ANTAI),<\/strong> charg\u00e9 d\u2019\u00e9tablir l\u2019avis de paiement et de le notifier au destinataire.<\/p>\n<p class=\" wall-content\">Selon la Ville de Rennes, en raison du renforcement des contr\u00f4les\u2009:<\/p>\n<ul class=\" wall-content\">\n<li><strong>le nombre de FPS enregistre +\u00a060\u2009%<\/strong> entre\u00a02023 et\u00a02024\u2009;<\/li>\n<li>dans le m\u00eame temps, <strong>le taux de contestation de FPS<\/strong> a \u00e9galement augment\u00e9\u2009: il est de 4,9\u2009% en 2024 contre 2,8\u2009% en 2023\u2009;<\/li>\n<li><strong>le taux de fraude<\/strong>, a, quant \u00e0 lui, <strong>nettement descendu<\/strong>\u2009: de 30 \u00e0 35\u2009% en 2023, il s\u2019\u00e9tablit \u00e0 <strong>12,6\u2009% en 2024<\/strong>. Le taux de fraude aux autorisations sp\u00e9ciales (droit \u00e0 la gratuit\u00e9 de stationnement pour les PMR titulaires CMI-S, Carte mobilit\u00e9 inclusion, par exemple) s\u2019\u00e9tablit \u00e0 3,6\u2009%.<\/li>\n<\/ul>\n<p>Effectuer un recours<\/p>\n<p>Pour contester une amende, les particuliers doivent d\u00e9poser un RAPO, c&rsquo;est-\u00e0-dire un Recours administratif pr\u00e9alable obligatoire. En 2024, 4 516 RAPO ont \u00e9t\u00e9 accept\u00e9s, 2 532 ont \u00e9t\u00e9 rejet\u00e9s et 567 ont \u00e9t\u00e9 jug\u00e9s irrecevables, indique la Ville de Rennes, \u00ab\u00a0principalement pour non-respect des d\u00e9lais du stationnement payant\u00a0\u00bb.<\/p>\n<p>En cas de rejet ou d&rsquo;irrecevabilit\u00e9 du RAPO, les usagers peuvent d\u00e9poser un recours devant le tribunal du stationnement payant (TSP) (ex-Commission du contentieux du stationnement payant CCSP).<\/p>\n<p>9\u00a0millions d\u2019euros<\/p>\n<p class=\" wall-content\">Comme le pr\u00e9cise la Ville de Rennes, <strong>les recettes<\/strong> engendr\u00e9es par les <strong>paiements imm\u00e9diats<\/strong> (horodateurs ou via l\u2019application Flowbird\u2026) sont en augmentation\u2009: elles \u00e9taient de 4,5 millions d\u2019euros en 2023, elles sont de<strong> 5,2\u00a0millions en 2024<\/strong>.<\/p>\n<p class=\" wall-content\">Les recettes des FPS sont \u00e9galement en augmentation puisque l\u2019on passe de 2,4 millions en 2023 \u00e0 <strong>3,8\u00a0millions en 2024<\/strong>.<\/p>\n<p class=\" wall-content\">Ces chiffres sont \u00e0 mettre en balance avec les d\u00e9penses que suscitent les contr\u00f4les sur les voiries\u2009:<\/p>\n<ul class=\" wall-content\">\n<li>1\u2009479\u2009314,58\u00a0euros (TTC) pour les prestations de contr\u00f4le assur\u00e9es par Cit\u00e9dia M\u00e9tropole\u2009;<\/li>\n<li>283\u2009086,67\u00a0euros (TTC) pour les prestations de gestion des recours assur\u00e9es par Cit\u00e9dia M\u00e9tropole\u2009; soit un total de<strong> 1\u2009762\u2009401, 25\u00a0euros<\/strong> (TTC).<\/li>\n<li><strong>285\u2009479,37\u00a0euros<\/strong> (TTC) pour les prestations r\u00e9alis\u00e9es par <strong>l\u2019ANTAI<\/strong> (traitement, impression, et mise sous pli des avis de paiement des FPS initiaux et rectificatifs, sans oublier les frais d\u2019affranchissement)\u2009;<\/li>\n<li>\u00ab\u2009d\u2019autres d\u00e9penses variables\u2009\u00bb, ajoute la Ville de Rennes, comprenant les ressources humaines de la collectivit\u00e9, le renouvellement et la maintenance des horodateurs ou encore la gestion des prestations des horodateurs.<\/li>\n<\/ul>\n<p class=\" wall-content\">Ces recettes de FPS sont <strong>\u00ab\u2009majoritairement affect\u00e9es<\/strong> au budget de Rennes M\u00e9tropole afin de <strong>financer les projets mobilit\u00e9\u2009\u00bb<\/strong>, ajoute la Ville.<\/p>\n<p class=\" wall-content\"><strong>\u00ab\u2009Le bilan financier reste stable\u2009\u00bb,<\/strong> conclut la Ville de Rennes, \u00ab\u2009car les charges ont augment\u00e9 dans les m\u00eames proportions que les recettes.\u2009\u00bb<\/p>\n<p class=\" wall-content\">Suivez toute l\u2019actualit\u00e9 de vos villes et m\u00e9dias favoris en vous inscrivant \u00e0 <a href=\"https:\/\/moncompte.actu.fr\" title=\"D\u00e9couvez Mon Actu\" rel=\"nofollow noopener\" data-trk=\"{&quot;cta&quot;:{&quot;action&quot;:&quot;https:\\\/\\\/moncompte.actu.fr&quot;,&quot;category&quot;:&quot;mon compte&quot;,&quot;from&quot;:&quot;article footer&quot;,&quot;name&quot;:&quot;Mon actu&quot;,&quot;type&quot;:&quot;cta&quot;}}\" target=\"_blank\">Mon Actu<\/a>.<\/p>\n","protected":false},"excerpt":{"rendered":"Par R\u00e9daction Rennes Publi\u00e9 le 1 juil. 2025 \u00e0 12h53 Assurer la rotation des places pour les commer\u00e7ants&hellip;\n","protected":false},"author":2,"featured_media":219247,"comment_status":"","ping_status":"","sticky":false,"template":"","format":"standard","meta":{"footnotes":""},"categories":[2821],"tags":[1111,11,7622,829,1777,674,1011,27,12,584,25,104,6173],"class_list":{"0":"post-219246","1":"post","2":"type-post","3":"status-publish","4":"format-standard","5":"has-post-thumbnail","7":"category-rennes","8":"tag-actu","9":"tag-actualites","10":"tag-amendes","11":"tag-bretagne","12":"tag-eu","13":"tag-europe","14":"tag-fr","15":"tag-france","16":"tag-news","17":"tag-rennes","18":"tag-republique-francaise","19":"tag-societe","20":"tag-stationnement"},"share_on_mastodon":{"url":"https:\/\/pubeurope.com\/@fr\/114780407306879080","error":""},"_links":{"self":[{"href":"https:\/\/www.europesays.com\/fr\/wp-json\/wp\/v2\/posts\/219246","targetHints":{"allow":["GET"]}}],"collection":[{"href":"https:\/\/www.europesays.com\/fr\/wp-json\/wp\/v2\/posts"}],"about":[{"href":"https:\/\/www.europesays.com\/fr\/wp-json\/wp\/v2\/types\/post"}],"author":[{"embeddable":true,"href":"https:\/\/www.europesays.com\/fr\/wp-json\/wp\/v2\/users\/2"}],"replies":[{"embeddable":true,"href":"https:\/\/www.europesays.com\/fr\/wp-json\/wp\/v2\/comments?post=219246"}],"version-history":[{"count":0,"href":"https:\/\/www.europesays.com\/fr\/wp-json\/wp\/v2\/posts\/219246\/revisions"}],"wp:featuredmedia":[{"embeddable":true,"href":"https:\/\/www.europesays.com\/fr\/wp-json\/wp\/v2\/media\/219247"}],"wp:attachment":[{"href":"https:\/\/www.europesays.com\/fr\/wp-json\/wp\/v2\/media?parent=219246"}],"wp:term":[{"taxonomy":"category","embeddable":true,"href":"https:\/\/www.europesays.com\/fr\/wp-json\/wp\/v2\/categories?post=219246"},{"taxonomy":"post_tag","embeddable":true,"href":"https:\/\/www.europesays.com\/fr\/wp-json\/wp\/v2\/tags?post=219246"}],"curies":[{"name":"wp","href":"https:\/\/api.w.org\/{rel}","templated":true}]}}