{"id":219248,"date":"2025-07-01T22:46:47","date_gmt":"2025-07-01T22:46:47","guid":{"rendered":"https:\/\/www.europesays.com\/fr\/219248\/"},"modified":"2025-07-01T22:46:47","modified_gmt":"2025-07-01T22:46:47","slug":"narcotrafic-a-rennes-les-bailleurs-sociaux-trop-peu-impliques-lintervention-piquante-du-prefet","status":"publish","type":"post","link":"https:\/\/www.europesays.com\/fr\/219248\/","title":{"rendered":"Narcotrafic \u00e0 Rennes. Les bailleurs sociaux, trop peu impliqu\u00e9s ? L&rsquo;intervention (piquante) du pr\u00e9fet"},"content":{"rendered":"<p>            Par<br \/>\n        <strong><br \/>\n            <a href=\"https:\/\/actu.fr\/auteur\/laurene-fertin\" title=\"Consulter tous les articles de Laur\u00e8ne Fertin\" rel=\"nofollow noopener\" target=\"_blank\">Laur\u00e8ne Fertin<\/a><br \/>\n        <\/strong><\/p>\n<p>        Publi\u00e9 le<\/p>\n<p>            1 juil. 2025 \u00e0 16h46        <\/p>\n<p>C\u2019\u00e9tait la premi\u00e8re fois, lundi 30\u00a0juin 2025, que participaient le pr\u00e9fet de Bretagne et d\u2019Ille-et-Vilaine <a href=\"https:\/\/actu.fr\/bretagne\/rennes_35238\/qui-est-amaury-de-saint-quentin-le-nouveau-prefet-de-bretagne-et-d-ille-et-vilaine_61721038.html\" rel=\"nofollow noopener\" target=\"_blank\"><strong>Amaury de Saint-Quentin<\/strong><\/a> et le procureur de la R\u00e9publique, <a href=\"https:\/\/actu.fr\/bretagne\/rennes_35238\/rennes-qui-est-frederic-teillet-nouveau-procureur-de-la-republique_61669894.html\" rel=\"nofollow noopener\" target=\"_blank\"><strong>Fr\u00e9d\u00e9ric Teillet<\/strong><\/a>, <strong>au conseil municipal<\/strong> de la Ville de Rennes. L\u2019objectif <a href=\"https:\/\/actu.fr\/bretagne\/rennes_35238\/narcotrafic-a-rennes-la-maire-nathalie-appere-invite-le-procureur-et-le-prefet-au-conseil-municipal_62658297.html\" rel=\"nofollow noopener\" target=\"_blank\">d\u2019une telle invitation par la maire de Rennes, Nathalie App\u00e9r\u00e9<\/a>\u2009? <strong>Que les principaux responsables de l\u2019action publique<\/strong>\u00a0exposent les <strong>actions<\/strong> et <strong>dispositifs<\/strong> mis en \u0153uvre pour <strong>lutter contre le trafic de drogues<\/strong> dans la m\u00e9tropole rennaise.<\/p>\n<p class=\" wall-content\">Tour \u00e0 tour, pr\u00e9fet et procureur se sont exprim\u00e9s au micro avant de r\u00e9pondre aux questions des diff\u00e9rents partis politiques\u2009: Libres d\u2019agir pour Rennes, G\u00e9n\u00e9ration.s, Groupe \u00e9cologiste et citoyen, Parti Radical, Groupe communiste, R\u00e9v\u00e9ler Rennes.<\/p>\n<p class=\" wall-content\"><strong>Sur le fond<\/strong> du sujet\u2009: chacun \u00e9tait \u00ab\u2009tout \u00e0 fait clair\u2009\u00bb quant \u00e0 la volont\u00e9 de \u00ab\u2009combattre\u2009\u00bb le narcotrafic dans Rennes et sa m\u00e9tropole.<strong> Sur la forme<\/strong>\u2009: <strong>chiffres, faits, enqu\u00eates, moyens<\/strong> ont \u00e9t\u00e9 \u00e9gren\u00e9s. Rien que nous ne sachions d\u00e9j\u00e0.<\/p>\n<p class=\" wall-content\">Toutefois, <strong>un point moins usuel<\/strong>\u00a0a \u00e9t\u00e9 soulev\u00e9 par Honor\u00e9 Puil, vice-pr\u00e9sident de Rennes M\u00e9tropole en charge de l\u2019habitat et pr\u00e9sident du <strong><a href=\"https:\/\/parti-radical-rennes.fr\/\" rel=\"nofollow noopener\" target=\"_blank\">Parti Radical<\/a>\u00a0<\/strong>\u00e0 la Ville de Rennes\u2009: <strong>l\u2019impact du narcotrafic sur le parc social<\/strong> et, plus pr\u00e9cis\u00e9ment, <strong>sur les bailleurs sociaux<\/strong>.<\/p>\n<p>\u00ab\u2009Un manque de moyens structurels\u2009\u00bb<\/p>\n<p class=\" wall-content\">Pr\u00e9sident d\u2019Archipel Habitat, Honor\u00e9 Puil s\u2019est exprim\u00e9 au nom des bailleurs sociaux, <strong>\u00ab\u2009aujourd\u2019hui [acteurs] en premi\u00e8re ligne<\/strong> face au fl\u00e9au du narcotrafic\u2009\u00bb.<\/p>\n<blockquote class=\"ac-article-quote wall-content\">\n<p>Les bailleurs sociaux ne sont pas, par d\u00e9finition, des acteurs de la s\u00e9curit\u00e9 publique. Mais ils sont des partenaires engag\u00e9s. Et, \u00e0 ce titre, ils ont aujourd\u2019hui le sentiment de buter sur les limites des outils \u00e0 leur disposition comme sur le manque de moyens structurels pour lutter durablement contre le trafic.<\/p>\n<p>    <strong>Honor\u00e9 Puil<\/strong><br \/>\n        Vice-pr\u00e9sident de Rennes M\u00e9tropole en charge de l\u2019habitat et pr\u00e9sident du Parti Radical\u00a0\u00e0 la Ville de Rennes    <\/p><\/blockquote>\n<p class=\" wall-content\">Honor\u00e9 Puil se d\u00e9sole par ailleurs que <strong>\u00ab\u2009les proc\u00e9dures de r\u00e9siliation de bail [soient] trop longues<\/strong> \u2013 m\u00eame dans les cas de complicit\u00e9s av\u00e9r\u00e9es avec des r\u00e9seaux de stup\u00e9fiants\u2009\u00bb et qu\u2019il est \u00ab\u2009anormal que la proc\u00e9dure de conciliation pr\u00e9alable \u00e0 la r\u00e9siliation expose [les] collaborateurs \u00e0 des individus li\u00e9s au trafic\u2009\u00bb, mettant<strong> \u00ab\u2009leur s\u00e9curit\u00e9 en p\u00e9ril\u2009\u00bb.<\/strong><\/p>\n<p class=\" wall-content\">L\u2019\u00e9lu demande, en bref, <strong>un \u00ab\u2009engagement total,<\/strong> des r\u00e9ponses concr\u00e8tes, d\u2019un \u00c9tat pleinement mobilis\u00e9 \u00e0 [leur] c\u00f4t\u00e9s\u2009\u00bb.<\/p>\n<p>\u00ab\u00a0Un ph\u00e9nom\u00e8ne bien r\u00e9el\u00a0\u00bb<\/p>\n<p>Selon Amaury de Saint-Quentin, il n\u2019y a pas \u00ab\u00a0d\u2019explosion de la d\u00e9linquance \u00e0 Rennes\u00a0\u00bb, en revanche, \u00ab\u00a0la ville fait face \u00e0 une croissance pr\u00e9occupante de trafics de stup\u00e9fiants\u00a0\u00bb.<\/p>\n<p>La consommation, importante, concerne essentiellement les usagers pr\u00e9caires et les consommateurs lors des \u00e9v\u00e9nements festifs. <\/p>\n<p>Les faits li\u00e9s \u00e0 la consommation de stup\u00e9fiants ont \u00e9t\u00e9 multipli\u00e9s par 3,5. Rennes est pass\u00e9e de 532 faits en moyenne annuelle pour la p\u00e9riode 2016-2019 \u00e0 1 920 en 2024. <\/p>\n<p>Les faits li\u00e9s au trafic de stup\u00e9fiants ont plus que doubl\u00e9 depuis 2016, passant d\u2019environ 200 faits par an en 2016\/2017 \u00e0 environ 500 faits par an en 2023\/2024, pr\u00e9cis\u00e9ment 492 en 2024 et 517 en 2023.<\/p>\n<p>\u00ab\u2009R\u00e9gler une question de badge\u2009\u00bb<\/p>\n<p class=\" wall-content\">Questionn\u00e9 sur de nombreux sujets par les diff\u00e9rents partis, Amaury de Saint-Quentin n\u2019a pas manqu\u00e9 de r\u00e9pondre pr\u00e9cis\u00e9ment \u00e0 l\u2019interrogation de l\u2019\u00e9lu :<\/p>\n<blockquote class=\"ac-article-quote wall-content\">\n<p>Vous avez dit que les bailleurs sociaux n\u2019\u00e9taient pas des acteurs de la s\u00e9curit\u00e9 publique. Ce ne sont effectivement pas des policiers, bien s\u00fbr, mais ils font pleinement partie du continuum de s\u00e9curit\u00e9 : ils ont des gardiens, des cam\u00e9ras, des capacit\u00e9s d&rsquo;adaptation des b\u00e2timents, des remont\u00e9es d\u2019informations. Ils peuvent s&rsquo;organiser sur les questions de s\u00e9curit\u00e9 en groupements inter-bailleurs. Cela existe dans d&rsquo;autres villes. <\/p>\n<p>    <strong>Amaury de Saint-Quentin<\/strong><br \/>\n        Pr\u00e9fet de Bretagne et d&rsquo;Ille-et-Vilaine    <\/p><\/blockquote>\n<p class=\" wall-content\">\u00ab\u2009En tout \u00e9tat de cause il est important qu\u2019ils nous soutiennent, acteurs de l\u2019action publique\u2009\u00bb, a soulign\u00e9 le pr\u00e9fet, visiblement en d\u00e9saccord.<\/p>\n<p>\u00ab\u2009Une question de badge\u2009\u00bb<\/p>\n<p class=\" wall-content\">Le pr\u00e9fet a ensuite abord\u00e9 une autre question, \u00ab\u2009anecdotique\u2009\u00bb\u2009:<\/p>\n<blockquote class=\"ac-article-quote wall-content\">\n<p>Nous devons r\u00e9gler une question de badge pour que toutes les unit\u00e9s de police puissent acc\u00e9der aux halls d&rsquo;immeuble. J&rsquo;en profite d&rsquo;\u00eatre dans ce conseil municipal pour le dire :\u2009j&rsquo;ai pu m&rsquo;\u00e9tonner qu&rsquo;au regard des enjeux, les bailleurs ne trouvent pas les ressources pour les fournir, sans entrer dans des consid\u00e9rations budg\u00e9taires qui paraissent souvent d\u00e9cal\u00e9es par rapport aux enjeux.<\/p>\n<p>    <strong>Amaury de Saint-Quentin<\/strong><br \/>\n        Pr\u00e9fet de Bretagne et d&rsquo;Ille-et-Vilaine    <\/p><\/blockquote>\n<p class=\" wall-content\">\u00ab\u2009J\u2019entends que les proc\u00e9dures de r\u00e9siliation de bail sont longues et complexes, mais <strong>sont-elles pour autant ouvertes en nombre suffisant<\/strong> par les bailleurs\u2009? Je pose la question\u2009\u00bb, s\u2019est-il interrog\u00e9.<\/p>\n<blockquote class=\"ac-article-quote wall-content\">\n<p>Au regard des nuisances que vous avez d\u00e9crites, j\u2019ai aussi \u00e9t\u00e9 \u00e9tonn\u00e9 d\u2019entendre dire que le stockage de coca\u00efne dans un appartement n\u2019\u00e9tait pas une source suffisante pour fonder la r\u00e9siliation du bail. Je suis aussi surpris d\u2019entendre parfois que la r\u00e9siliation de bail de parents dont le fils stocke des stup\u00e9fiants en quantit\u00e9 tr\u00e8s importante dans sa chambre ne peut \u00eatre tent\u00e9 au motif que les parents n&rsquo;\u00e9taient pas au courant.<\/p>\n<p>    <strong>Amaury de Saint-Quentin<\/strong><br \/>\n        Pr\u00e9fet de Bretagne et d&rsquo;Ille-et-Vilaine    <\/p><\/blockquote>\n<p class=\" wall-content\">\u00ab\u2009Nous serons aux c\u00f4t\u00e9s des bailleurs\u2009\u00bb, temp\u00e8re Amaury de Saint-Quentin, \u00ab\u2009n\u2019en doutez pas\u2009; nous attendons aussi d\u2019eux qu\u2019ils soient \u00e0 l\u2019initiative <strong>pour proposer des adaptations<\/strong> [\u2026] \u00e0 la nouvelle donne du narcotrafic.\u2009\u00bb<\/p>\n<p class=\" wall-content\">Suivez toute l\u2019actualit\u00e9 de vos villes et m\u00e9dias favoris en vous inscrivant \u00e0 <a href=\"https:\/\/moncompte.actu.fr\" title=\"D\u00e9couvez Mon Actu\" rel=\"nofollow noopener\" data-trk=\"{&quot;cta&quot;:{&quot;action&quot;:&quot;https:\\\/\\\/moncompte.actu.fr&quot;,&quot;category&quot;:&quot;mon compte&quot;,&quot;from&quot;:&quot;article footer&quot;,&quot;name&quot;:&quot;Mon actu&quot;,&quot;type&quot;:&quot;cta&quot;}}\" target=\"_blank\">Mon Actu<\/a>.<\/p>\n","protected":false},"excerpt":{"rendered":"Par Laur\u00e8ne Fertin Publi\u00e9 le 1 juil. 2025 \u00e0 16h46 C\u2019\u00e9tait la premi\u00e8re fois, lundi 30\u00a0juin 2025, que&hellip;\n","protected":false},"author":2,"featured_media":219249,"comment_status":"","ping_status":"","sticky":false,"template":"","format":"standard","meta":{"footnotes":""},"categories":[2821],"tags":[1111,11,829,1052,1777,674,118,1011,27,303,12,1072,584,25],"class_list":{"0":"post-219248","1":"post","2":"type-post","3":"status-publish","4":"format-standard","5":"has-post-thumbnail","7":"category-rennes","8":"tag-actu","9":"tag-actualites","10":"tag-bretagne","11":"tag-drogue","12":"tag-eu","13":"tag-europe","14":"tag-faits-divers","15":"tag-fr","16":"tag-france","17":"tag-justice","18":"tag-news","19":"tag-police","20":"tag-rennes","21":"tag-republique-francaise"},"share_on_mastodon":{"url":"https:\/\/pubeurope.com\/@fr\/114780415295932298","error":""},"_links":{"self":[{"href":"https:\/\/www.europesays.com\/fr\/wp-json\/wp\/v2\/posts\/219248","targetHints":{"allow":["GET"]}}],"collection":[{"href":"https:\/\/www.europesays.com\/fr\/wp-json\/wp\/v2\/posts"}],"about":[{"href":"https:\/\/www.europesays.com\/fr\/wp-json\/wp\/v2\/types\/post"}],"author":[{"embeddable":true,"href":"https:\/\/www.europesays.com\/fr\/wp-json\/wp\/v2\/users\/2"}],"replies":[{"embeddable":true,"href":"https:\/\/www.europesays.com\/fr\/wp-json\/wp\/v2\/comments?post=219248"}],"version-history":[{"count":0,"href":"https:\/\/www.europesays.com\/fr\/wp-json\/wp\/v2\/posts\/219248\/revisions"}],"wp:featuredmedia":[{"embeddable":true,"href":"https:\/\/www.europesays.com\/fr\/wp-json\/wp\/v2\/media\/219249"}],"wp:attachment":[{"href":"https:\/\/www.europesays.com\/fr\/wp-json\/wp\/v2\/media?parent=219248"}],"wp:term":[{"taxonomy":"category","embeddable":true,"href":"https:\/\/www.europesays.com\/fr\/wp-json\/wp\/v2\/categories?post=219248"},{"taxonomy":"post_tag","embeddable":true,"href":"https:\/\/www.europesays.com\/fr\/wp-json\/wp\/v2\/tags?post=219248"}],"curies":[{"name":"wp","href":"https:\/\/api.w.org\/{rel}","templated":true}]}}