{"id":219251,"date":"2025-07-01T22:48:22","date_gmt":"2025-07-01T22:48:22","guid":{"rendered":"https:\/\/www.europesays.com\/fr\/219251\/"},"modified":"2025-07-01T22:48:22","modified_gmt":"2025-07-01T22:48:22","slug":"strasbourg-les-elus-redoutent-un-coup-de-rabot-sur-les-investissements-de-renovation-urbaine","status":"publish","type":"post","link":"https:\/\/www.europesays.com\/fr\/219251\/","title":{"rendered":"Strasbourg. Les \u00e9lus redoutent un coup de rabot sur les investissements de r\u00e9novation urbaine"},"content":{"rendered":"<p>Comme chaque mercredi, les habitu\u00e9s profitent du march\u00e9 de l\u2019Elsau \u00e0 l\u2019ombre des arbres de l\u2019all\u00e9e Watteau. Un ronron \u00e0 peine troubl\u00e9 ce 25 juin par la visite du pr\u00e9sident de l\u2019Agence nationale pour la r\u00e9novation urbaine (Anru). L\u2019ex-ministre <a href=\"https:\/\/www.dna.fr\/p\/patrice-vergriete\" target=\"_blank\" rel=\"noopener\">Patrice Vergriete<\/a> , \u00e9galement maire socialiste de Dunkerque, est accompagn\u00e9 de plusieurs personnalit\u00e9s politiques locales.<\/p>\n<p>Pendant trois heures, la d\u00e9l\u00e9gation fait un point d\u2019\u00e9tape dans le quartier prioritaire de la politique de la ville (QPV) de l\u2019Elsau pour prendre la mesure des projets locaux du \u00ab deuxi\u00e8me programme de renouvellement urbain de l\u2019Eurom\u00e9tropole \u00bb <a href=\"https:\/\/www.dna.fr\/economie\/2021\/11\/24\/un-plan-de-renovation-urbaine-a-un-milliard-d-euros\" target=\"_blank\" rel=\"noopener\">qui s\u2019\u00e9tale de 2019 \u00e0 2030<\/a>. Dot\u00e9 de 175 millions d\u2019euros TTC, il est une promesse de transformation de ce quartier vieillissant et \u00e0 tr\u00e8s forte densit\u00e9 de population (quatre fois la moyenne strasbourgeoise). <a href=\"https:\/\/www.dna.fr\/actualite\/2024\/08\/20\/le-retour-des-commerces-et-du-service-de-proximite\" target=\"_blank\" rel=\"noopener\">Nouveaux commerces<\/a> (boulangerie, supermarch\u00e9), services ( <a href=\"https:\/\/www.dna.fr\/sante\/2024\/10\/30\/maison-de-sante-un-nouvel-equipement-qui-manquait-a-l-elsau\" target=\"_blank\" rel=\"noopener\">maison urbaine de sant\u00e9<\/a> , DAB), r\u00e9novation de 1 150 logements\u2026 Et d\u2019autres \u00e0 venir : nouveau groupe scolaire, nouvelle agence&#8230;<\/p>\n","protected":false},"excerpt":{"rendered":"Comme chaque mercredi, les habitu\u00e9s profitent du march\u00e9 de l\u2019Elsau \u00e0 l\u2019ombre des arbres de l\u2019all\u00e9e Watteau. Un&hellip;\n","protected":false},"author":2,"featured_media":219252,"comment_status":"","ping_status":"","sticky":false,"template":"","format":"standard","meta":{"footnotes":""},"categories":[2820],"tags":[1111,11,2389,2649,4749,33,2880,1777,674,107,1011,27,775,3539,12,316,25,640,2879],"class_list":{"0":"post-219251","1":"post","2":"type-post","3":"status-publish","4":"format-standard","5":"has-post-thumbnail","7":"category-strasbourg","8":"tag-actu","9":"tag-actualites","10":"tag-alsace","11":"tag-bas-rhin","12":"tag-btp-et-chantiers","13":"tag-economie","14":"tag-edition-strasbourg","15":"tag-eu","16":"tag-europe","17":"tag-fil-info","18":"tag-fr","19":"tag-france","20":"tag-grand-est","21":"tag-les-ecologistes","22":"tag-news","23":"tag-politique","24":"tag-republique-francaise","25":"tag-strasbourg","26":"tag-strasbourg-ville"},"share_on_mastodon":{"url":"https:\/\/pubeurope.com\/@fr\/114780419119014952","error":""},"_links":{"self":[{"href":"https:\/\/www.europesays.com\/fr\/wp-json\/wp\/v2\/posts\/219251","targetHints":{"allow":["GET"]}}],"collection":[{"href":"https:\/\/www.europesays.com\/fr\/wp-json\/wp\/v2\/posts"}],"about":[{"href":"https:\/\/www.europesays.com\/fr\/wp-json\/wp\/v2\/types\/post"}],"author":[{"embeddable":true,"href":"https:\/\/www.europesays.com\/fr\/wp-json\/wp\/v2\/users\/2"}],"replies":[{"embeddable":true,"href":"https:\/\/www.europesays.com\/fr\/wp-json\/wp\/v2\/comments?post=219251"}],"version-history":[{"count":0,"href":"https:\/\/www.europesays.com\/fr\/wp-json\/wp\/v2\/posts\/219251\/revisions"}],"wp:featuredmedia":[{"embeddable":true,"href":"https:\/\/www.europesays.com\/fr\/wp-json\/wp\/v2\/media\/219252"}],"wp:attachment":[{"href":"https:\/\/www.europesays.com\/fr\/wp-json\/wp\/v2\/media?parent=219251"}],"wp:term":[{"taxonomy":"category","embeddable":true,"href":"https:\/\/www.europesays.com\/fr\/wp-json\/wp\/v2\/categories?post=219251"},{"taxonomy":"post_tag","embeddable":true,"href":"https:\/\/www.europesays.com\/fr\/wp-json\/wp\/v2\/tags?post=219251"}],"curies":[{"name":"wp","href":"https:\/\/api.w.org\/{rel}","templated":true}]}}