{"id":219255,"date":"2025-07-01T22:50:10","date_gmt":"2025-07-01T22:50:10","guid":{"rendered":"https:\/\/www.europesays.com\/fr\/219255\/"},"modified":"2025-07-01T22:50:10","modified_gmt":"2025-07-01T22:50:10","slug":"nice-un-flop-part-en-pret-france-ogc-nice","status":"publish","type":"post","link":"https:\/\/www.europesays.com\/fr\/219255\/","title":{"rendered":"Nice : un flop part en pr\u00eat &#8211; France &#8211; OGC Nice"},"content":{"rendered":"<p>Neuf.<\/p>\n<p>C\u2019est, en tout et pour tout, le nombre de matchs disput\u00e9s par Mattia Viti sous les couleurs de Nice alors que le joueur italien est sous contrat avec le club fran\u00e7ais depuis\u2026 2022. Mais voil\u00e0, <strong>le d\u00e9fenseur est constamment pr\u00eat\u00e9, et les dirigeants azur\u00e9ens ont d\u00e9cid\u00e9 de poursuivre dans cette voie<\/strong>.<\/p>\n<blockquote class=\"twitter-tweet-lazy\" data-width=\"500\" data-dnt=\"true\">\n<p lang=\"en\" dir=\"ltr\">Welcome, Mattia Viti \ud83d\udc9c\u269c\ufe0f<a target=\"_blank\" href=\"https:\/\/twitter.com\/hashtag\/forzaviola?src=hash&amp;ref_src=twsrc%5Etfw\" rel=\"nofollow noopener\">#forzaviola<\/a> <a target=\"_blank\" href=\"https:\/\/twitter.com\/hashtag\/fiorentina?src=hash&amp;ref_src=twsrc%5Etfw\" rel=\"nofollow noopener\">#fiorentina<\/a> <a target=\"_blank\" href=\"https:\/\/t.co\/8rN1E7HuY6\" rel=\"nofollow\">pic.twitter.com\/8rN1E7HuY6<\/a><\/p>\n<p>\u2014 ACF Fiorentina English (@ACFFiorentinaEN) <a target=\"_blank\" href=\"https:\/\/twitter.com\/ACFFiorentinaEN\/status\/1940118518097207652?ref_src=twsrc%5Etfw\" rel=\"nofollow noopener\">July 1, 2025<\/a><\/p>\n<\/blockquote>\n<p>Car ce mardi soir, l\u2019annonce est officiellement tomb\u00e9e : <strong>celui qui a co\u00fbt\u00e9 une grosse douzaine de millions d\u2019euros \u00e0 l\u2019OGCN a \u00e9t\u00e9 temporairement c\u00e9d\u00e9 \u00e0 la Fiorentina<\/strong> (apr\u00e8s Sassuolo et Empoli), la Viola disposant d\u2019une option d\u2019achat (d\u2019environ 4,5 millions).<\/p>\n<p><a target=\"_blank\" href=\"https:\/\/www.sofoot.com\/breves\/yehvann-diouf-pose-ses-valises-a-nice\" rel=\"nofollow noopener\">\u00c7a bouge chez les Aiglons, en ce d\u00e9but de semaine<\/a> !<\/p>\n<p>\t\t\t\t\t\t\t\t\t\t<a class=\"lien-connexe\" href=\"https:\/\/www.sofoot.com\/breves\/yehvann-diouf-pose-ses-valises-a-nice\" rel=\"nofollow noopener\" target=\"_blank\">Yehvann Diouf a trouv\u00e9 son point de chute<\/a>\t\t\t\t\t<script async src=\"https:\/\/platform.twitter.com\/widgets.js\" charset=\"utf-8\"><\/script><\/p>\n","protected":false},"excerpt":{"rendered":"Neuf. C\u2019est, en tout et pour tout, le nombre de matchs disput\u00e9s par Mattia Viti sous les couleurs&hellip;\n","protected":false},"author":2,"featured_media":219256,"comment_status":"","ping_status":"","sticky":false,"template":"","format":"standard","meta":{"footnotes":""},"categories":[2819],"tags":[1111,47,11,61,69,65,64,1777,674,63,1011,27,68,66,12,62,2401,70,882,25,67],"class_list":{"0":"post-219255","1":"post","2":"type-post","3":"status-publish","4":"format-standard","5":"has-post-thumbnail","7":"category-nice","8":"tag-actu","9":"tag-actualite","10":"tag-actualites","11":"tag-actus-football","12":"tag-bundesliga","13":"tag-championnats-europeens","14":"tag-equipe-de-france","15":"tag-eu","16":"tag-europe","17":"tag-football","18":"tag-fr","19":"tag-france","20":"tag-ligua","21":"tag-ligue-1","22":"tag-news","23":"tag-news-foot","24":"tag-nice","25":"tag-premier-league","26":"tag-provence-alpes-cote-dazur","27":"tag-republique-francaise","28":"tag-serie-a"},"share_on_mastodon":{"url":"https:\/\/pubeurope.com\/@fr\/114780426916447375","error":""},"_links":{"self":[{"href":"https:\/\/www.europesays.com\/fr\/wp-json\/wp\/v2\/posts\/219255","targetHints":{"allow":["GET"]}}],"collection":[{"href":"https:\/\/www.europesays.com\/fr\/wp-json\/wp\/v2\/posts"}],"about":[{"href":"https:\/\/www.europesays.com\/fr\/wp-json\/wp\/v2\/types\/post"}],"author":[{"embeddable":true,"href":"https:\/\/www.europesays.com\/fr\/wp-json\/wp\/v2\/users\/2"}],"replies":[{"embeddable":true,"href":"https:\/\/www.europesays.com\/fr\/wp-json\/wp\/v2\/comments?post=219255"}],"version-history":[{"count":0,"href":"https:\/\/www.europesays.com\/fr\/wp-json\/wp\/v2\/posts\/219255\/revisions"}],"wp:featuredmedia":[{"embeddable":true,"href":"https:\/\/www.europesays.com\/fr\/wp-json\/wp\/v2\/media\/219256"}],"wp:attachment":[{"href":"https:\/\/www.europesays.com\/fr\/wp-json\/wp\/v2\/media?parent=219255"}],"wp:term":[{"taxonomy":"category","embeddable":true,"href":"https:\/\/www.europesays.com\/fr\/wp-json\/wp\/v2\/categories?post=219255"},{"taxonomy":"post_tag","embeddable":true,"href":"https:\/\/www.europesays.com\/fr\/wp-json\/wp\/v2\/tags?post=219255"}],"curies":[{"name":"wp","href":"https:\/\/api.w.org\/{rel}","templated":true}]}}