{"id":219257,"date":"2025-07-01T22:52:02","date_gmt":"2025-07-01T22:52:02","guid":{"rendered":"https:\/\/www.europesays.com\/fr\/219257\/"},"modified":"2025-07-01T22:52:02","modified_gmt":"2025-07-01T22:52:02","slug":"une-adolescente-agressee-sexuellement-dans-les-escaliers-de-la-gare-de-nantes","status":"publish","type":"post","link":"https:\/\/www.europesays.com\/fr\/219257\/","title":{"rendered":"Une adolescente agress\u00e9e sexuellement dans les escaliers de la gare de Nantes"},"content":{"rendered":"<p>Une adolescente de 16\u00a0ans a d\u00e9nonc\u00e9 des faits d\u2019agression sexuelle, dimanche 29\u00a0juin 2025 \u00e0 la gare de Nantes. \u00c0 22\u00a0h\u00a005, la victime empruntait un escalier m\u00e9canique quand un homme lui a touch\u00e9 les fesses et l\u2019entrejambe. \u00a0Ses amis sont intervenus pour l\u2019aider et ont maintenu l\u2019auteur des faits sur place avant l\u2019arriv\u00e9e de policiers de la brigade anti-criminalit\u00e9\u00a0, explique une source proche du dossier.<\/p>\n<p>Le mis en cause faisait l\u2019objet d\u2019une fiche de recherche<\/p>\n<p>Un homme de 43\u00a0ans a \u00e9t\u00e9 interpell\u00e9 par les fonctionnaires de police puis plac\u00e9 en garde \u00e0 vue. Le mis en cause \u00e9tait recherch\u00e9 puisqu\u2019il\u00a0faisait l\u2019objet d\u2019une fiche de recherche du tribunal judiciaire de Nantes pour une peine de trois mois de prison \u00e0 ex\u00e9cuter.<\/p>\n<p>\u00a0<\/p>\n","protected":false},"excerpt":{"rendered":"Une adolescente de 16\u00a0ans a d\u00e9nonc\u00e9 des faits d\u2019agression sexuelle, dimanche 29\u00a0juin 2025 \u00e0 la gare de Nantes.&hellip;\n","protected":false},"author":2,"featured_media":219258,"comment_status":"","ping_status":"","sticky":false,"template":"","format":"standard","meta":{"footnotes":""},"categories":[2818],"tags":[1111,11,13008,35831,35833,1777,674,1011,27,7533,766,12,2636,25,3272,35832],"class_list":{"0":"post-219257","1":"post","2":"type-post","3":"status-publish","4":"format-standard","5":"has-post-thumbnail","7":"category-nantes","8":"tag-actu","9":"tag-actualites","10":"tag-adolescente","11":"tag-agressee","12":"tag-escaliers","13":"tag-eu","14":"tag-europe","15":"tag-fr","16":"tag-france","17":"tag-gare","18":"tag-nantes","19":"tag-news","20":"tag-pays-de-la-loire","21":"tag-republique-francaise","22":"tag-saint-nazaire","23":"tag-sexuellement"},"share_on_mastodon":{"url":"","error":""},"_links":{"self":[{"href":"https:\/\/www.europesays.com\/fr\/wp-json\/wp\/v2\/posts\/219257","targetHints":{"allow":["GET"]}}],"collection":[{"href":"https:\/\/www.europesays.com\/fr\/wp-json\/wp\/v2\/posts"}],"about":[{"href":"https:\/\/www.europesays.com\/fr\/wp-json\/wp\/v2\/types\/post"}],"author":[{"embeddable":true,"href":"https:\/\/www.europesays.com\/fr\/wp-json\/wp\/v2\/users\/2"}],"replies":[{"embeddable":true,"href":"https:\/\/www.europesays.com\/fr\/wp-json\/wp\/v2\/comments?post=219257"}],"version-history":[{"count":0,"href":"https:\/\/www.europesays.com\/fr\/wp-json\/wp\/v2\/posts\/219257\/revisions"}],"wp:featuredmedia":[{"embeddable":true,"href":"https:\/\/www.europesays.com\/fr\/wp-json\/wp\/v2\/media\/219258"}],"wp:attachment":[{"href":"https:\/\/www.europesays.com\/fr\/wp-json\/wp\/v2\/media?parent=219257"}],"wp:term":[{"taxonomy":"category","embeddable":true,"href":"https:\/\/www.europesays.com\/fr\/wp-json\/wp\/v2\/categories?post=219257"},{"taxonomy":"post_tag","embeddable":true,"href":"https:\/\/www.europesays.com\/fr\/wp-json\/wp\/v2\/tags?post=219257"}],"curies":[{"name":"wp","href":"https:\/\/api.w.org\/{rel}","templated":true}]}}