{"id":219259,"date":"2025-07-01T22:53:11","date_gmt":"2025-07-01T22:53:11","guid":{"rendered":"https:\/\/www.europesays.com\/fr\/219259\/"},"modified":"2025-07-01T22:53:11","modified_gmt":"2025-07-01T22:53:11","slug":"un-bus-prend-feu-dans-un-depot-de-la-semitan-a-nantes","status":"publish","type":"post","link":"https:\/\/www.europesays.com\/fr\/219259\/","title":{"rendered":"Un bus prend feu dans un d\u00e9p\u00f4t de la Semitan \u00e0 Nantes"},"content":{"rendered":"<p>Vers 19\u00a0h\u00a040, mardi 1er\u00a0juillet, un bus au gaz a pris feu, alors que le conducteur \u00e9tait seul \u00e0 l\u2019int\u00e9rieur. L\u2019incendie s\u2019est propag\u00e9 \u00e0 un autre bus qui se trouvait \u00e0 c\u00f4t\u00e9. D\u2019importantes fum\u00e9es se sont d\u00e9gag\u00e9es. Les secours ont \u00e9t\u00e9 alert\u00e9s par des appels pour lui signaler cet incendie au sein du d\u00e9p\u00f4t de la Semitan, situ\u00e9 74, rue du B\u00eale, dans le quartier de Saint-Joseph-de-Porterie, \u00e0 Nantes.<\/p>\n<p>\u00ab\u00a0On ne sait pas comment le feu a pu prendre\u00a0\u00bb<\/p>\n<p>Des moyens importants de secours ont \u00e9t\u00e9 engag\u00e9s sur place, avec 29\u00a0sapeurs-pompiers de Carquefou et dix-huit engins qui sont arriv\u00e9s rapidement sur place et ont emp\u00each\u00e9 la propagation de l\u2019incendie \u00e0 d\u2019autres v\u00e9hicules stationn\u00e9s dans ce d\u00e9p\u00f4t.<\/p>\n<p>L\u2019autobus a \u00e9t\u00e9 compl\u00e8tement d\u00e9truit, un autre qui se trouvait \u00e0 c\u00f4t\u00e9 a \u00e9t\u00e9 s\u00e9v\u00e8rement endommag\u00e9 par les flammes. <strong>\u00ab\u00a0Le feu a pris probablement \u00e0 l\u2019ext\u00e9rieur de l\u2019autobus, alors que le conducteur faisait une man\u0153uvre pour le stationner. Il a pu sortir sans \u00eatre bless\u00e9, <\/strong>explique St\u00e9phane Bis, directeur technique \u00e0 la Semitan. <strong>L\u2019incendie a provoqu\u00e9 beaucoup de fum\u00e9e, mais il n\u2019y a pas eu de bless\u00e9. L\u2019\u00e9vacuation du site d\u2019une trentaine de salari\u00e9s s\u2019est bien d\u00e9roul\u00e9e. L\u2019intervention des pompiers a \u00e9t\u00e9 rapide et efficace. On ne sait pas comment le feu a pu prendre, mais l\u2019origine est probablement accidentelle. Une enqu\u00eate technique sera faite par la Semitan.\u00a0\u00bb <\/strong>Le retour \u00e0 la normale a eu lieu vers 21\u00a0h\u00a030.<\/p>\n<p>Le site date de 2008 et a une capacit\u00e9 de 150\u00a0bus.<strong> \u00ab\u00a0Jamais on n\u2019a eu un tel incident ici\u00a0\u00bb,<\/strong> assure St\u00e9phane Bis.<\/p>\n<p>\u00a0<\/p>\n","protected":false},"excerpt":{"rendered":"Vers 19\u00a0h\u00a040, mardi 1er\u00a0juillet, un bus au gaz a pris feu, alors que le conducteur \u00e9tait seul \u00e0&hellip;\n","protected":false},"author":2,"featured_media":219260,"comment_status":"","ping_status":"","sticky":false,"template":"","format":"standard","meta":{"footnotes":""},"categories":[2818],"tags":[1111,11,7048,16455,1777,674,1312,1011,27,766,12,2636,6020,25,3272,35834],"class_list":{"0":"post-219259","1":"post","2":"type-post","3":"status-publish","4":"format-standard","5":"has-post-thumbnail","7":"category-nantes","8":"tag-actu","9":"tag-actualites","10":"tag-bus","11":"tag-depot","12":"tag-eu","13":"tag-europe","14":"tag-feu","15":"tag-fr","16":"tag-france","17":"tag-nantes","18":"tag-news","19":"tag-pays-de-la-loire","20":"tag-prend","21":"tag-republique-francaise","22":"tag-saint-nazaire","23":"tag-semitan"},"share_on_mastodon":{"url":"https:\/\/pubeurope.com\/@fr\/114780438764395052","error":""},"_links":{"self":[{"href":"https:\/\/www.europesays.com\/fr\/wp-json\/wp\/v2\/posts\/219259","targetHints":{"allow":["GET"]}}],"collection":[{"href":"https:\/\/www.europesays.com\/fr\/wp-json\/wp\/v2\/posts"}],"about":[{"href":"https:\/\/www.europesays.com\/fr\/wp-json\/wp\/v2\/types\/post"}],"author":[{"embeddable":true,"href":"https:\/\/www.europesays.com\/fr\/wp-json\/wp\/v2\/users\/2"}],"replies":[{"embeddable":true,"href":"https:\/\/www.europesays.com\/fr\/wp-json\/wp\/v2\/comments?post=219259"}],"version-history":[{"count":0,"href":"https:\/\/www.europesays.com\/fr\/wp-json\/wp\/v2\/posts\/219259\/revisions"}],"wp:featuredmedia":[{"embeddable":true,"href":"https:\/\/www.europesays.com\/fr\/wp-json\/wp\/v2\/media\/219260"}],"wp:attachment":[{"href":"https:\/\/www.europesays.com\/fr\/wp-json\/wp\/v2\/media?parent=219259"}],"wp:term":[{"taxonomy":"category","embeddable":true,"href":"https:\/\/www.europesays.com\/fr\/wp-json\/wp\/v2\/categories?post=219259"},{"taxonomy":"post_tag","embeddable":true,"href":"https:\/\/www.europesays.com\/fr\/wp-json\/wp\/v2\/tags?post=219259"}],"curies":[{"name":"wp","href":"https:\/\/api.w.org\/{rel}","templated":true}]}}