{"id":219265,"date":"2025-07-01T22:56:12","date_gmt":"2025-07-01T22:56:12","guid":{"rendered":"https:\/\/www.europesays.com\/fr\/219265\/"},"modified":"2025-07-01T22:56:12","modified_gmt":"2025-07-01T22:56:12","slug":"ces-rames-de-metro-arrivent-a-toulouse","status":"publish","type":"post","link":"https:\/\/www.europesays.com\/fr\/219265\/","title":{"rendered":"ces rames de m\u00e9tro arrivent \u00e0 Toulouse"},"content":{"rendered":"<p>            Par<br \/>\n        <strong><br \/>\n            <a href=\"https:\/\/actu.fr\/auteur\/lea-afonso\" title=\"Consulter tous les articles de L\u00e9a Afonso\" target=\"_blank\" rel=\"noopener\">L\u00e9a Afonso<\/a><br \/>\n        <\/strong><\/p>\n<p>        Publi\u00e9 le<\/p>\n<p>            1 juil. 2025 \u00e0 19h30        <\/p>\n<p>Si en 2025, il est surtout coutume de parler de <a href=\"https:\/\/actu.fr\/tag\/ligne-c-du-metro-de-toulouse\" target=\"_blank\" rel=\"noopener\">la ligne C du m\u00e9tro<\/a>\u00a0\u00e0 <strong>Toulouse<\/strong>, il n\u2019est pas rare non plus de se pencher sur le devenir des <strong>lignes A et B,<\/strong> qui rythment le quotidien de la Ville rose depuis de nombreuses ann\u00e9es. Ces derni\u00e8res sont en effet \u00e0 nouveau sous les feux des projecteurs. En cause ? La flotte va \u00eatre <strong>r\u00e9nov\u00e9e,<\/strong> mais aussi <strong>densifi\u00e9e<\/strong>, avec de <strong>nouvelles rames,<\/strong> qui viendront <strong>renforcer<\/strong> le nombre existant d\u00e8s 2026. Voici \u00e0 quoi elles vont ressembler.<\/p>\n<p>Soigner davantage l\u2019accessibilit\u00e9<\/p>\n<p class=\" wall-content\">Pour ses toutes nouvelles rames, Tiss\u00e9o a choisi comme ma\u00eetre mot \u00ab<strong>\u2009l\u2019accessibilit\u00e9<\/strong> aux personnes en situation de handicap\u2009\u00bb. Tout a \u00e9t\u00e9 pens\u00e9 pour leur confort et par ricochet, pour le confort des autres passagers. Premi\u00e8re diff\u00e9rence \u00e0 noter quant aux anciennes voitures\u2009: <strong>davantage de place pour les PMR<\/strong>.<\/p>\n<p class=\" wall-content\">\u00ab\u2009Les <strong>strapontins<\/strong> situ\u00e9s \u00e0 gauche et \u00e0 droite des portes d\u2019entr\u00e9es ont \u00e9t\u00e9 enlev\u00e9s. Nous avons install\u00e9 des poign\u00e9es de pr\u00e9vention \u00e0 la place. Les barres pour se tenir sont d\u00e9cal\u00e9es de mani\u00e8re qu\u2019elles ne soient plus au milieu de la rame et qu\u2019elle laisse la place pour des fauteuils roulants. Elles sont par ailleurs doubl\u00e9es et teint\u00e9es couleur melon cuivr\u00e9 pour contraster avec le m\u00e9tal afin d\u2019aider <strong>les personnes malvoyantes<\/strong>. Les <strong>interphones<\/strong> ont quant \u00e0 eux \u00e9t\u00e9 abaiss\u00e9s et des <strong>boutons d\u2019urgence<\/strong> sont d\u00e9sormais lisibles <strong>en braille\u2009\u00bb,<\/strong> explique Tiss\u00e9o.<\/p>\n<p>    <img   decoding=\"async\" loading=\"lazy\" src=\"https:\/\/www.europesays.com\/fr\/wp-content\/uploads\/2025\/07\/img-3670-960x640.jpeg\" alt=\"Un toute nouvelle configuration au milieu des rames avec : deux si\u00e8ges dos \u00e0 dos d'un c\u00f4t\u00e9 (\u00e0 gauche) et trois strapontins \u00e9quip\u00e9s de repose debout de l'autre ( \u00e0 droite de la photo).\" width=\"960\" height=\"640\"\/><br \/>\n    Une toute nouvelle configuration au milieu des rames avec\u2009: deux si\u00e8ges dos \u00e0 dos d\u2019un c\u00f4t\u00e9 (\u00e0 gauche) et trois strapontins \u00e9quip\u00e9s de repose debout de l\u2019autre (\u00e0 droite de la photo). (\u00a9L\u00e9a Afonso \/ Actu Toulouse)<\/p>\n<p class=\" wall-content\">Sur la m\u00eame lanc\u00e9e, au <strong>milieu des voitures<\/strong>, l\u00e0 o\u00f9 aujourd\u2019hui le voyageur tombe sur un repose debout d\u2019un c\u00f4t\u00e9 et deux si\u00e8ges face \u00e0 face de l\u2019autre\u2009; dor\u00e9navant, il trouvera trois strapontins avec un revers repose debout et \u00ab\u2009deux si\u00e8ges dos \u00e0 dos avec accoudoirs permettant au chien guide de se positionner sous le si\u00e8ge, pour un gain d\u2019espace et une meilleure circulation\u2009\u00bb, compl\u00e8te Tiss\u00e9o.<\/p>\n<p>Un nouveau design bleu nuit et melon cuivr\u00e9<\/p>\n<p class=\" wall-content\">Si les Toulousains sont habitu\u00e9s au design des rames actuelles, d\u2019abord pass\u00e9es par un <strong>rev\u00eatement de si\u00e8ge bleu et rouge<\/strong>, puis plus r\u00e9cemment \u00e0 du <strong>multicolore<\/strong>, ils vont devoir s\u2019acclimater avec un tout autre style. Pour ces nouvelles rames, place au <strong>bleu nuit<\/strong> pour le mobilier faisant un clin \u00e0 T\u00e9l\u00e9o, et au <strong>melon cuivr\u00e9<\/strong> pour les barres auxquelles se tenir. Clin d\u2019\u0153il ici \u00e0 la navette \u00e9lectrique pour l\u2019a\u00e9roport.<\/p>\n<p>    <img   decoding=\"async\" loading=\"lazy\" src=\"https:\/\/www.europesays.com\/fr\/wp-content\/uploads\/2025\/07\/img-3656-960x640.jpeg\" alt=\"Un mobilier d\u00e9sormais bleu nuit, en clin d'\u0153il \u00e0 T\u00e9l\u00e9o.\" width=\"960\" height=\"640\"\/><br \/>\n    Un mobilier d\u00e9sormais bleu nuit, en clin d\u2019\u0153il \u00e0 T\u00e9l\u00e9o. (\u00a9L\u00e9a Afonso \/ Actu Toulouse)Jusqu\u2019\u00e0 290 personnes en cas d\u2019affluence<\/p>\n<p class=\" wall-content\">\u00ab\u2009Les rames de <strong>26\u00a0m\u00e8tres de long<\/strong> et<strong> large de 2,08 m\u00e8tres<\/strong> sont compos\u00e9es de deux voitures. Elles pourront accueillir <strong>30 places assises<\/strong> (15 et 15) et <strong>176 personnes debout<\/strong>. Cette capacit\u00e9 pourra monter \u00e0 <strong>290\u00a0personnes en cas de grande affluence<\/strong>\u2009\u00bb, continue Tiss\u00e9o.<\/p>\n<p>15 nouvelles rames, en plus des 116 actuelles<\/p>\n<p class=\" wall-content\">Pour renforcer les lignes A et B, <strong>15 nouvelles rames<\/strong> ont ainsi \u00e9t\u00e9 acquises par Tiss\u00e9o aupr\u00e8s de Siemens Mobility pour un montant de<strong> 105\u00a0millions d\u2019euros<\/strong>. \u00ab\u2009Trois sont pour l\u2019instant arriv\u00e9es \u00e0 Toulouse. D\u00e8s <strong>d\u00e9but 2026<\/strong>, elles seront progressivement <strong>introduites<\/strong> sur le <strong>r\u00e9seau<\/strong> des lignes, pour permettre une rotation des rames actuelles qui partiront les unes apr\u00e8s les autres <strong>en r\u00e9novation totale<\/strong>. \u00c0 terme, elles auront <strong>toutes le m\u00eame design\u2009\u00bb,<\/strong> relate l\u2019entreprise.<\/p>\n<p class=\" wall-content\">Rappelons qu\u2019<strong>aujourd\u2019hui, 116 rames<\/strong> circulent sur les deux lignes de m\u00e9tro.<\/p>\n<p class=\" wall-content\"><a href=\"https:\/\/www.instagram.com\/p\/DLkoWvts-Rl\/embed\" title=\"Ouvrir le lien sur Instagram\" target=\"_blank\" rel=\"noopener\">Visualiser le contenu sur Instagram<\/a><\/p>\n<p>Enfin la climatisation\u2009?<\/p>\n<p class=\" wall-content\">Alors que la Ville rose est en alerte orange \u00e0 la canicule et qu\u2019il a fait <strong>39,3\u00b0C \u00e0 Toulouse ce mardi<\/strong>, la chaleur est \u00e9touffante sous terre\u2026 Les Toulousains y sont habitu\u00e9s en prenant le m\u00e9tro, qui n\u2019est pas \u00e9quip\u00e9 de la <strong>climatisation<\/strong>\u2009! Et si, avec ces r\u00e9novations, on pourrait penser qu\u2019il s\u2019agit d\u2019une <strong>nouveaut\u00e9 essentielle,<\/strong> d\u2019apr\u00e8s Tiss\u00e9o, c\u2019est plus compliqu\u00e9 que cela\u2026<\/p>\n<p class=\" wall-content\">\u00ab\u2009La question des fortes temp\u00e9ratures devient de plus en plus pr\u00e9gnante. Quand nous avons r\u00e9alis\u00e9 les lignes A et B, elle n\u2019\u00e9tait <strong>pas pr\u00e9vue<\/strong> dans les infrastructures. Aujourd\u2019hui, il est <strong>impossible d\u2019installer la climatisation<\/strong>, car il faudrait agrandir le tunnel, revoir le nombre de voyageurs possibles dans le m\u00e9tro\u2026\u2009\u00bb, explique <strong>Antoine Bouvet<\/strong>, directeur g\u00e9n\u00e9ral de Tiss\u00e9o collectivit\u00e9s. \u00ab\u00a0On compte cependant trouver des <strong>solutions nouvelles<\/strong>. On travaille par exemple sur une baisse de l\u2019exposition des rames au soleil. On va aussi voir avec Siemens comment<strong> apporter de la fra\u00eecheur\u00a0\u00bb.<\/strong><\/p>\n<p class=\" wall-content\">Pour se donner du baume au c\u0153ur en ces p\u00e9riodes de forte chaleur, rappelons que la <strong>ligne C <\/strong>sera, elle, <strong>totalement \u00e9quip\u00e9e<\/strong>.<\/p>\n<p class=\" wall-content\">Suivez toute l\u2019actualit\u00e9 de vos villes et m\u00e9dias favoris en vous inscrivant \u00e0 <a href=\"https:\/\/moncompte.actu.fr\" title=\"D\u00e9couvez Mon Actu\" rel=\"nofollow noopener\" data-trk=\"{&quot;cta&quot;:{&quot;action&quot;:&quot;https:\\\/\\\/moncompte.actu.fr&quot;,&quot;category&quot;:&quot;mon compte&quot;,&quot;from&quot;:&quot;article footer&quot;,&quot;name&quot;:&quot;Mon actu&quot;,&quot;type&quot;:&quot;cta&quot;}}\" target=\"_blank\">Mon Actu<\/a>.<\/p>\n<ul class=\"ac-article-tag wall-content\">\n<li><a href=\"https:\/\/actu.fr\/tag\/metro-de-toulouse\" data-trk=\"{&quot;cta&quot;:{&quot;action&quot;:&quot;M\\u00e9tro de Toulouse&quot;,&quot;category&quot;:&quot;tag&quot;,&quot;from&quot;:&quot;article footer&quot;,&quot;name&quot;:&quot;M\\u00e9tro de Toulouse&quot;,&quot;type&quot;:&quot;cta&quot;}}\" target=\"_blank\" rel=\"noopener\">#M\u00e9tro de Toulouse<\/a><\/li>\n<li><a href=\"https:\/\/actu.fr\/tag\/tisseo\" data-trk=\"{&quot;cta&quot;:{&quot;action&quot;:&quot;Tiss\\u00e9o&quot;,&quot;category&quot;:&quot;tag&quot;,&quot;from&quot;:&quot;article footer&quot;,&quot;name&quot;:&quot;Tiss\\u00e9o&quot;,&quot;type&quot;:&quot;cta&quot;}}\" target=\"_blank\" rel=\"noopener\">#Tiss\u00e9o<\/a><\/li>\n<\/ul>\n<p>                    <script async src=\"\/\/www.instagram.com\/embed.js\"><\/script><\/p>\n","protected":false},"excerpt":{"rendered":"Par L\u00e9a Afonso Publi\u00e9 le 1 juil. 2025 \u00e0 19h30 Si en 2025, il est surtout coutume de&hellip;\n","protected":false},"author":2,"featured_media":219266,"comment_status":"","ping_status":"","sticky":false,"template":"","format":"standard","meta":{"footnotes":""},"categories":[2816],"tags":[1111,11,1777,674,1011,27,10596,12,2680,25,104,5400,2312],"class_list":{"0":"post-219265","1":"post","2":"type-post","3":"status-publish","4":"format-standard","5":"has-post-thumbnail","7":"category-toulouse","8":"tag-actu","9":"tag-actualites","10":"tag-eu","11":"tag-europe","12":"tag-fr","13":"tag-france","14":"tag-metro-de-toulouse","15":"tag-news","16":"tag-occitanie","17":"tag-republique-francaise","18":"tag-societe","19":"tag-tisseo","20":"tag-toulouse"},"share_on_mastodon":{"url":"https:\/\/pubeurope.com\/@fr\/114780450605204677","error":""},"_links":{"self":[{"href":"https:\/\/www.europesays.com\/fr\/wp-json\/wp\/v2\/posts\/219265","targetHints":{"allow":["GET"]}}],"collection":[{"href":"https:\/\/www.europesays.com\/fr\/wp-json\/wp\/v2\/posts"}],"about":[{"href":"https:\/\/www.europesays.com\/fr\/wp-json\/wp\/v2\/types\/post"}],"author":[{"embeddable":true,"href":"https:\/\/www.europesays.com\/fr\/wp-json\/wp\/v2\/users\/2"}],"replies":[{"embeddable":true,"href":"https:\/\/www.europesays.com\/fr\/wp-json\/wp\/v2\/comments?post=219265"}],"version-history":[{"count":0,"href":"https:\/\/www.europesays.com\/fr\/wp-json\/wp\/v2\/posts\/219265\/revisions"}],"wp:featuredmedia":[{"embeddable":true,"href":"https:\/\/www.europesays.com\/fr\/wp-json\/wp\/v2\/media\/219266"}],"wp:attachment":[{"href":"https:\/\/www.europesays.com\/fr\/wp-json\/wp\/v2\/media?parent=219265"}],"wp:term":[{"taxonomy":"category","embeddable":true,"href":"https:\/\/www.europesays.com\/fr\/wp-json\/wp\/v2\/categories?post=219265"},{"taxonomy":"post_tag","embeddable":true,"href":"https:\/\/www.europesays.com\/fr\/wp-json\/wp\/v2\/tags?post=219265"}],"curies":[{"name":"wp","href":"https:\/\/api.w.org\/{rel}","templated":true}]}}