{"id":219267,"date":"2025-07-01T22:57:10","date_gmt":"2025-07-01T22:57:10","guid":{"rendered":"https:\/\/www.europesays.com\/fr\/219267\/"},"modified":"2025-07-01T22:57:10","modified_gmt":"2025-07-01T22:57:10","slug":"une-femme-est-decedee-deux-personnes-sont-gravement-blessees","status":"publish","type":"post","link":"https:\/\/www.europesays.com\/fr\/219267\/","title":{"rendered":"une femme est d\u00e9c\u00e9d\u00e9e, deux personnes sont gravement bless\u00e9es"},"content":{"rendered":"<p>            Par<br \/>\n        <strong><br \/>\n            <a href=\"https:\/\/actu.fr\/auteur\/marie-lamarque\" title=\"Consulter tous les articles de Marie Lamarque\" rel=\"nofollow noopener\" target=\"_blank\">Marie Lamarque<\/a><br \/>\n        <\/strong><\/p>\n<p>        Publi\u00e9 le<\/p>\n<p>            1 juil. 2025 \u00e0 20h37        <\/p>\n<p>Un <strong>grave accident<\/strong> est survenu <strong>\u00e0 Montjoire<\/strong>, au nord de <a href=\"https:\/\/actu.fr\/toulouse\/\" rel=\"nofollow noopener\" target=\"_blank\">Toulouse<\/a>, ce mardi 1er juillet 2025. 17 pompiers ont \u00e9t\u00e9 mobilis\u00e9s pour porter secours \u00e0 trois personnes, dont deux pi\u00e9g\u00e9es \u00e0 l\u2019int\u00e9rieur d\u2019une fourgonnette sur la RD 15. Ils ne sont pas parvenus \u00e0 r\u00e9animer une femme, \u00e2g\u00e9e de 47 ans, qui est d\u00e9c\u00e9d\u00e9e sur les lieux.<\/p>\n<p>    <a href=\"https:\/\/www.google.com\/maps\/embed?pb=!1m18!1m12!1m3!1d23045.774308322543!2d1.5075134329381676!3d43.77863367830508!2m3!1f0!2f0!3f0!3m2!1i1024!2i768!4f13.1!3m3!1m2!1s0x12ae9fef4a9336a7%3A0x58de7f19db4afd0a!2s31380%20Montjoire!5e0!3m2!1sfr!2sfr!4v1751392526873!5m2!1sfr!2sfr\" title=\"Ouvrie le lien\" rel=\"nofollow noopener\" target=\"_blank\">Cliquez ici pour visualiser le contenu<\/a><\/p>\n<p>Deux autres personnes gravement bless\u00e9es<\/p>\n<p class=\" wall-content\">Aux alentours de 14h, les secours ont pris en charge les trois personnes victimes de l\u2019accident qui impliquait un seul v\u00e9hicule.<\/p>\n<p class=\" wall-content\">En plus de la femme qui a succomb\u00e9 \u00e0 ses blessures, <strong>deux autres personnes ont \u00e9t\u00e9 gravement bless\u00e9es<\/strong>. Une femme de 41 ans a \u00e9t\u00e9 h\u00e9liport\u00e9e par le SAMU 31. Un homme de 51 ans a \u00e9t\u00e9 \u00e9vacu\u00e9 vers un centre hospitalier.<\/p>\n<p class=\" wall-content\">Sur place, la circulation a \u00e9t\u00e9 coup\u00e9e par les gendarmes, le temps de l\u2019intervention.<\/p>\n<p>Vid\u00e9os : en ce moment sur Actu<\/p>\n<p class=\" wall-content\">Suivez toute l\u2019actualit\u00e9 de vos villes et m\u00e9dias favoris en vous inscrivant \u00e0 <a href=\"https:\/\/moncompte.actu.fr\" title=\"D\u00e9couvez Mon Actu\" rel=\"nofollow noopener\" data-trk=\"{&quot;cta&quot;:{&quot;action&quot;:&quot;https:\\\/\\\/moncompte.actu.fr&quot;,&quot;category&quot;:&quot;mon compte&quot;,&quot;from&quot;:&quot;article footer&quot;,&quot;name&quot;:&quot;Mon actu&quot;,&quot;type&quot;:&quot;cta&quot;}}\" target=\"_blank\">Mon Actu<\/a>.<\/p>\n","protected":false},"excerpt":{"rendered":"Par Marie Lamarque Publi\u00e9 le 1 juil. 2025 \u00e0 20h37 Un grave accident est survenu \u00e0 Montjoire, au&hellip;\n","protected":false},"author":2,"featured_media":219268,"comment_status":"","ping_status":"","sticky":false,"template":"","format":"standard","meta":{"footnotes":""},"categories":[2816],"tags":[119,1111,11,1777,674,118,1011,27,12,2680,1311,25,2312],"class_list":{"0":"post-219267","1":"post","2":"type-post","3":"status-publish","4":"format-standard","5":"has-post-thumbnail","7":"category-toulouse","8":"tag-accident","9":"tag-actu","10":"tag-actualites","11":"tag-eu","12":"tag-europe","13":"tag-faits-divers","14":"tag-fr","15":"tag-france","16":"tag-news","17":"tag-occitanie","18":"tag-pompiers","19":"tag-republique-francaise","20":"tag-toulouse"},"share_on_mastodon":{"url":"https:\/\/pubeurope.com\/@fr\/114780454514612509","error":""},"_links":{"self":[{"href":"https:\/\/www.europesays.com\/fr\/wp-json\/wp\/v2\/posts\/219267","targetHints":{"allow":["GET"]}}],"collection":[{"href":"https:\/\/www.europesays.com\/fr\/wp-json\/wp\/v2\/posts"}],"about":[{"href":"https:\/\/www.europesays.com\/fr\/wp-json\/wp\/v2\/types\/post"}],"author":[{"embeddable":true,"href":"https:\/\/www.europesays.com\/fr\/wp-json\/wp\/v2\/users\/2"}],"replies":[{"embeddable":true,"href":"https:\/\/www.europesays.com\/fr\/wp-json\/wp\/v2\/comments?post=219267"}],"version-history":[{"count":0,"href":"https:\/\/www.europesays.com\/fr\/wp-json\/wp\/v2\/posts\/219267\/revisions"}],"wp:featuredmedia":[{"embeddable":true,"href":"https:\/\/www.europesays.com\/fr\/wp-json\/wp\/v2\/media\/219268"}],"wp:attachment":[{"href":"https:\/\/www.europesays.com\/fr\/wp-json\/wp\/v2\/media?parent=219267"}],"wp:term":[{"taxonomy":"category","embeddable":true,"href":"https:\/\/www.europesays.com\/fr\/wp-json\/wp\/v2\/categories?post=219267"},{"taxonomy":"post_tag","embeddable":true,"href":"https:\/\/www.europesays.com\/fr\/wp-json\/wp\/v2\/tags?post=219267"}],"curies":[{"name":"wp","href":"https:\/\/api.w.org\/{rel}","templated":true}]}}