{"id":219273,"date":"2025-07-01T23:00:11","date_gmt":"2025-07-01T23:00:11","guid":{"rendered":"https:\/\/www.europesays.com\/fr\/219273\/"},"modified":"2025-07-01T23:00:11","modified_gmt":"2025-07-01T23:00:11","slug":"canicule-ces-communes-pres-de-marseille-battent-leurs-records-de-temperature","status":"publish","type":"post","link":"https:\/\/www.europesays.com\/fr\/219273\/","title":{"rendered":"Canicule. Ces communes pr\u00e8s de Marseille battent leurs records de temp\u00e9rature"},"content":{"rendered":"<p>            Par<br \/>\n        <strong><br \/>\n            <a href=\"https:\/\/actu.fr\/auteur\/thomas-blanc\" title=\"Consulter tous les articles de Thomas Blanc\" rel=\"nofollow noopener\" target=\"_blank\">Thomas Blanc<\/a><br \/>\n        <\/strong><\/p>\n<p>        Publi\u00e9 le<\/p>\n<p>            1 juil. 2025 \u00e0 18h36        <\/p>\n<p>Le mois de juillet nous accueille avec son avant-go\u00fbt d\u2019enfer au niveau des temp\u00e9ratures. Dans les <a href=\"https:\/\/actu.fr\/?s=Bouches-du-Rh%C3%B4ne\" rel=\"nofollow noopener\" target=\"_blank\">Bouches-du-Rh\u00f4ne<\/a>, c\u2019est autour de l\u2019\u00c9tang de Berre, au nord de <a href=\"https:\/\/actu.fr\/?s=Marseille\" rel=\"nofollow noopener\" target=\"_blank\">Marseille<\/a>, qu\u2019il ne fallait surtout pas quitter son brumisateur et son ventilateur. La chaleur y a \u00e9t\u00e9 la plus suffocante ce mardi 1er\u00a0juillet 2025.<\/p>\n<p>Des records de temp\u00e9ratures battus<\/p>\n<p class=\" wall-content\">L\u2019expert m\u00e9t\u00e9orologique de la r\u00e9gion Paca Paul Marquis, fondateur de <a href=\"https:\/\/www.facebook.com\/lameteodu13\" rel=\"nofollow noopener\" target=\"_blank\">La M\u00e9t\u00e9o du 13<\/a>, avait annonc\u00e9 la couleur ce matin dans actu Marseille en d\u00e9clarant\u2009: \u00ab\u2009il n\u2019y aura aucune fra\u00eecheur nulle part ce mardi en France\u2009\u00bb, il ne pensait pas si bien dire\u2026<\/p>\n<p class=\" wall-content\">Plusieurs records mensuels de temp\u00e9ratures sont tomb\u00e9s ou ont \u00e9t\u00e9 \u00e9gal\u00e9s comme \u00e0 <a href=\"https:\/\/actu.fr\/?s=istres\" rel=\"nofollow noopener\" target=\"_blank\">Istres<\/a> o\u00f9 il n\u2019a jamais fait aussi chaud pour un mois de juillet, <strong>39,8\u00a0\u00b0C<\/strong> aujourd\u2019hui. La ville situ\u00e9e \u00e0 l\u2019ouest de l\u2019\u00c9tang de Berre <strong>bat ainsi son record du 26\u00a0juillet 1983<\/strong> o\u00f9 il avait fait jusqu\u2019\u00e0 39,5\u00a0\u00b0C lors d\u2019une vague de chaleur exceptionnelle.<\/p>\n<p class=\" wall-content\">\n<p>Une fin de canicule potentiellement dimanche<\/p>\n<p class=\" wall-content\">Idem \u00e0 <a href=\"https:\/\/actu.fr\/?s=cassis\" rel=\"nofollow noopener\" target=\"_blank\">Cassis<\/a> qui <strong>\u00e9gale son record mensuel de 2022 avec 37,5\u00a0\u00b0<\/strong>C. Mais ce n\u2019est pas le pire puisque cet honneur revient \u00e0 <a href=\"https:\/\/actu.fr\/provence-alpes-cote-d-azur\/saint-chamas_13092\" rel=\"nofollow noopener\" target=\"_blank\">Saint-Chamas<\/a> qui avec <strong>40,5\u00a0\u00b0C<\/strong> atteint \u00e9galement son record pour un mois de juillet.<\/p>\n<p class=\" wall-content\">Paul Marquis indique \u00e0 actu Marseille\u00a0que la lev\u00e9e l\u2019alerte canicule sera, selon ses pr\u00e9visions, pour dimanche matin \u00e0 6h.<\/p>\n<p>Vid\u00e9os : en ce moment sur Actu<\/p>\n<p class=\" wall-content\">Suivez toute l\u2019actualit\u00e9 de vos villes et m\u00e9dias favoris en vous inscrivant \u00e0 <a href=\"https:\/\/moncompte.actu.fr\" title=\"D\u00e9couvez Mon Actu\" rel=\"nofollow noopener\" data-trk=\"{&quot;cta&quot;:{&quot;action&quot;:&quot;https:\\\/\\\/moncompte.actu.fr&quot;,&quot;category&quot;:&quot;mon compte&quot;,&quot;from&quot;:&quot;article footer&quot;,&quot;name&quot;:&quot;Mon actu&quot;,&quot;type&quot;:&quot;cta&quot;}}\" target=\"_blank\">Mon Actu<\/a>.<\/p>\n","protected":false},"excerpt":{"rendered":"Par Thomas Blanc Publi\u00e9 le 1 juil. 2025 \u00e0 18h36 Le mois de juillet nous accueille avec son&hellip;\n","protected":false},"author":2,"featured_media":219274,"comment_status":"","ping_status":"","sticky":false,"template":"","format":"standard","meta":{"footnotes":""},"categories":[2814],"tags":[1111,11,6698,1777,674,1011,27,884,2487,2357,12,882,25,15637],"class_list":{"0":"post-219273","1":"post","2":"type-post","3":"status-publish","4":"format-standard","5":"has-post-thumbnail","7":"category-marseille","8":"tag-actu","9":"tag-actualites","10":"tag-canicule","11":"tag-eu","12":"tag-europe","13":"tag-fr","14":"tag-france","15":"tag-marseille","16":"tag-meteo","17":"tag-meteo-france","18":"tag-news","19":"tag-provence-alpes-cote-dazur","20":"tag-republique-francaise","21":"tag-vague-de-chaleur"},"share_on_mastodon":{"url":"https:\/\/pubeurope.com\/@fr\/114780466284952830","error":""},"_links":{"self":[{"href":"https:\/\/www.europesays.com\/fr\/wp-json\/wp\/v2\/posts\/219273","targetHints":{"allow":["GET"]}}],"collection":[{"href":"https:\/\/www.europesays.com\/fr\/wp-json\/wp\/v2\/posts"}],"about":[{"href":"https:\/\/www.europesays.com\/fr\/wp-json\/wp\/v2\/types\/post"}],"author":[{"embeddable":true,"href":"https:\/\/www.europesays.com\/fr\/wp-json\/wp\/v2\/users\/2"}],"replies":[{"embeddable":true,"href":"https:\/\/www.europesays.com\/fr\/wp-json\/wp\/v2\/comments?post=219273"}],"version-history":[{"count":0,"href":"https:\/\/www.europesays.com\/fr\/wp-json\/wp\/v2\/posts\/219273\/revisions"}],"wp:featuredmedia":[{"embeddable":true,"href":"https:\/\/www.europesays.com\/fr\/wp-json\/wp\/v2\/media\/219274"}],"wp:attachment":[{"href":"https:\/\/www.europesays.com\/fr\/wp-json\/wp\/v2\/media?parent=219273"}],"wp:term":[{"taxonomy":"category","embeddable":true,"href":"https:\/\/www.europesays.com\/fr\/wp-json\/wp\/v2\/categories?post=219273"},{"taxonomy":"post_tag","embeddable":true,"href":"https:\/\/www.europesays.com\/fr\/wp-json\/wp\/v2\/tags?post=219273"}],"curies":[{"name":"wp","href":"https:\/\/api.w.org\/{rel}","templated":true}]}}