{"id":219277,"date":"2025-07-01T23:02:13","date_gmt":"2025-07-01T23:02:13","guid":{"rendered":"https:\/\/www.europesays.com\/fr\/219277\/"},"modified":"2025-07-01T23:02:13","modified_gmt":"2025-07-01T23:02:13","slug":"un-scenario-inedit-place-jean-michel-aulas-en-tete-sondage","status":"publish","type":"post","link":"https:\/\/www.europesays.com\/fr\/219277\/","title":{"rendered":"un sc\u00e9nario in\u00e9dit place Jean-Michel Aulas en t\u00eate (sondage)"},"content":{"rendered":"<p>            Par<br \/>\n        <strong><br \/>\n            <a href=\"https:\/\/actu.fr\/auteur\/anthony-soudani\" title=\"Consulter tous les articles de Anthony Soudani\" rel=\"nofollow noopener\" target=\"_blank\">Anthony Soudani<\/a><br \/>\n        <\/strong><\/p>\n<p>        Publi\u00e9 le<\/p>\n<p>            1 juil. 2025 \u00e0 18h11        <\/p>\n<p>La r\u00e9daction d\u2019actu Lyon a r\u00e9v\u00e9l\u00e9 en exclusivit\u00e9 un <a href=\"https:\/\/actu.fr\/auvergne-rhone-alpes\/lyon_69123\/exclusif-municipales-a-lyon-jean-michel-aulas-largement-en-tete-devant-gregory-doucet-sondage_62837313.html\" rel=\"nofollow noopener\" target=\"_blank\">sondage command\u00e9 par Jean-Michel Aulas<\/a>, vendredi 27 juin. L\u2019ex-pr\u00e9sident de l\u2019OL, tr\u00e8s certainement candidat aux municipales 2026 de <a href=\"https:\/\/actu.fr\/lyon\/\" rel=\"nofollow noopener\" target=\"_blank\">Lyon<\/a>, est donn\u00e9 en t\u00eate au premier tour <a href=\"https:\/\/actu.fr\/auvergne-rhone-alpes\/lyon_69123\/municipales-2026-a-lyon-aulas-en-tete-devant-doucet-ce-que-dit-et-ne-dit-pas-ce-sondage-inedit_62838637.html\" rel=\"nofollow noopener\" target=\"_blank\">devant Gr\u00e9gory Doucet<\/a>, le maire sortant, dans ce sondage Harris Interactive\/Toluna.\u00a0<\/p>\n<p class=\" wall-content\">Une partie de ce sondage n\u2019a pas \u00e9t\u00e9 r\u00e9v\u00e9l\u00e9e, mais nous avons r\u00e9ussi \u00e0 nous la procurer.\u00a0<strong>Un autre sc\u00e9nario de premier tour a \u00e9t\u00e9 test\u00e9<\/strong> avec cette fois-ci une liste Renaissance, parti d\u2019Emmanuel Macron, men\u00e9e par l\u2019ancien d\u00e9put\u00e9 Thomas Rudigoz.<\/p>\n<p>Aulas encore devant Doucet : pas besoin de la macronie ?<\/p>\n<p class=\" wall-content\">Jean-Michel Aulas, soutenu par Horizons, le MoDem et Les R\u00e9publicains, obtient 34% des intentions de vote pour le 1er tour des \u00e9lections municipales 2026 \u00e0 Lyon. Il devance une nouvelle fois Gr\u00e9gory Doucet, le maire \u00e9cologiste sortant soutenu par le Parti socialiste et le Parti communiste fran\u00e7ais dans ce sc\u00e9nario.\u00a0<\/p>\n<p class=\" wall-content\">Le chef d\u2019entreprise multimillionnaire pourrait-il se passer du parti pr\u00e9sidentiel en perte de vitesse dans la capitale des Gaules ? C\u2019est ce que laisse entendre ce sondage puisque <a href=\"https:\/\/actu.fr\/auvergne-rhone-alpes\/lyon_69123\/lyon-thomas-rudigoz-se-lance-aux-municipales-on-va-defaire-la-zone-a-trafic-limite_62398189.html\" rel=\"nofollow noopener\" target=\"_blank\">Thomas Rudigoz<\/a>, avec l\u2019\u00e9tiquette Renaissance, recueille seulement 8% des intentions de vote, derri\u00e8re Anais Belouassa-Cherifi (LFI) \u00e0 10 % et Tiffany Joncour (RN) \u00e0 11%.\u00a0<\/p>\n<p>    <img   decoding=\"async\" loading=\"lazy\" src=\"https:\/\/www.europesays.com\/fr\/wp-content\/uploads\/2025\/07\/sondage-aulas-municipales-lyon-960x640.png\" alt=\"Jean-Michel Aulas en t\u00eate au premier tour dans le sc\u00e9nario d'une liste de la Macronie face \u00e0 lui.\" width=\"960\" height=\"640\"\/><br \/>\n    Jean-Michel Aulas en t\u00eate au premier tour dans le sc\u00e9nario d\u2019une liste de la Macronie face \u00e0 lui. (\u00a9Sondage Harris)Thomas Rudigoz prend ses distances avec Jean-Michel Aulas<\/p>\n<p class=\" wall-content\">Selon nos informations, apr\u00e8s avoir ouvertement soutenu une candidature Aulas \u00e0 la mairie de Lyon, Thomas Rudigoz, d\u00e9sign\u00e9 chef de file Renaissance pour les municipales 2026, prend ses distances avec le chef d\u2019entreprise.<\/p>\n<p>Vid\u00e9os : en ce moment sur Actu<br \/>\n    <img   decoding=\"async\" loading=\"lazy\" src=\"https:\/\/www.europesays.com\/fr\/wp-content\/uploads\/2025\/07\/img-0719-960x640.jpg\" alt=\"Thomas Rudigoz (Ensemble), d\u00e9put\u00e9 sortant.\" width=\"960\" height=\"640\"\/><br \/>\n    Thomas Rudigoz (Renaissance) pourrait ne pas soutenir Jean-Michel Aulas aux municipales. (\u00a9Th\u00e9o Zulli\/ Actu Lyon)<\/p>\n<p class=\" wall-content\">Il n\u2019est notamment pas align\u00e9 avec la proposition de <a href=\"https:\/\/actu.fr\/auvergne-rhone-alpes\/lyon_69123\/lyon-gratuite-des-tcl-jean-michel-aulas-se-prend-les-pieds-dans-le-tapis-et-se-fait-recadrer_62740439.html\" rel=\"nofollow noopener\" target=\"_blank\">gratuit\u00e9 partielle des TCL<\/a> propos\u00e9e par l\u2019ex-patron de l\u2019OL. Dans la macronie, on s\u2019\u00e9tonne aussi que les propositions de campagne du camp Aulas ne sont pas discut\u00e9es avec des partis potentiels soutiens au premier tour.<\/p>\n<p>Aulas \u2013 Macronie : le mariage difficile ?<\/p>\n<p class=\" wall-content\">L\u2019\u00e9quipe de Jean-Michel Aulas a donc fait tester plusieurs sc\u00e9narios dans ce sondage, dont celui avec une liste macroniste face \u00e0 lui au premier tour. De quoi montrer le poids d\u2019un Jean-Michel Aulas en t\u00eate sans le soutien du parti de Gabriel Attal ?<\/p>\n<p class=\" wall-content\">Depuis <a href=\"https:\/\/actu.fr\/auvergne-rhone-alpes\/lyon_69123\/lyon-municipales-2026-jean-michel-aulas-va-rencontrer-gabriel-attal-ce-jeudi_62397961.html\" rel=\"nofollow noopener\" target=\"_blank\">leur rendez-vous au printemps<\/a>, les discussions n\u2019auraient pas avanc\u00e9 entre les deux. Si les relations entre Aulas et le parti pr\u00e9sidentiel n\u2019aboutissent pas favorablement, Renaissance va-t-il d\u00e9gainer sa propre liste ? \u00ab Dans tous les cas, on ne peut pas imaginer qu\u2019un parti comme le n\u00f4tre disparaisse compl\u00e8tement de cette \u00e9lection, c\u2019est contraire \u00e0 notre histoire \u00bb, confie un cadre Renaissance.<\/p>\n<p class=\" wall-content\">Les coups de pression sont loin d\u2019\u00eatre termin\u00e9s \u00e0 huit mois du scrutin\u2026<\/p>\n<p class=\" wall-content\"><strong>Avec Nicolas Zaugra<\/strong><\/p>\n<p class=\" wall-content\">Suivez toute l\u2019actualit\u00e9 de vos villes et m\u00e9dias favoris en vous inscrivant \u00e0 <a href=\"https:\/\/moncompte.actu.fr\" title=\"D\u00e9couvez Mon Actu\" rel=\"nofollow noopener\" data-trk=\"{&quot;cta&quot;:{&quot;action&quot;:&quot;https:\\\/\\\/moncompte.actu.fr&quot;,&quot;category&quot;:&quot;mon compte&quot;,&quot;from&quot;:&quot;article footer&quot;,&quot;name&quot;:&quot;Mon actu&quot;,&quot;type&quot;:&quot;cta&quot;}}\" target=\"_blank\">Mon Actu<\/a>.<\/p>\n","protected":false},"excerpt":{"rendered":"Par Anthony Soudani Publi\u00e9 le 1 juil. 2025 \u00e0 18h11 La r\u00e9daction d\u2019actu Lyon a r\u00e9v\u00e9l\u00e9 en exclusivit\u00e9&hellip;\n","protected":false},"author":2,"featured_media":219278,"comment_status":"","ping_status":"","sticky":false,"template":"","format":"standard","meta":{"footnotes":""},"categories":[1889],"tags":[1111,11,2430,1777,674,1011,27,5226,5227,2428,3434,12,25,104],"class_list":{"0":"post-219277","1":"post","2":"type-post","3":"status-publish","4":"format-standard","5":"has-post-thumbnail","7":"category-lyon","8":"tag-actu","9":"tag-actualites","10":"tag-auvergne-rhone-alpes","11":"tag-eu","12":"tag-europe","13":"tag-fr","14":"tag-france","15":"tag-gregory-doucet","16":"tag-jean-michel-aulas","17":"tag-lyon","18":"tag-municipales-2026","19":"tag-news","20":"tag-republique-francaise","21":"tag-societe"},"share_on_mastodon":{"url":"https:\/\/pubeurope.com\/@fr\/114780474575552936","error":""},"_links":{"self":[{"href":"https:\/\/www.europesays.com\/fr\/wp-json\/wp\/v2\/posts\/219277","targetHints":{"allow":["GET"]}}],"collection":[{"href":"https:\/\/www.europesays.com\/fr\/wp-json\/wp\/v2\/posts"}],"about":[{"href":"https:\/\/www.europesays.com\/fr\/wp-json\/wp\/v2\/types\/post"}],"author":[{"embeddable":true,"href":"https:\/\/www.europesays.com\/fr\/wp-json\/wp\/v2\/users\/2"}],"replies":[{"embeddable":true,"href":"https:\/\/www.europesays.com\/fr\/wp-json\/wp\/v2\/comments?post=219277"}],"version-history":[{"count":0,"href":"https:\/\/www.europesays.com\/fr\/wp-json\/wp\/v2\/posts\/219277\/revisions"}],"wp:featuredmedia":[{"embeddable":true,"href":"https:\/\/www.europesays.com\/fr\/wp-json\/wp\/v2\/media\/219278"}],"wp:attachment":[{"href":"https:\/\/www.europesays.com\/fr\/wp-json\/wp\/v2\/media?parent=219277"}],"wp:term":[{"taxonomy":"category","embeddable":true,"href":"https:\/\/www.europesays.com\/fr\/wp-json\/wp\/v2\/categories?post=219277"},{"taxonomy":"post_tag","embeddable":true,"href":"https:\/\/www.europesays.com\/fr\/wp-json\/wp\/v2\/tags?post=219277"}],"curies":[{"name":"wp","href":"https:\/\/api.w.org\/{rel}","templated":true}]}}