{"id":219279,"date":"2025-07-01T23:03:17","date_gmt":"2025-07-01T23:03:17","guid":{"rendered":"https:\/\/www.europesays.com\/fr\/219279\/"},"modified":"2025-07-01T23:03:17","modified_gmt":"2025-07-01T23:03:17","slug":"nathalie-perrin-gilbert-demande-la-gratuite-des-musees-municipaux","status":"publish","type":"post","link":"https:\/\/www.europesays.com\/fr\/219279\/","title":{"rendered":"Nathalie Perrin-Gilbert demande la gratuit\u00e9 des mus\u00e9es municipaux"},"content":{"rendered":"<p itemprop=\"description\"><strong>Il fait extr\u00eamement chaud \u00e0 Lyon.<\/strong><\/p>\n<p>C\u2019est dans ce contexte que <a href=\"https:\/\/www.lyonmag.com\/profil-personnalite-lyonnaise\/203\/nathalie-perrin-gilbert\" target=\"_blank\" rel=\"noopener\">Nathalie Perrin-Gilbert<\/a> a demand\u00e9 au maire de Lyon l\u2019ouverture gratuite des mus\u00e9es municipaux jusqu\u2019\u00e0 dimanche, ainsi que l\u2019organisation de nocturnes.<\/p>\n<p>Les mus\u00e9es ouverts gratuitement durant la vague de chaleur. C\u2019est ce que souhaite et propose Nathalie Perrin-Gilbert, l\u2019ex-adjointe \u00e0 la Culture et d\u00e9sormais candidate aux municipales 2026. Alors que la M\u00e9tropole de Lyon connait une vague de chaleur avec des temp\u00e9ratures avoisinant les 40\u00b0C, l\u2019ouverture gratuite des mus\u00e9es pourrait permettre aux Lyonnais de trouver un endroit frais tout en b\u00e9n\u00e9ficiant des expositions.<\/p>\n<p>Mais cette id\u00e9e a d\u00e9j\u00e0 \u00e9t\u00e9 vue. Lors de la canicule 2023, les mus\u00e9es avaient \u00e9t\u00e9 ouverts gratuitement en ao\u00fbt et septembre. Une op\u00e9ration qui avait d\u2019ailleurs eu du succ\u00e8s.<\/p>\n<p>Nathalie Perrin-Gilbert s\u2019est donc adress\u00e9 au maire de Lyon dans un courrier pour demander l\u2019ouverture des mus\u00e9es municipaux (Beaux-Arts, Art Contemporain, Gadagne) a minima jusqu\u2019\u00e0 jeudi et si possible jusqu\u2019\u00e0 dimanche. Elle demande \u00e9galement de se rapprocher de la M\u00e9tropole de Lyon pour que les mus\u00e9es des Confluences et Lugdunum offrent la m\u00eame possibilit\u00e9. L\u2019ex-maire du 1er arrondissement propose \u00e9galement l\u2019organisation de nocturnes mercredi et jeudi, les deux journ\u00e9es les plus chaudes.<\/p>\n<p>Comme chaque mardi, les mus\u00e9es ne sont pas ouverts au public. Ce serait donc l\u2019occasion pour eux de se pr\u00e9parer \u00e0 la gratuit\u00e9 et m\u00eame aux nocturnes.<\/p>\n","protected":false},"excerpt":{"rendered":"Il fait extr\u00eamement chaud \u00e0 Lyon. C\u2019est dans ce contexte que Nathalie Perrin-Gilbert a demand\u00e9 au maire de&hellip;\n","protected":false},"author":2,"featured_media":219280,"comment_status":"","ping_status":"","sticky":false,"template":"","format":"standard","meta":{"footnotes":""},"categories":[1889],"tags":[1111,11,2813,2190,2430,1109,251,1112,2811,1777,674,118,1011,27,1922,1110,1114,2428,2810,12,241,316,25,2812,517,800],"class_list":{"0":"post-219279","1":"post","2":"type-post","3":"status-publish","4":"format-standard","5":"has-post-thumbnail","7":"category-lyon","8":"tag-actu","9":"tag-actualites","10":"tag-article","11":"tag-asvel","12":"tag-auvergne-rhone-alpes","13":"tag-breves","14":"tag-culture","15":"tag-depeches","16":"tag-economique","17":"tag-eu","18":"tag-europe","19":"tag-faits-divers","20":"tag-fr","21":"tag-france","22":"tag-info","23":"tag-informations","24":"tag-infos","25":"tag-lyon","26":"tag-lyonmag","27":"tag-news","28":"tag-ol","29":"tag-politique","30":"tag-republique-francaise","31":"tag-sociale","32":"tag-sport","33":"tag-transports"},"share_on_mastodon":{"url":"https:\/\/pubeurope.com\/@fr\/114780478027936281","error":""},"_links":{"self":[{"href":"https:\/\/www.europesays.com\/fr\/wp-json\/wp\/v2\/posts\/219279","targetHints":{"allow":["GET"]}}],"collection":[{"href":"https:\/\/www.europesays.com\/fr\/wp-json\/wp\/v2\/posts"}],"about":[{"href":"https:\/\/www.europesays.com\/fr\/wp-json\/wp\/v2\/types\/post"}],"author":[{"embeddable":true,"href":"https:\/\/www.europesays.com\/fr\/wp-json\/wp\/v2\/users\/2"}],"replies":[{"embeddable":true,"href":"https:\/\/www.europesays.com\/fr\/wp-json\/wp\/v2\/comments?post=219279"}],"version-history":[{"count":0,"href":"https:\/\/www.europesays.com\/fr\/wp-json\/wp\/v2\/posts\/219279\/revisions"}],"wp:featuredmedia":[{"embeddable":true,"href":"https:\/\/www.europesays.com\/fr\/wp-json\/wp\/v2\/media\/219280"}],"wp:attachment":[{"href":"https:\/\/www.europesays.com\/fr\/wp-json\/wp\/v2\/media?parent=219279"}],"wp:term":[{"taxonomy":"category","embeddable":true,"href":"https:\/\/www.europesays.com\/fr\/wp-json\/wp\/v2\/categories?post=219279"},{"taxonomy":"post_tag","embeddable":true,"href":"https:\/\/www.europesays.com\/fr\/wp-json\/wp\/v2\/tags?post=219279"}],"curies":[{"name":"wp","href":"https:\/\/api.w.org\/{rel}","templated":true}]}}