{"id":219298,"date":"2025-07-01T23:14:09","date_gmt":"2025-07-01T23:14:09","guid":{"rendered":"https:\/\/www.europesays.com\/fr\/219298\/"},"modified":"2025-07-01T23:14:09","modified_gmt":"2025-07-01T23:14:09","slug":"un-jeune-homme-de-21-ans-attaque-ses-collegues-au-couteau-en-allemagne-un-mort","status":"publish","type":"post","link":"https:\/\/www.europesays.com\/fr\/219298\/","title":{"rendered":"Un jeune homme de 21 ans attaque ses coll\u00e8gues au couteau en Allemagne, un mort"},"content":{"rendered":"<ul class=\"filan_fisteku_info\">\n<li>\n                                            1 juillet 2025 23:14\n                                        <\/li>\n<li>\n                                            Partager \u00e0:<\/p>\n<\/li>\n<\/ul>\n<p class=\"gt-block MsoNormal\">Un homme a attaqu\u00e9 mardi avec un couteau des coll\u00e8gues d&rsquo;une entreprise en Allemagne, tuant une personne, ont indiqu\u00e9 les autorit\u00e9s.<\/p>\n<p class=\"gt-block MsoNormal\">Deux autres personnes ont \u00e9t\u00e9 gri\u00e8vement bless\u00e9es lors de l&rsquo;attaque \u00e0 Mellrichstadt, une petite ville \u00e0 l&rsquo;est de Francfort, a rapport\u00e9 l&rsquo;AP.\u00a0<\/p>\n<p class=\"gt-block MsoNormal\">Un Allemand de 21 ans a \u00e9t\u00e9 arr\u00eat\u00e9 par la police.<\/p>\n<p class=\"gt-block MsoNormal\">La police a \u00e9t\u00e9 appel\u00e9e mardi matin pour une attaque contre les locaux d&rsquo;un fournisseur d&rsquo;\u00e9lectricit\u00e9 local. Une femme de 59 ans a \u00e9t\u00e9 tu\u00e9e et deux hommes de 55 et 62 ans ont \u00e9t\u00e9 gri\u00e8vement bless\u00e9s.<\/p>\n<p class=\"gt-block MsoNormal\">Le motif de l&rsquo;attaque reste encore inconnu.\u00a0\u00a0<\/p>\n","protected":false},"excerpt":{"rendered":"1 juillet 2025 23:14 Partager \u00e0: Un homme a attaqu\u00e9 mardi avec un couteau des coll\u00e8gues d&rsquo;une entreprise&hellip;\n","protected":false},"author":2,"featured_media":219299,"comment_status":"","ping_status":"","sticky":false,"template":"","format":"standard","meta":{"footnotes":""},"categories":[1587],"tags":[11,672,1804,1805,1803,1777,674,1801,12,1802],"class_list":{"0":"post-219298","1":"post","2":"type-post","3":"status-publish","4":"format-standard","5":"has-post-thumbnail","7":"category-allemagne","8":"tag-actualites","9":"tag-allemagne","10":"tag-bundesrepublik-deutschland","11":"tag-de","12":"tag-deutschland","13":"tag-eu","14":"tag-europe","15":"tag-germany","16":"tag-news","17":"tag-republique-federale-dallemagne"},"share_on_mastodon":{"url":"https:\/\/pubeurope.com\/@fr\/114780521423532568","error":""},"_links":{"self":[{"href":"https:\/\/www.europesays.com\/fr\/wp-json\/wp\/v2\/posts\/219298","targetHints":{"allow":["GET"]}}],"collection":[{"href":"https:\/\/www.europesays.com\/fr\/wp-json\/wp\/v2\/posts"}],"about":[{"href":"https:\/\/www.europesays.com\/fr\/wp-json\/wp\/v2\/types\/post"}],"author":[{"embeddable":true,"href":"https:\/\/www.europesays.com\/fr\/wp-json\/wp\/v2\/users\/2"}],"replies":[{"embeddable":true,"href":"https:\/\/www.europesays.com\/fr\/wp-json\/wp\/v2\/comments?post=219298"}],"version-history":[{"count":0,"href":"https:\/\/www.europesays.com\/fr\/wp-json\/wp\/v2\/posts\/219298\/revisions"}],"wp:featuredmedia":[{"embeddable":true,"href":"https:\/\/www.europesays.com\/fr\/wp-json\/wp\/v2\/media\/219299"}],"wp:attachment":[{"href":"https:\/\/www.europesays.com\/fr\/wp-json\/wp\/v2\/media?parent=219298"}],"wp:term":[{"taxonomy":"category","embeddable":true,"href":"https:\/\/www.europesays.com\/fr\/wp-json\/wp\/v2\/categories?post=219298"},{"taxonomy":"post_tag","embeddable":true,"href":"https:\/\/www.europesays.com\/fr\/wp-json\/wp\/v2\/tags?post=219298"}],"curies":[{"name":"wp","href":"https:\/\/api.w.org\/{rel}","templated":true}]}}