{"id":219302,"date":"2025-07-01T23:16:12","date_gmt":"2025-07-01T23:16:12","guid":{"rendered":"https:\/\/www.europesays.com\/fr\/219302\/"},"modified":"2025-07-01T23:16:12","modified_gmt":"2025-07-01T23:16:12","slug":"lunion-europeenne-se-dit-prete-a-faciliter-la-reprise-des-negociations-avec-teheran-sur-lavenir-du-programme-nucleaire-iranien","status":"publish","type":"post","link":"https:\/\/www.europesays.com\/fr\/219302\/","title":{"rendered":"L&rsquo;Union europ\u00e9enne se dit pr\u00eate \u00e0 faciliter la reprise des n\u00e9gociations avec T\u00e9h\u00e9ran sur l\u2019avenir du programme nucl\u00e9aire iranien"},"content":{"rendered":"<p class=\"fig-paragraph\">L&rsquo;Union europ\u00e9enne est pr\u00eate \u00e0 faciliter la reprise des n\u00e9gociations avec T\u00e9h\u00e9ran sur l&rsquo;avenir du programme nucl\u00e9aire iranien, a affirm\u00e9 mardi\u00a0<a href=\"http:\/\/www.lefigaro.fr\/international\/kaja-kallas-la-russie-a-ete-humiliee-en-syrie-20241212\" target=\"_blank\" data-fig-type=\"Article\" rel=\"noopener\" data-gtm-custom-categorie=\"navigation\" data-gtm-custom-action=\"crossclick\" data-gtm-custom-label=\"Contextuel\" data-gtm-event=\"customEventSPE\" data-fig-domain=\"LEFIGARO\">sa chef de la diplomatie Kaja Kallas<\/a>, \u00e0 la suite d&rsquo;un entretien t\u00e9l\u00e9phonique avec son homologue iranien Abbas Araghchi.<\/p>\n<p class=\"fig-paragraph\">Apr\u00e8s les frappes isra\u00e9liennes et am\u00e9ricaines, \u00ables n\u00e9gociations pour mettre fin au programme nucl\u00e9aire iranien doivent reprendre d\u00e8s que possible\u00bb, ainsi que la \u00abcoop\u00e9ration\u00bb avec l&rsquo;Agence internationale de l&rsquo;\u00e9nergie atomique (AIEA), a \u00e9crit Kaja Kallas sur X. \u00abL&rsquo;UE est pr\u00eate \u00e0 faciliter cela\u00bb, a-t-elle ajout\u00e9. \u00abToute menace de se retirer du trait\u00e9 de non-prolif\u00e9ration ne contribue pas \u00e0 apaiser les tensions. C&rsquo;est ce que j&rsquo;ai dit \u00e0 (Abbas Araghchi) aujourd&rsquo;hui\u00bb, a encore averti la haute repr\u00e9sentante pour la politique \u00e9trang\u00e8re de l&rsquo;Union.<\/p>\n<p>Reprise rapide des discussions avec les \u00c9tats-Unis \u00e9cart\u00e9e<\/p>\n<p class=\"fig-paragraph\">Le ministre iranien des Affaires \u00e9trang\u00e8res avait \u00e9cart\u00e9 lundi une reprise rapide des discussions avec les \u00c9tats-Unis sur son programme nucl\u00e9aire et r\u00e9p\u00e9t\u00e9 que T\u00e9h\u00e9ran devait s&rsquo;assurer au pr\u00e9alable que Washington n&rsquo;engagerait pas de nouvelles frappes sur l&rsquo;Iran.<\/p>\n<p class=\"fig-paragraph\">Les \u00c9tats-Unis et l&rsquo;Iran \u00e9taient en pourparlers sur le programme nucl\u00e9aire de T\u00e9h\u00e9ran lorsque Isra\u00ebl a attaqu\u00e9 le 13 juin des sites nucl\u00e9aires iraniens et des infrastructures militaires, avant que les \u00c9tats-Unis\u00a0<a href=\"http:\/\/www.lefigaro.fr\/international\/guerre-israel-iran-des-images-satellites-revelent-les-degats-des-frappes-americaines-sur-les-sites-nucleaires-iraniens-20250623\" target=\"_blank\" data-fig-type=\"NewsFlash\" rel=\"noopener\" data-gtm-custom-categorie=\"navigation\" data-gtm-custom-action=\"crossclick\" data-gtm-custom-label=\"Contextuel\" data-gtm-event=\"customEventSPE\" data-fig-domain=\"LEFIGARO\">ne bombardent \u00e0 leur tour trois sites nucl\u00e9aires le 21 juin<\/a>.<\/p>\n<p class=\"fig-paragraph\">L&rsquo;UE cherche depuis longtemps \u00e0 jouer un r\u00f4le de m\u00e9diateur avec l&rsquo;Iran. Les 27 \u00e9taient signataires &#8211; et facilitateurs &#8211; d&rsquo;un accord sign\u00e9 en 2015 entre l&rsquo;Iran et la communaut\u00e9 internationale concernant le programme nucl\u00e9aire de T\u00e9h\u00e9ran, accord que le pr\u00e9sident am\u00e9ricain Donald Trump a d\u00e9nonc\u00e9 en 2018.<\/p>\n","protected":false},"excerpt":{"rendered":"L&rsquo;Union europ\u00e9enne est pr\u00eate \u00e0 faciliter la reprise des n\u00e9gociations avec T\u00e9h\u00e9ran sur l&rsquo;avenir du programme nucl\u00e9aire iranien,&hellip;\n","protected":false},"author":2,"featured_media":219303,"comment_status":"","ping_status":"","sticky":false,"template":"","format":"standard","meta":{"footnotes":""},"categories":[1586],"tags":[1111,47,11,1109,1112,1777,674,1779,118,1108,107,1106,1107,1011,27,1110,1114,14,12,1113,3020,316,25,1778,364],"class_list":{"0":"post-219302","1":"post","2":"type-post","3":"status-publish","4":"format-standard","5":"has-post-thumbnail","7":"category-europe","8":"tag-actu","9":"tag-actualite","10":"tag-actualites","11":"tag-breves","12":"tag-depeches","13":"tag-eu","14":"tag-europe","15":"tag-european-union","16":"tag-faits-divers","17":"tag-fil","18":"tag-fil-info","19":"tag-flash","20":"tag-flash-actu","21":"tag-fr","22":"tag-france","23":"tag-informations","24":"tag-infos","25":"tag-international","26":"tag-news","27":"tag-nouvelles","28":"tag-nucleaire-iranien","29":"tag-politique","30":"tag-republique-francaise","31":"tag-ue","32":"tag-union-europeenne"},"share_on_mastodon":{"url":"https:\/\/pubeurope.com\/@fr\/114780529298823861","error":""},"_links":{"self":[{"href":"https:\/\/www.europesays.com\/fr\/wp-json\/wp\/v2\/posts\/219302","targetHints":{"allow":["GET"]}}],"collection":[{"href":"https:\/\/www.europesays.com\/fr\/wp-json\/wp\/v2\/posts"}],"about":[{"href":"https:\/\/www.europesays.com\/fr\/wp-json\/wp\/v2\/types\/post"}],"author":[{"embeddable":true,"href":"https:\/\/www.europesays.com\/fr\/wp-json\/wp\/v2\/users\/2"}],"replies":[{"embeddable":true,"href":"https:\/\/www.europesays.com\/fr\/wp-json\/wp\/v2\/comments?post=219302"}],"version-history":[{"count":0,"href":"https:\/\/www.europesays.com\/fr\/wp-json\/wp\/v2\/posts\/219302\/revisions"}],"wp:featuredmedia":[{"embeddable":true,"href":"https:\/\/www.europesays.com\/fr\/wp-json\/wp\/v2\/media\/219303"}],"wp:attachment":[{"href":"https:\/\/www.europesays.com\/fr\/wp-json\/wp\/v2\/media?parent=219302"}],"wp:term":[{"taxonomy":"category","embeddable":true,"href":"https:\/\/www.europesays.com\/fr\/wp-json\/wp\/v2\/categories?post=219302"},{"taxonomy":"post_tag","embeddable":true,"href":"https:\/\/www.europesays.com\/fr\/wp-json\/wp\/v2\/tags?post=219302"}],"curies":[{"name":"wp","href":"https:\/\/api.w.org\/{rel}","templated":true}]}}