{"id":219312,"date":"2025-07-01T23:21:12","date_gmt":"2025-07-01T23:21:12","guid":{"rendered":"https:\/\/www.europesays.com\/fr\/219312\/"},"modified":"2025-07-01T23:21:12","modified_gmt":"2025-07-01T23:21:12","slug":"il-ny-a-que-trois-structures-de-ce-type-en-france-pour-les-freres-nicollin-apres-le-mhsc-football-le-mhsc-volley-voici-le-mhsc-padel-tennis","status":"publish","type":"post","link":"https:\/\/www.europesays.com\/fr\/219312\/","title":{"rendered":"\u00ab\u00a0Il n\u2019y a que trois structures de ce type en France\u00a0\u00bb\u00a0: pour les fr\u00e8res Nicollin, apr\u00e8s le MHSC football, le MHSC volley\u2026 voici le MHSC padel-tennis"},"content":{"rendered":"<p>\n                                                                Ce samedi 5\u00a0juillet, \u00e0 P\u00e9rols, dans la m\u00e9tropole de Montpellier, le groupe Nicollin lancera le co\u00fbt d\u2019envoi officiel des travaux pour cette nouvelle structure de padel et tennis, pour un investissement de 4,2 M\u20ac.\n                            <\/p>\n<p>\u00c0 Montpellier et pour la France du football, le MHSC est une institution, champion de France 2012. Depuis 2021, et l\u2019arriv\u00e9e d\u2019Olivier Nicollin, le MHSC volley monte en gamme chaque saison. Sans oublier, qu\u2019ils sont toujours ou ont \u00e9t\u00e9 pr\u00e9sents dans le rugby, la p\u00e9tanque, l\u2019e-sport\u00a0et bien d\u2019autres disciplines, comme aupr\u00e8s des fr\u00e8res Lebrun, dont le groupe Nicollin est partenaire.<\/p>\n<p>Tr\u00e8s vite d\u00e9sormais, la famille va s\u2019\u00e9toffer avec le\u00a0MHSC padel\u00a0&amp; tennis. Ce samedi 5\u00a0juillet marquera en effet le d\u00e9but des travaux de ces tout nouveaux terrains de jeux, au complexe sportif Marius-Vitou, \u00e0 P\u00e9rols. Laurent et Olivier Nicollin seront pr\u00e9sents, tout comme Jean-Pierre Rico, maire de la commune.<\/p>\n<p>Cinq courts de tennis, douze de padel<\/p>\n<p>\u00ab\u00a0Les travaux sont d\u00e9j\u00e0 bien avanc\u00e9s, souligne Jean-Pierre Rico, le maire de P\u00e9rols. Ils devraient \u00eatre finis pour le dernier trimestre de cette ann\u00e9e. Il y aura du loisir mais aussi vraisemblablement de la comp\u00e9tition avec cette bulle de 12 m\u00e8tres sous plafond. Il n\u2019y a que trois structures de ce type en France, cela devrait nous permettre d\u2019accueillir des comp\u00e9titions de niveau national ou international. Nous le faisons dans le cadre d\u2019une DSP, une d\u00e9l\u00e9gation de service public, avec deux partenariats avec nos clubs de foot et de tennis, qui continueront aussi de profiter des installations. Cela va nous permettre de remettre en \u00e9tat tout le complexe sportif\u00a0qui avait une quarantaine d\u2019ann\u00e9es.\u00a0\u00bb<\/p>\n<p>C\u00f4t\u00e9 tennis, cinq\u00a0courts sont pr\u00e9vus, ainsi que\u00a0douze de padel (dont dix couverts). Le montant de l\u2019investissement est annonc\u00e9 pour 4,2 M\u20ac.<\/p>\n","protected":false},"excerpt":{"rendered":"Ce samedi 5\u00a0juillet, \u00e0 P\u00e9rols, dans la m\u00e9tropole de Montpellier, le groupe Nicollin lancera le co\u00fbt d\u2019envoi officiel&hellip;\n","protected":false},"author":2,"featured_media":219313,"comment_status":"","ping_status":"","sticky":false,"template":"","format":"standard","meta":{"footnotes":""},"categories":[1417],"tags":[1011,27,60,1470,1469],"class_list":{"0":"post-219312","1":"post","2":"type-post","3":"status-publish","4":"format-standard","5":"has-post-thumbnail","7":"category-volley","8":"tag-fr","9":"tag-france","10":"tag-sports","11":"tag-volley","12":"tag-volleyball"},"share_on_mastodon":{"url":"https:\/\/pubeurope.com\/@fr\/114780548960239153","error":""},"_links":{"self":[{"href":"https:\/\/www.europesays.com\/fr\/wp-json\/wp\/v2\/posts\/219312","targetHints":{"allow":["GET"]}}],"collection":[{"href":"https:\/\/www.europesays.com\/fr\/wp-json\/wp\/v2\/posts"}],"about":[{"href":"https:\/\/www.europesays.com\/fr\/wp-json\/wp\/v2\/types\/post"}],"author":[{"embeddable":true,"href":"https:\/\/www.europesays.com\/fr\/wp-json\/wp\/v2\/users\/2"}],"replies":[{"embeddable":true,"href":"https:\/\/www.europesays.com\/fr\/wp-json\/wp\/v2\/comments?post=219312"}],"version-history":[{"count":0,"href":"https:\/\/www.europesays.com\/fr\/wp-json\/wp\/v2\/posts\/219312\/revisions"}],"wp:featuredmedia":[{"embeddable":true,"href":"https:\/\/www.europesays.com\/fr\/wp-json\/wp\/v2\/media\/219313"}],"wp:attachment":[{"href":"https:\/\/www.europesays.com\/fr\/wp-json\/wp\/v2\/media?parent=219312"}],"wp:term":[{"taxonomy":"category","embeddable":true,"href":"https:\/\/www.europesays.com\/fr\/wp-json\/wp\/v2\/categories?post=219312"},{"taxonomy":"post_tag","embeddable":true,"href":"https:\/\/www.europesays.com\/fr\/wp-json\/wp\/v2\/tags?post=219312"}],"curies":[{"name":"wp","href":"https:\/\/api.w.org\/{rel}","templated":true}]}}