{"id":219314,"date":"2025-07-01T23:22:10","date_gmt":"2025-07-01T23:22:10","guid":{"rendered":"https:\/\/www.europesays.com\/fr\/219314\/"},"modified":"2025-07-01T23:22:10","modified_gmt":"2025-07-01T23:22:10","slug":"rugby-amateur-un-joueur-de-federale-3-trouve-la-mort-de-maniere-tragique","status":"publish","type":"post","link":"https:\/\/www.europesays.com\/fr\/219314\/","title":{"rendered":"Rugby amateur. Un joueur de F\u00e9d\u00e9rale 3 trouve la mort de mani\u00e8re tragique"},"content":{"rendered":"<p>            Par<br \/>\n        <strong><br \/>\n            <a href=\"https:\/\/actu.fr\/auteur\/redaction-rugby\" title=\"Consulter tous les articles de R\u00e9daction Rugby\" rel=\"nofollow noopener\" target=\"_blank\">R\u00e9daction Rugby<\/a><br \/>\n        <\/strong><\/p>\n<p>        Publi\u00e9 le<\/p>\n<p>            1 juil. 2025 \u00e0 16h15        <\/p>\n<p>Le monde du rugby amateur est en deuil. Le club landais d\u2019<a href=\"https:\/\/actu.fr\/nouvelle-aquitaine\/hagetmau_40119\" rel=\"nofollow noopener\" target=\"_blank\">Hagetmau<\/a>, qui \u00e9volue en F\u00e9d\u00e9rale 3, a annonc\u00e9 le <strong>d\u00e9c\u00e8s tragique<\/strong> de son pilier <strong>Sosefo Tuulaki<\/strong>.<\/p>\n<p>Hagetmau : d\u00e9c\u00e8s tragique d\u2019un joueur de 27 ans<\/p>\n<p class=\" wall-content\">\u00c2g\u00e9 de 27 ans, le N\u00e9o-Cal\u00e9donien, arriv\u00e9 dans les Landes durant l\u2019\u00e9t\u00e9 dernier en provenance du club de Saint-Junien, a trouv\u00e9 la mort dans un plan d\u2019eau \u00e0 Cognac-la-For\u00eat (Haute-Vienne).<\/p>\n<p class=\" wall-content\">Comme le r\u00e9v\u00e8le <a href=\"https:\/\/www.lepopulaire.fr\/cognac-la-foret-87310\/faits-divers\/la-baignade-nocturne-vire-au-drame-un-jeune-homme-retrouve-mort-dans-le-plan-d-eau-de-cognac-la-foret_14712650\/?fbclid=IwY2xjawLQxuxleHRuA2FlbQIxMABicmlkETFIUHdVZWFJYlRTNUt3ZUFMAR4eLXFkWOF2OsQEeFIqpvF2sJu8G6xRToAVesnNZwloCLx1eX_jhjwyit1ILw_aem_aBN01-vh7-Omw9oF1p4Brg\" rel=\"nofollow noopener\" target=\"_blank\">Le Populaire du Centre<\/a>, dans la nuit du samedi 28 au dimanche 29 juin, Sosefo Tuulaki a disparu de mani\u00e8re inqui\u00e9tante au niveau d\u2019un plan d\u2019eau.<\/p>\n<p>    <a href=\"https:\/\/www.facebook.com\/plugins\/post.php?href=https%3A%2F%2Fwww.facebook.com%2FSAHagetmau%2Fposts%2Fpfbid0s1fRWikWo5rTj69KfvjrHshp38wM3iopzZGJTBSYFhju51ZhQRCdVyP17DZTWZyil&amp;show_text=true&amp;width=350\" title=\"Ouvrie le lien\" rel=\"nofollow noopener\" target=\"_blank\">Cliquez ici pour visualiser le contenu<\/a><\/p>\n<p>Mort par noyade<\/p>\n<p class=\" wall-content\">Un homme a donn\u00e9 l\u2019alerte aupr\u00e8s de la gendarmerie locale apr\u00e8s avoir perdu de vue le solide pilier, qui se baignait avec lui. Le corps, sans vie, a finalement \u00e9t\u00e9 retrouv\u00e9 dimanche, vers 12h, malgr\u00e9 le d\u00e9ploiement d\u2019importants moyens.<\/p>\n<p class=\" wall-content\">Sosefo Tuulaki, qui avait disput\u00e9 6 matchs avec Hagetmau cette saison, projetait de revenir jouer \u00e0 Saint-Junien la saison prochaine.<\/p>\n<p>Vid\u00e9os : en ce moment sur Actu<br \/>\n    <a href=\"https:\/\/www.facebook.com\/plugins\/post.php?href=https%3A%2F%2Fwww.facebook.com%2FASSJRUGBY%2Fposts%2Fpfbid0ABmcyiE9iu5Zh1J5m9pZ945hcR7tt3rYxmW9wAaA4LSANWkTDGU1maNWkSyeVFePl&amp;show_text=true&amp;width=350\" title=\"Ouvrie le lien\" rel=\"nofollow noopener\" target=\"_blank\">Cliquez ici pour visualiser le contenu<\/a><\/p>\n<p class=\" wall-content\">Toute la r\u00e9daction d\u2019Actu Rugby pr\u00e9sente ses plus sinc\u00e8res condol\u00e9ances \u00e0 la famille et aux proches de Sosefo Tuulaki.<\/p>\n<p class=\" wall-content\">Suivez toute l\u2019actualit\u00e9 de vos villes et m\u00e9dias favoris en vous inscrivant \u00e0 <a href=\"https:\/\/moncompte.actu.fr\" title=\"D\u00e9couvez Mon Actu\" rel=\"nofollow noopener\" data-trk=\"{&quot;cta&quot;:{&quot;action&quot;:&quot;https:\\\/\\\/moncompte.actu.fr&quot;,&quot;category&quot;:&quot;mon compte&quot;,&quot;from&quot;:&quot;article footer&quot;,&quot;name&quot;:&quot;Mon actu&quot;,&quot;type&quot;:&quot;cta&quot;}}\" target=\"_blank\">Mon Actu<\/a>.<\/p>\n","protected":false},"excerpt":{"rendered":"Par R\u00e9daction Rugby Publi\u00e9 le 1 juil. 2025 \u00e0 16h15 Le monde du rugby amateur est en deuil.&hellip;\n","protected":false},"author":2,"featured_media":219315,"comment_status":"","ping_status":"","sticky":false,"template":"","format":"standard","meta":{"footnotes":""},"categories":[1416],"tags":[5592,4127,1011,27,479,4126,1468,60],"class_list":{"0":"post-219314","1":"post","2":"type-post","3":"status-publish","4":"format-standard","5":"has-post-thumbnail","7":"category-rugby","8":"tag-amateurs","9":"tag-federale","10":"tag-fr","11":"tag-france","12":"tag-rugby","13":"tag-rugby-amateur","14":"tag-rugby-football","15":"tag-sports"},"share_on_mastodon":{"url":"https:\/\/pubeurope.com\/@fr\/114780552805411065","error":""},"_links":{"self":[{"href":"https:\/\/www.europesays.com\/fr\/wp-json\/wp\/v2\/posts\/219314","targetHints":{"allow":["GET"]}}],"collection":[{"href":"https:\/\/www.europesays.com\/fr\/wp-json\/wp\/v2\/posts"}],"about":[{"href":"https:\/\/www.europesays.com\/fr\/wp-json\/wp\/v2\/types\/post"}],"author":[{"embeddable":true,"href":"https:\/\/www.europesays.com\/fr\/wp-json\/wp\/v2\/users\/2"}],"replies":[{"embeddable":true,"href":"https:\/\/www.europesays.com\/fr\/wp-json\/wp\/v2\/comments?post=219314"}],"version-history":[{"count":0,"href":"https:\/\/www.europesays.com\/fr\/wp-json\/wp\/v2\/posts\/219314\/revisions"}],"wp:featuredmedia":[{"embeddable":true,"href":"https:\/\/www.europesays.com\/fr\/wp-json\/wp\/v2\/media\/219315"}],"wp:attachment":[{"href":"https:\/\/www.europesays.com\/fr\/wp-json\/wp\/v2\/media?parent=219314"}],"wp:term":[{"taxonomy":"category","embeddable":true,"href":"https:\/\/www.europesays.com\/fr\/wp-json\/wp\/v2\/categories?post=219314"},{"taxonomy":"post_tag","embeddable":true,"href":"https:\/\/www.europesays.com\/fr\/wp-json\/wp\/v2\/tags?post=219314"}],"curies":[{"name":"wp","href":"https:\/\/api.w.org\/{rel}","templated":true}]}}