{"id":219316,"date":"2025-07-01T23:23:12","date_gmt":"2025-07-01T23:23:12","guid":{"rendered":"https:\/\/www.europesays.com\/fr\/219316\/"},"modified":"2025-07-01T23:23:12","modified_gmt":"2025-07-01T23:23:12","slug":"wimbledon-djokovic-en-plein-match-a-judy-murray-presente-dans-la-royal-box-jai-utilise-une-tactique-typique-dandy-sur-ce-point","status":"publish","type":"post","link":"https:\/\/www.europesays.com\/fr\/219316\/","title":{"rendered":"Wimbledon > Djokovic en plein match \u00e0 Judy Murray, pr\u00e9sente dans la Royal Box : \u00ab\u00a0J&rsquo;ai utilis\u00e9 une tactique typique d&rsquo;Andy sur ce point !\u00a0\u00bb"},"content":{"rendered":"<p>Lors de son match face au Fran\u00e7ais Alexandre Muller, ce mardi soir, \u00e0 l\u2019occasion du premier tour de Wimbledon, Novak Djokovic s\u2019est direc\u00adte\u00adment adress\u00e9 \u00e0 Judy Murray, la m\u00e8re de son ancien rival et d\u00e9sor\u00admais ex\u2010entra\u00eeneur, pr\u00e9sente dans la Royal Box du Centre Court.<\/p>\n<p><strong>\u00ab\u202fJ\u2019ai utilis\u00e9 une tactique typique d\u2019Andy sur ce point\u202f\u00bb<\/strong>, a lanc\u00e9 l\u2019homme aux 24 titres du Grand Chelem.\u00a0<\/p>\n<blockquote class=\"twitter-tweet\">\n<p lang=\"en\" dir=\"ltr\">Djokovic chat\u00adting to Judy Murray (who is in the Royal Box) mid match.<\/p>\n<p>\u00ab\u202fI used typical Andy Murray tactics in this\u00a0point\u202f\u00bb\u00a0\ud83d\ude05<\/p>\n<p>\u2014 Jos\u00e9 Morgado (@josemorgado) <a href=\"https:\/\/twitter.com\/josemorgado\/status\/1940154167898648647?ref_src=twsrc%5Etfw\" data-wpel-link=\"external\" target=\"_blank\" rel=\"nofollow external noopener\">July 1,\u00a02025<\/a><\/p><\/blockquote>\n<p>Une remarque qui devrait faire sourire Andy Murray.<\/p>\n<p class=\"post-published-date\" style=\"color: silver; font-size: 75%; text-align: left;\">Publi\u00e9 le mardi 1 juillet 2025 \u00e0 23:20<\/p>\n<p><script async src=\"https:\/\/platform.twitter.com\/widgets.js\" charset=\"utf-8\"><\/script><\/p>\n","protected":false},"excerpt":{"rendered":"Lors de son match face au Fran\u00e7ais Alexandre Muller, ce mardi soir, \u00e0 l\u2019occasion du premier tour de&hellip;\n","protected":false},"author":2,"featured_media":68383,"comment_status":"","ping_status":"","sticky":false,"template":"","format":"standard","meta":{"footnotes":""},"categories":[1415],"tags":[4737,105,1011,27,60,1467],"class_list":{"0":"post-219316","1":"post","2":"type-post","3":"status-publish","4":"format-standard","5":"has-post-thumbnail","7":"category-tennis","8":"tag-andy-murray","9":"tag-djokovic","10":"tag-fr","11":"tag-france","12":"tag-sports","13":"tag-tennis"},"share_on_mastodon":{"url":"https:\/\/pubeurope.com\/@fr\/114780557066473567","error":""},"_links":{"self":[{"href":"https:\/\/www.europesays.com\/fr\/wp-json\/wp\/v2\/posts\/219316","targetHints":{"allow":["GET"]}}],"collection":[{"href":"https:\/\/www.europesays.com\/fr\/wp-json\/wp\/v2\/posts"}],"about":[{"href":"https:\/\/www.europesays.com\/fr\/wp-json\/wp\/v2\/types\/post"}],"author":[{"embeddable":true,"href":"https:\/\/www.europesays.com\/fr\/wp-json\/wp\/v2\/users\/2"}],"replies":[{"embeddable":true,"href":"https:\/\/www.europesays.com\/fr\/wp-json\/wp\/v2\/comments?post=219316"}],"version-history":[{"count":0,"href":"https:\/\/www.europesays.com\/fr\/wp-json\/wp\/v2\/posts\/219316\/revisions"}],"wp:featuredmedia":[{"embeddable":true,"href":"https:\/\/www.europesays.com\/fr\/wp-json\/wp\/v2\/media\/68383"}],"wp:attachment":[{"href":"https:\/\/www.europesays.com\/fr\/wp-json\/wp\/v2\/media?parent=219316"}],"wp:term":[{"taxonomy":"category","embeddable":true,"href":"https:\/\/www.europesays.com\/fr\/wp-json\/wp\/v2\/categories?post=219316"},{"taxonomy":"post_tag","embeddable":true,"href":"https:\/\/www.europesays.com\/fr\/wp-json\/wp\/v2\/tags?post=219316"}],"curies":[{"name":"wp","href":"https:\/\/api.w.org\/{rel}","templated":true}]}}