{"id":219317,"date":"2025-07-01T23:25:18","date_gmt":"2025-07-01T23:25:18","guid":{"rendered":"https:\/\/www.europesays.com\/fr\/219317\/"},"modified":"2025-07-01T23:25:18","modified_gmt":"2025-07-01T23:25:18","slug":"francesco-bagnaia-liberer-une-prouesse-de-course-inegalee-la-declaration-audacieuse-de-bezzecchi-shocke-le-monde-du-motogp","status":"publish","type":"post","link":"https:\/\/www.europesays.com\/fr\/219317\/","title":{"rendered":"Francesco Bagnaia : Lib\u00e9rer une Prouesse de Course In\u00e9gal\u00e9e &#8211; La D\u00e9claration Audacieuse de Bezzecchi Shocke le Monde du MotoGP"},"content":{"rendered":"<p>Dans une r\u00e9v\u00e9lation choquante, la star montante du MotoGP Marco Bezzecchi a plac\u00e9 Francesco Bagnaia sur un pi\u00e9destal aux c\u00f4t\u00e9s du l\u00e9gendaire Dani Pedrosa en tant que l\u2019un des pilotes les plus techniquement dou\u00e9s du sport. Malgr\u00e9 les difficult\u00e9s de Bagnaia dans la saison actuelle de MotoGP, Bezzecchi, membre de l\u2019Academy des pilotes VR46, a salu\u00e9 Bagnaia comme l\u2019un des meilleurs pilotes qu\u2019il ait jamais vus en action.  <\/p>\n<p>Alors que Bagnaia est actuellement \u00e0 la tra\u00eene dans le classement des pilotes 2025, occupant la troisi\u00e8me place et un \u00e9cart significatif de 110 points derri\u00e8re le leader Marc Marquez, son talent et sa prouesse sur la piste n\u2019ont pas \u00e9chapp\u00e9 aux observateurs. Bezzecchi, connu pour ses opinions franches, a exprim\u00e9 son admiration pour les capacit\u00e9s exceptionnelles de Bagnaia, soulignant son remarquable sens de l\u2019adaptabilit\u00e9 et sa rapidit\u00e9 \u00e0 ma\u00eetriser diff\u00e9rentes conditions de course.  <\/p>\n<p>Bien que Dani Pedrosa soit depuis longtemps v\u00e9n\u00e9r\u00e9 comme l\u2019un des pilotes les plus techniques de l\u2019histoire du MotoGP, l\u2019approbation de Bezzecchi concernant les comp\u00e9tences de Bagnaia a suscit\u00e9 des lev\u00e9es de sourcils et a d\u00e9clench\u00e9 des d\u00e9bats au sein de la communaut\u00e9 de la course. Les \u00e9loges de Bezzecchi pour le raffinement de la course de Bagnaia, son style de conduite fluide et ses approches strat\u00e9giques des virages ont mis en lumi\u00e8re le talent exceptionnel et le potentiel du pilote Ducati \u00e0 dominer le sport lorsqu\u2019il est en pleine forme.  <\/p>\n<p>Malgr\u00e9 les d\u00e9fis rencontr\u00e9s avec la performance de la Ducati Desmosedici cette saison, le talent ind\u00e9niable et l\u2019acumen de course de Bagnaia continuent de lui valoir respect et admiration de la part de ses pairs. La d\u00e9claration audacieuse de Bezzecchi a ajout\u00e9 de l\u2019huile au feu des discussions en cours sur les pilotes les plus techniquement dou\u00e9s du MotoGP, solidifiant la position de Bagnaia en tant que force avec laquelle il faut compter sur la piste.  <\/p>\n<p>Alors que la saison de MotoGP se d\u00e9roule et que la concurrence s\u2019intensifie, tous les yeux seront riv\u00e9s sur Bagnaia alors qu\u2019il s\u2019efforce de montrer ses comp\u00e9tences in\u00e9gal\u00e9es et de prouver sa valeur parmi les pilotes d\u2019\u00e9lite du sport. Avec l\u2019approbation de Bezzecchi propulsant Bagnaia sous les projecteurs, le monde de la course attend avec impatience le prochain chapitre de la saga de ces deux talents remarquables.<\/p>\n","protected":false},"excerpt":{"rendered":"Dans une r\u00e9v\u00e9lation choquante, la star montante du MotoGP Marco Bezzecchi a plac\u00e9 Francesco Bagnaia sur un pi\u00e9destal&hellip;\n","protected":false},"author":2,"featured_media":219318,"comment_status":"","ping_status":"","sticky":false,"template":"","format":"standard","meta":{"footnotes":""},"categories":[1413],"tags":[1011,27,18548,1457,1456,60],"class_list":{"0":"post-219317","1":"post","2":"type-post","3":"status-publish","4":"format-standard","5":"has-post-thumbnail","7":"category-moto","8":"tag-fr","9":"tag-france","10":"tag-francesco-bagnaia","11":"tag-moto","12":"tag-motocycle","13":"tag-sports"},"share_on_mastodon":{"url":"https:\/\/pubeurope.com\/@fr\/114780564600333151","error":""},"_links":{"self":[{"href":"https:\/\/www.europesays.com\/fr\/wp-json\/wp\/v2\/posts\/219317","targetHints":{"allow":["GET"]}}],"collection":[{"href":"https:\/\/www.europesays.com\/fr\/wp-json\/wp\/v2\/posts"}],"about":[{"href":"https:\/\/www.europesays.com\/fr\/wp-json\/wp\/v2\/types\/post"}],"author":[{"embeddable":true,"href":"https:\/\/www.europesays.com\/fr\/wp-json\/wp\/v2\/users\/2"}],"replies":[{"embeddable":true,"href":"https:\/\/www.europesays.com\/fr\/wp-json\/wp\/v2\/comments?post=219317"}],"version-history":[{"count":0,"href":"https:\/\/www.europesays.com\/fr\/wp-json\/wp\/v2\/posts\/219317\/revisions"}],"wp:featuredmedia":[{"embeddable":true,"href":"https:\/\/www.europesays.com\/fr\/wp-json\/wp\/v2\/media\/219318"}],"wp:attachment":[{"href":"https:\/\/www.europesays.com\/fr\/wp-json\/wp\/v2\/media?parent=219317"}],"wp:term":[{"taxonomy":"category","embeddable":true,"href":"https:\/\/www.europesays.com\/fr\/wp-json\/wp\/v2\/categories?post=219317"},{"taxonomy":"post_tag","embeddable":true,"href":"https:\/\/www.europesays.com\/fr\/wp-json\/wp\/v2\/tags?post=219317"}],"curies":[{"name":"wp","href":"https:\/\/api.w.org\/{rel}","templated":true}]}}