{"id":219327,"date":"2025-07-01T23:30:10","date_gmt":"2025-07-01T23:30:10","guid":{"rendered":"https:\/\/www.europesays.com\/fr\/219327\/"},"modified":"2025-07-01T23:30:10","modified_gmt":"2025-07-01T23:30:10","slug":"lastronome-de-vermeer-vient-de-prendre-place-au-mucem","status":"publish","type":"post","link":"https:\/\/www.europesays.com\/fr\/219327\/","title":{"rendered":"\u00ab\u00a0L&rsquo;Astronome\u00a0\u00bb de Vermeer vient de prendre place au Mucem"},"content":{"rendered":"<p>L\u2019excitation est palpable au sein des \u00e9quipes du Mucem ce mardi 1er\u00a0juillet apr\u00e8s-midi. Elles vont en effet d\u00e9couvrir au sortir de sa caisse, le chef-d\u2019\u0153uvre de Vermeer, L\u2019Astronome, pr\u00eat\u00e9 par Le Louvre pour trois mois. Le tableau est d\u00e9j\u00e0 sorti du mus\u00e9e parisien pour aller \u00e0 l\u2019\u00e9tranger mais n\u2019a jamais \u00e9t\u00e9 expos\u00e9 en France en dehors du Louvre. L\u2019\u00e9v\u00e9nement est donc de taille pour le Mucem qui int\u00e8gre cette huile sur toile de 51&#215;45\u00a0cm datant de\u00a01668, <a href=\"https:\/\/www.laprovence.com\/article\/culture-loisirs\/7884544984806514\/mythes-et-langage-des-astres-les-nouvelles-expos-du-mucem-a-marseille\" target=\"_blank\" rel=\"noopener\">\u00e0 sa nouvelle exposition Lire le ciel &#8211; Sous les \u00e9toiles en M\u00e9diterran\u00e9e qui d\u00e9bute le 9\u00a0juillet.<\/a><\/p>\n<p>M\u00e9ticuleuse auscultation<\/p>\n<p>Le tableau est dans la r\u00e9serve depuis quelques jours et il est l\u2019heure d\u2019aller le chercher. La convoyeuse du Louvre et la r\u00e9gisseuse de l\u2019exposition remontent des coulisses avec une grande caisse bleue qui se d\u00e9place sur des roulettes. La sortie du tableau hors de la caisse se fait en petit comit\u00e9, pour des raisons de s\u00e9curit\u00e9, \u00e0 l\u2019int\u00e9rieur de la salle d\u2019exposition. \u00ab\u00a0Tout est ok\u00a0\u00bb, nous indique-t-on, le tableau est arriv\u00e9 sans probl\u00e8me. Nous entrons donc \u00e0 notre tour dans la salle d\u2019exposition en chantier (elle sera ouverte au public la semaine prochaine) et d\u00e9couvrons le tableau envelopp\u00e9 de papier de conservation, pos\u00e9 sur une grande table napp\u00e9e de blanc : la table de constat. Pr\u00e8s du mur bleu qui s\u2019appr\u00eate \u00e0 recevoir le chef-d\u2019\u0153uvre, juste \u00e0 c\u00f4t\u00e9 d\u2019un autre Astronome, celui de Luca Girodano (1655).<\/p>\n","protected":false},"excerpt":{"rendered":"L\u2019excitation est palpable au sein des \u00e9quipes du Mucem ce mardi 1er\u00a0juillet apr\u00e8s-midi. Elles vont en effet d\u00e9couvrir&hellip;\n","protected":false},"author":2,"featured_media":219328,"comment_status":"","ping_status":"","sticky":false,"template":"","format":"standard","meta":{"footnotes":""},"categories":[1358],"tags":[17,1348,1384,1385,251,1386,58,59,1011,27,35841,6864,5536,4571,35842,5256],"class_list":{"0":"post-219327","1":"post","2":"type-post","3":"status-publish","4":"format-standard","5":"has-post-thumbnail","7":"category-arts-et-design","8":"tag-17","9":"tag-arts","10":"tag-arts-and-design","11":"tag-arts-et-design","12":"tag-culture","13":"tag-design","14":"tag-divertissement","15":"tag-entertainment","16":"tag-fr","17":"tag-france","18":"tag-lastronome","19":"tag-mucem","20":"tag-place","21":"tag-prendre","22":"tag-vermeer","23":"tag-vient"},"share_on_mastodon":{"url":"https:\/\/pubeurope.com\/@fr\/114780584299512701","error":""},"_links":{"self":[{"href":"https:\/\/www.europesays.com\/fr\/wp-json\/wp\/v2\/posts\/219327","targetHints":{"allow":["GET"]}}],"collection":[{"href":"https:\/\/www.europesays.com\/fr\/wp-json\/wp\/v2\/posts"}],"about":[{"href":"https:\/\/www.europesays.com\/fr\/wp-json\/wp\/v2\/types\/post"}],"author":[{"embeddable":true,"href":"https:\/\/www.europesays.com\/fr\/wp-json\/wp\/v2\/users\/2"}],"replies":[{"embeddable":true,"href":"https:\/\/www.europesays.com\/fr\/wp-json\/wp\/v2\/comments?post=219327"}],"version-history":[{"count":0,"href":"https:\/\/www.europesays.com\/fr\/wp-json\/wp\/v2\/posts\/219327\/revisions"}],"wp:featuredmedia":[{"embeddable":true,"href":"https:\/\/www.europesays.com\/fr\/wp-json\/wp\/v2\/media\/219328"}],"wp:attachment":[{"href":"https:\/\/www.europesays.com\/fr\/wp-json\/wp\/v2\/media?parent=219327"}],"wp:term":[{"taxonomy":"category","embeddable":true,"href":"https:\/\/www.europesays.com\/fr\/wp-json\/wp\/v2\/categories?post=219327"},{"taxonomy":"post_tag","embeddable":true,"href":"https:\/\/www.europesays.com\/fr\/wp-json\/wp\/v2\/tags?post=219327"}],"curies":[{"name":"wp","href":"https:\/\/api.w.org\/{rel}","templated":true}]}}