{"id":219343,"date":"2025-07-01T23:38:14","date_gmt":"2025-07-01T23:38:14","guid":{"rendered":"https:\/\/www.europesays.com\/fr\/219343\/"},"modified":"2025-07-01T23:38:14","modified_gmt":"2025-07-01T23:38:14","slug":"les-rendez-vous-astronomiques-a-ne-pas-manquer-en-juillet","status":"publish","type":"post","link":"https:\/\/www.europesays.com\/fr\/219343\/","title":{"rendered":"Les rendez-vous astronomiques \u00e0 ne pas manquer en juillet"},"content":{"rendered":"<p>                          <img loading=\"lazy\" decoding=\"async\" src=\"https:\/\/www.europesays.com\/fr\/wp-content\/uploads\/2025\/07\/8129076_upload-1-iq8wc7mv4ulv-3-juillet-2025.jpg\" alt=\"La Lune et Spica de la Vierge, le 3 juillet 2025 au cr\u00e9puscule.\"   width=\"664\" height=\"443\"\/>    La Lune et Spica de la Vierge, le 3 juillet 2025 au cr\u00e9puscule.  GUILLAUME CANNAT                   <\/p>\n<p class=\"article__paragraph  \">Avec cette chaleur, profitez de la (relative) fra\u00eecheur nocturne pour d\u00e9couvrir la vo\u00fbte c\u00e9leste et rep\u00e9rer, m\u00eame en milieu urbain, les \u00e9toiles et les plan\u00e8tes les plus brillantes. Trouvez un petit coin de parc ou un jardin public o\u00f9 vous pourrez vous \u00e9loigner des lampadaires et de leur lumi\u00e8re artificielle envahissante et voguez sur l\u2019oc\u00e9an nocturne\u00a0! Si vous \u00eates sous un ciel \u00e9pargn\u00e9 par la pollution lumineuse, vous pourrez \u00e9galement admirer la trace luminescente de la Voie lact\u00e9e une fois la nuit bien install\u00e9e et votre vue accoutum\u00e9e \u00e0 l\u2019obscurit\u00e9\u00a0; il vous faudra, bien s\u00fbr, choisir une nuit ou un moment de nuit sans Lune, ce qui sera bien plus facile apr\u00e8s la mi-juillet.<\/p>\n<p class=\"article__paragraph  \">Le jeudi 3\u00a0juillet au cr\u00e9puscule, une heure et demie apr\u00e8s le coucher du Soleil, la Lune au lendemain de son premier quartier sera visible \u00e0 un degr\u00e9 de Spica, la belle \u00e9toile principale de la constellation de la Vierge \u2013 le bout de votre petit doigt bras tendu couvre \u00e0 peu pr\u00e8s un degr\u00e9 sur le ciel. Ce couple d\u2019un soir est visible \u00e0 une vingtaine de degr\u00e9s de hauteur au-dessus de l\u2019horizon sud-ouest et il se couche en milieu de nuit. Les observateurs du ciel attentifs savent que quatre jours apr\u00e8s son passage pr\u00e8s de Spica, la Lune est toujours visible dans le voisinage d\u2019Antar\u00e8s du Scorpion, cette superbe \u00e9toile au vif \u00e9clat orang\u00e9. S\u00e9l\u00e9n\u00e9 sera donc toute proche d\u2019Antar\u00e8s \u2013 moins de deux degr\u00e9s \u2013 le lundi 7\u00a0juillet, et ces deux astres seront d\u00e9j\u00e0 rep\u00e9rables au sud \u00e0 peine plus d\u2019une heure apr\u00e8s le d\u00e9part du Soleil.<\/p>\n<p>                        <img loading=\"lazy\" decoding=\"async\" src=\"https:\/\/www.europesays.com\/fr\/wp-content\/uploads\/2025\/07\/688f45a_upload-1-3guqgtrzqe6n-8-au-11-juillet-2025.jpg\" alt=\"Du mardi 8 au vendredi 11 juillet 2025 \u00e0 l'aube.\"   width=\"664\" height=\"443\"\/>    Du mardi 8 au vendredi 11 juillet 2025 \u00e0 l&rsquo;aube.  GUILLAUME CANNAT                   <\/p>\n<p class=\"article__paragraph  \">Du mardi\u00a08 au vendredi 11\u00a0juillet \u00e0 l\u2019or\u00e9e de l\u2019aube, pr\u00e8s de deux heures avant le lever du Soleil, vous pourrez suivre le passage de V\u00e9nus entre les amas d\u2019\u00e9toiles des Hyades et des Pl\u00e9iades dans le Taureau\u00a0; l\u2019\u00e9clat de cette plan\u00e8te est tel que vous n\u2019aurez m\u00eame pas besoin de la Lune pour l\u2019identifier sans ambigu\u00eft\u00e9. La sc\u00e8ne se d\u00e9roulera juste au-dessus de l\u2019horizon est-nord-est et, en ville, vous aurez s\u00fbrement besoin de jumelles pour distinguer les \u00e9toiles des Hyades car elles scintilleront au ras de l\u2019horizon et seront probablement partiellement gomm\u00e9es par la pollution lumineuse et la brume de chaleur. Situ\u00e9es \u00e0 une dizaine de degr\u00e9s de hauteur au-dessus de V\u00e9nus, les Pl\u00e9iades seront bien plus faciles \u00e0 trouver \u00e0 l\u2019\u0153il nu en ville\u00a0: cet amas stellaire ressemble \u00e0 une version miniature de la Petite Ourse.<\/p>\n<p>                        <img loading=\"lazy\" decoding=\"async\" src=\"https:\/\/www.europesays.com\/fr\/wp-content\/uploads\/2025\/07\/7f19a02_upload-1-9mqph6ifimev-16-juillet-2025.jpg\" alt=\"Mercredi 16 juillet 2025 \u00e0 l'aube.\"   width=\"664\" height=\"443\"\/>    Mercredi 16 juillet 2025 \u00e0 l&rsquo;aube.  GUILLAUME CANNAT                   <\/p>\n<p class=\"article__paragraph  \">Le mercredi 16\u00a0juillet \u00e0 l\u2019aube, deux heures avant le lever du Soleil, la Lune gibbeuse d\u00e9croissante et Saturne seront install\u00e9es \u00e0 une quarantaine de degr\u00e9s de hauteur au-dessus de l\u2019horizon sud-est et leur \u00e9cart apparent sera inf\u00e9rieur \u00e0 quatre degr\u00e9s. Saturne n\u2019est pas la plan\u00e8te la plus brillante du Syst\u00e8me solaire, mais c\u2019est assur\u00e9ment la plus belle \u00e0 observer dans un instrument d\u2019amateur. Le disque de cette g\u00e9ante gazeuse mesure 120\u00a0000 kilom\u00e8tres de diam\u00e8tre \u00e0 l\u2019\u00e9quateur et il est entour\u00e9 d\u2019un syst\u00e8me d\u2019anneaux de plus de 275\u00a0000 kilom\u00e8tres d\u2019envergure. Essentiellement constitu\u00e9s de particules et de petits blocs de glace salis par des poussi\u00e8res m\u00e9t\u00e9oritiques, ces anneaux sont tr\u00e8s peu \u00e9pais, quelques kilom\u00e8tres sans doute, et lorsque la Terre passe dans leur plan, comme cela s\u2019est produit le 23\u00a0mars\u00a02025, ils disparaissent compl\u00e8tement durant plusieurs semaines. Nous voyons \u00e0 pr\u00e9sent la \u00ab\u00a0face\u00a0\u00bb sud des anneaux, mais ils ne sont encore que tr\u00e8s peu inclin\u00e9s par rapport \u00e0 notre ligne de vision \u2013 moins de quatre degr\u00e9s \u2013 si bien qu\u2019ils apparaissent presque comme un trait \u00e9pais qui d\u00e9borderait de chaque c\u00f4t\u00e9 du disque de Saturne dans les petits instruments avec un grossissement d\u2019une trentaine de fois. Profitez des nombreuses soir\u00e9es d\u2019observation organis\u00e9es l\u2019\u00e9t\u00e9 pour les admirer dans un gros t\u00e9lescope\u00a0; les soir\u00e9es sont recens\u00e9es sur <a href=\"https:\/\/www.afastronomie.fr\/manifestations\" target=\"_blank\" rel=\"noopener nofollow\" title=\"Nouvelle fen\u00eatre\">le site de l\u2019Association fran\u00e7aise d\u2019astronomie<\/a>.<\/p>\n<p>                        <img loading=\"lazy\" decoding=\"async\" src=\"https:\/\/www.europesays.com\/fr\/wp-content\/uploads\/2025\/07\/6dabf8a_upload-1-4vdu9tzhkx2q-20-au-22-juillet-2025.jpg\" alt=\"Du dimanche 20 au mardi 22 juillet 2025 \u00e0 l'aube.\"   width=\"664\" height=\"443\"\/>    Du dimanche 20 au mardi 22 juillet 2025 \u00e0 l&rsquo;aube.  GUILLAUME CANNAT                   <\/p>\n<p class=\"article__paragraph  \">Du dimanche\u00a020 au mardi 22\u00a0juillet, je vous invite de nouveau \u00e0 appr\u00e9cier la qui\u00e9tude de l\u2019aube. Deux heures avant le bond du disque solaire \u00e9blouissant au-dessus de l\u2019horizon est-nord-est, d\u00e9gustez la belle lumi\u00e8re cendr\u00e9e qui baignera g\u00e9n\u00e9reusement la face lunaire alors que le croissant s\u2019amincira de jour en jour. Le dimanche 20\u00a0juillet, l\u2019amas des Pl\u00e9iades brillera \u00e0 moins de cinq degr\u00e9s sur la gauche de l\u2019arc lunaire. Le lendemain matin, le lundi 21\u00a0juillet, la Lune surplombera pratiquement V\u00e9nus et se tiendra \u00e0 l\u2019aplomb d\u2019Ald\u00e9baran par rapport \u00e0 l\u2019\u00e9cliptique\u00a0; au tout d\u00e9but de l\u2019aube, l\u2019amas des Hyades sera visible \u00e0 l\u2019\u0153il nu ou aux jumelles autour de l\u2019\u00e9toile principale du Taureau. Le mardi 22\u00a0juillet, loin sur la gauche de V\u00e9nus, une fine lame d\u2019argent sera coll\u00e9e au globe lunaire joliment r\u00e9v\u00e9l\u00e9 par la lumi\u00e8re cendr\u00e9e.<\/p>\n<p>                        <img loading=\"lazy\" decoding=\"async\" src=\"https:\/\/www.europesays.com\/fr\/wp-content\/uploads\/2025\/07\/04fb730_upload-1-h1rtuttgspud-23-juillet-2025.jpg\" alt=\"Mercredi 23 juillet 2025 \u00e0 l'aube\"   width=\"664\" height=\"443\"\/>    Mercredi 23 juillet 2025 \u00e0 l&rsquo;aube  GUILLAUME CANNAT                   <\/p>\n<p class=\"article__paragraph  \">Le mercredi 23\u00a0juillet, un croissant lunaire aussi mince que magnifique vous indiquera la bonne direction pour chercher l\u2019\u00e9clat de Jupiter qui fait son retour en juillet dans le ciel de l\u2019aube\u00a0; une quarantaine d\u2019heures avant la Nouvelle Lune, ce croissant lunaire sera encore parfaitement visible \u00e0 l\u2019\u0153il nu. L\u2019\u00e9longation solaire de Jupiter \u2013 son \u00e9cart angulaire avec le Soleil \u2013 va augmenter chaque matin cet \u00e9t\u00e9 et le rep\u00e9rage de cette plan\u00e8te sera donc de plus en plus facile. Pensez \u00e0 regarder vers V\u00e9nus qui brillera alors \u00e0 une vingtaine de degr\u00e9s de la flamm\u00e8che jovienne\u00a0: ces deux plan\u00e8tes glisseront (en apparence) l\u2019une vers l\u2019autre dans les semaines qui viennent et elles se croiseront \u00e0 moins d\u2019un degr\u00e9 d\u2019\u00e9cart le 12\u00a0ao\u00fbt.<\/p>\n<p>                        <img loading=\"lazy\" decoding=\"async\" src=\"https:\/\/www.europesays.com\/fr\/wp-content\/uploads\/2025\/07\/0a38c0d_upload-1-h8ny18kskziv-28-juillet-2025.jpg\" alt=\"Lundi 28 juillet 2025 au cr\u00e9puscule.\"   width=\"664\" height=\"443\"\/>    Lundi 28 juillet 2025 au cr\u00e9puscule.  GUILLAUME CANNAT                   <\/p>\n<p class=\"article__paragraph  \">Le lundi 28\u00a0juillet, deux jours apr\u00e8s avoir fr\u00f4l\u00e9 R\u00e9gulus du Lion lors d\u2019une conjonction tr\u00e8s d\u00e9licate \u00e0 observer au ras de l\u2019horizon ouest-nord-ouest \u00e0 peine une heure apr\u00e8s le coucher du Soleil, la Lune passera juste en dessous de Mars. Une heure et demie apr\u00e8s le d\u00e9part du disque solaire, alors que le croissant ne sera plus qu\u2019\u00e0 une paire de degr\u00e9s de hauteur au-dessus de l\u2019horizon ouest \u2013 soit \u00e0 peu pr\u00e8s l\u2019\u00e9paisseur de votre pouce bras tendu \u2013, vous pourrez tenter de distinguer Mars \u00e0 deux degr\u00e9s de son limbe septentrional. Cette plan\u00e8te n\u2019est pas tr\u00e8s brillante actuellement (magnitude 1,6) et elle sera donc difficile \u00e0 trouver \u00e0 l\u2019\u0153il nu si l\u2019atmosph\u00e8re n\u2019est pas limpide, mais cela ne devrait pas poser de probl\u00e8me avec des jumelles\u00a0: en pla\u00e7ant le croissant et sa belle lumi\u00e8re cendr\u00e9e dans la partie basse du champ, le timide \u00e9clat martien devrait appara\u00eetre pratiquement au centre.<\/p>\n<p class=\"article__paragraph  \"><strong>\u00c0 lire \u00e9galement<\/strong><\/p>\n<p class=\"article__paragraph  \">Chaque mois, je vous propose de d\u00e9couvrir mes images du ciel dans ma <a href=\"http:\/\/www.leguideduciel.net\" target=\"_blank\" rel=\"noopener nofollow\" title=\"Nouvelle fen\u00eatre\"><strong>Lettre du Guide du Ciel<\/strong><\/a>.<\/p>\n<p>                        <img loading=\"lazy\" decoding=\"async\" src=\"https:\/\/www.europesays.com\/fr\/wp-content\/uploads\/2025\/07\/544f626_upload-1-dwgks5ectjy2-20230815-ncn-pradines-0855.jpg\" alt=\"Errances galactiques sur le causse Noir.\"   width=\"664\" height=\"443\"\/>    Errances galactiques sur le causse Noir.  GUILLAUME CANNAT                   <\/p>\n<p class=\"article__paragraph  \"><strong>Phases de la Lune en juillet<\/strong><\/p>\n<p class=\"article__paragraph  \">La Lune est au premier quartier le 2 dans la Vierge, pleine le 10 dans le Sagittaire, au dernier quartier le 18 dans les Poissons et nouvelle le 24 dans le Cancer.<\/p>\n<p class=\"article__paragraph  \"><strong>Le ciel en juillet<\/strong><\/p>\n<p class=\"article__paragraph  \">La nuit noire tarde \u00e0 venir en juillet et le d\u00e9but des observations c\u00e9lestes est repouss\u00e9 autour de minuit. \u00c0 ce moment-l\u00e0, si la Lune \u00e9blouissante est absente, il est possible de d\u00e9couvrir la Voie lact\u00e9e dans les sites \u00e9loign\u00e9s des lumi\u00e8res artificielles. Elle domine le c\u00f4t\u00e9 est du bol nocturne, avec la constellation de Pers\u00e9e au ras de l\u2019horizon nord-nord-est, celle du Scorpion au sud-sud-ouest et le Triangle d\u2019\u00e9t\u00e9 pratiquement suspendu au z\u00e9nith par son \u00e9toile V\u00e9ga. Notez que les figures printani\u00e8res sont encore pr\u00e9sentes en d\u00e9but de nuit, avec le grand losange de l\u2019ast\u00e9risme du Diamant, qui assemble les \u00e9toiles Cor Caroli, Arcturus, Spica et Denebola, couch\u00e9 sur l\u2019horizon ouest. Notre galaxie a la forme approximative d\u2019une galette tournant sur elle-m\u00eame et son axe de rotation pointe vers la Chevelure de B\u00e9r\u00e9nice, au beau milieu du Diamant. Avec un peu d\u2019imagination, vous pouvez \u00ab\u00a0voir\u00a0\u00bb la lente giration de la Voie lact\u00e9e se mat\u00e9rialiser dans le ciel. Le grand carr\u00e9 de P\u00e9gase s\u2019\u00e9l\u00e8ve de plus en plus t\u00f4t au-dessus de l\u2019horizon est et il entra\u00eene l\u2019arc d\u2019Androm\u00e8de, qui vous ram\u00e8ne jusqu\u2019\u00e0 Pers\u00e9e si vous le prolongez. L\u2019\u00e9t\u00e9, dans l\u2019h\u00e9misph\u00e8re Nord, l\u2019\u00e9cliptique est rabattu vers l\u2019horizon sud et les constellations zodiacales (dont les noms sont color\u00e9s en orange sur les cartes) sont confin\u00e9es dans la bande la plus turbulente et pollu\u00e9e de la vo\u00fbte nocturne.<\/p>\n<p>                        <img loading=\"lazy\" decoding=\"async\" src=\"https:\/\/www.europesays.com\/fr\/wp-content\/uploads\/2025\/07\/58651a6_upload-1-o0gx5bxmxcdd-202507-juillet-soir-hd-1500.jpg\" alt=\"Carte du ciel du soir en juillet 2025\"   width=\"664\" height=\"443\"\/>    Carte du ciel du soir en juillet 2025  GUILLAUME CANNAT \/ GUILLAUME CANNAT                   <\/p>\n<p class=\"article__paragraph  \">Carte du ciel visible en juillet\u00a02025 vers la fin du cr\u00e9puscule \u00e0 la latitude de la France m\u00e9tropolitaine. Les cartes de ce billet peuvent \u00eatre utilis\u00e9es en Europe et dans le monde \u00e0 l\u2019int\u00e9rieur d\u2019une bande s\u2019\u00e9tendant de 38\u00b0 \u00e0 52\u00b0 de latitude nord. Si vous \u00eates \u00e0 plus de 45\u00b0 nord, l\u2019\u00e9toile Polaire sera plus haute dans votre ciel et, le soir, Antar\u00e8s du Scorpion sera d\u2019autant plus proche de l\u2019horizon sud-ouest. Si vous \u00eates \u00e0 moins de 45\u00b0 nord, l\u2019\u00e9toile Polaire sera plus proche de l\u2019horizon nord et Antar\u00e8s sera plus \u00e9loign\u00e9e de l\u2019horizon sud-ouest.<\/p>\n<p>                        <img loading=\"lazy\" decoding=\"async\" src=\"https:\/\/www.europesays.com\/fr\/wp-content\/uploads\/2025\/07\/a922231_upload-1-mrdoraib25p3-202507-juillet-aube-hd-1500.jpg\" alt=\"Carte du ciel avant l'aube en juillet 2025\"   width=\"664\" height=\"443\"\/>    Carte du ciel avant l&rsquo;aube en juillet 2025  GUILLAUME CANNAT \/ GUILLAUME CANNAT                   <\/p>\n<p class=\"article__paragraph  \">Cette carte montre le ciel visible en juillet\u00a02025 \u00e0 l\u2019or\u00e9e de l\u2019aube \u00e0 la latitude de la France m\u00e9tropolitaine. Attention, les cartes du ciel ne sont pas \u00e0 l\u2019envers\u00a0! Elles repr\u00e9sentent simplement les astres qui sont situ\u00e9s au-dessus de nos t\u00eates. Si vous vous allongiez avec la t\u00eate vers le nord et les pieds vers le sud, l\u2019est serait bien \u00e0 votre gauche et l\u2019ouest \u00e0 votre droite. Utilisez ces cartes en les imprimant et en les faisant tourner de telle sorte que le nom de la direction dans laquelle vous observez soit \u00e9crit \u00e0 l\u2019endroit. Les constellations et les \u00e9toiles que vous retrouverez dans la portion du ciel qui vous fait face sont toutes celles dont le nom est lisible sans trop pencher la t\u00eate. Les noms des constellations et de leurs principales \u00e9toiles sont indiqu\u00e9s, ainsi que le trac\u00e9 des constellations les plus importantes\u00a0; ce trac\u00e9 est parfois incomplet lorsque la figure est en partie cach\u00e9e sous l\u2019horizon. Le ciel est tr\u00e8s vaste et les constellations qui semblent petites sur les cartes sont, en fait, tr\u00e8s grandes\u00a0: votre main ouverte et bras tendu cache ainsi \u00e0 peine l\u2019ensemble du Chariot de la Grande Ourse.<\/p>\n<p>                                    <img loading=\"lazy\" decoding=\"async\" src=\"https:\/\/www.europesays.com\/fr\/wp-content\/uploads\/2025\/07\/d1c03cc_upload-1-g7xqx8sbvasp-gc-2025-2026-copie.jpg\" alt=\"\"   width=\"664\" height=\"443\"\/>                   <\/p>\n<p class=\"article__paragraph  \">La 31e \u00e9dition de mon <strong>Guide du Ciel<\/strong> annuel est disponible dans votre librairie habituelle.<\/p>\n<p>                                    <img loading=\"lazy\" decoding=\"async\" src=\"https:\/\/www.europesays.com\/fr\/wp-content\/uploads\/2025\/07\/134ee2a_upload-1-m54npwqkwa2w-astronomix.jpg\" alt=\"\"   width=\"664\" height=\"443\"\/>                   <\/p>\n<p class=\"article__paragraph  \">Si vous lisez mes billets depuis quelques ann\u00e9es, vous avez probablement d\u00e9j\u00e0 remarqu\u00e9 ici et l\u00e0 les illustrations tr\u00e8s p\u00e9dagogiques de Sylvain Rivaud, notamment \u00e0 l\u2019occasion des \u00e9clipses de Soleil. Cet auteur-illustrateur de bandes dessin\u00e9es, qui est \u00e9galement astronome amateur, vient de publier avec la complicit\u00e9 d\u2019Emmanuel Beaudoin \u2013 enseignant-chercheur \u00e0 l\u2019universit\u00e9 Paris-Saclay, astronome amateur et auteur de nombreux ouvrages sur l\u2019observation des astres \u2013 la BD <strong>Astronomix<\/strong> (Dunod Graphic, 144 pages). Avec une histoire simple mais sympathique et des explications aussi limpides que rigoureuses, il s\u2019agit d\u2019une belle r\u00e9ussite qui vous donnera l\u2019envie de sortir pour d\u00e9couvrir le ciel, contempler le ballet de la Lune et des plan\u00e8tes, remonter le cours de la Voie lact\u00e9e ou guetter les \u00e9toiles filantes\u00a0: \u00e0 glisser dans votre sac cet \u00e9t\u00e9\u00a0!<\/p>\n<p class=\"article__author-container\"> <a class=\"article__author-link\" href=\"https:\/\/www.lemonde.fr\/signataires\/guillaume-cannat\/\" rel=\"nofollow noopener\" target=\"_blank\"> Guillaume Cannat<\/a>  <\/p>\n<p>                  <a href=\"https:\/\/www.lemonde.fr\/syndication\/\" class=\"reuse__content\" title=\"R\u00e9utiliser ce contenu\" target=\"_blank\" rel=\"nofollow noopener\">R\u00e9utiliser ce contenu<\/a>      <\/p>\n","protected":false},"excerpt":{"rendered":"La Lune et Spica de la Vierge, le 3 juillet 2025 au cr\u00e9puscule. GUILLAUME CANNAT Avec cette chaleur,&hellip;\n","protected":false},"author":2,"featured_media":219344,"comment_status":"","ping_status":"","sticky":false,"template":"","format":"standard","meta":{"footnotes":""},"categories":[7],"tags":[1011,27,43,40,41,39,42,44],"class_list":{"0":"post-219343","1":"post","2":"type-post","3":"status-publish","4":"format-standard","5":"has-post-thumbnail","7":"category-sciences-et-technologies","8":"tag-fr","9":"tag-france","10":"tag-science","11":"tag-science-and-technology","12":"tag-sciences","13":"tag-sciences-et-technologies","14":"tag-technologies","15":"tag-technology"},"share_on_mastodon":{"url":"https:\/\/pubeurope.com\/@fr\/114780616253328236","error":""},"_links":{"self":[{"href":"https:\/\/www.europesays.com\/fr\/wp-json\/wp\/v2\/posts\/219343","targetHints":{"allow":["GET"]}}],"collection":[{"href":"https:\/\/www.europesays.com\/fr\/wp-json\/wp\/v2\/posts"}],"about":[{"href":"https:\/\/www.europesays.com\/fr\/wp-json\/wp\/v2\/types\/post"}],"author":[{"embeddable":true,"href":"https:\/\/www.europesays.com\/fr\/wp-json\/wp\/v2\/users\/2"}],"replies":[{"embeddable":true,"href":"https:\/\/www.europesays.com\/fr\/wp-json\/wp\/v2\/comments?post=219343"}],"version-history":[{"count":0,"href":"https:\/\/www.europesays.com\/fr\/wp-json\/wp\/v2\/posts\/219343\/revisions"}],"wp:featuredmedia":[{"embeddable":true,"href":"https:\/\/www.europesays.com\/fr\/wp-json\/wp\/v2\/media\/219344"}],"wp:attachment":[{"href":"https:\/\/www.europesays.com\/fr\/wp-json\/wp\/v2\/media?parent=219343"}],"wp:term":[{"taxonomy":"category","embeddable":true,"href":"https:\/\/www.europesays.com\/fr\/wp-json\/wp\/v2\/categories?post=219343"},{"taxonomy":"post_tag","embeddable":true,"href":"https:\/\/www.europesays.com\/fr\/wp-json\/wp\/v2\/tags?post=219343"}],"curies":[{"name":"wp","href":"https:\/\/api.w.org\/{rel}","templated":true}]}}