{"id":219348,"date":"2025-07-01T23:41:14","date_gmt":"2025-07-01T23:41:14","guid":{"rendered":"https:\/\/www.europesays.com\/fr\/219348\/"},"modified":"2025-07-01T23:41:14","modified_gmt":"2025-07-01T23:41:14","slug":"apres-une-coupure-de-plusieurs-heures-le-trafic-des-trains-a-repris-ce-mardi-soir","status":"publish","type":"post","link":"https:\/\/www.europesays.com\/fr\/219348\/","title":{"rendered":"apr\u00e8s une coupure de plusieurs heures, le trafic des trains a repris ce mardi soir"},"content":{"rendered":"<p><img alt=\"Un incendie est en cours aux abords des voies dans le secteur de Roquemaure (Gard).\" loading=\"lazy\" decoding=\"async\" data-nimg=\"fill\" class=\" TwicCore_img__i9TC1 undefined  undefined\" style=\"position:absolute;height:100%;width:100%;left:0;top:0;right:0;bottom:0;color:transparent;background-size:cover;background-position:50% 50%;background-repeat:no-repeat;background-image:url(&quot;data:image\/svg+xml;charset=utf-8,%3Csvg xmlns='http:\/\/www.w3.org\/2000\/svg' %3E%3Cfilter id='b' color-interpolation-filters='sRGB'%3E%3CfeGaussianBlur stdDeviation='20'\/%3E%3CfeColorMatrix values='1 0 0 0 0 0 1 0 0 0 0 0 1 0 0 0 0 0 100 -1' result='s'\/%3E%3CfeFlood x='0' y='0' width='100%25' height='100%25'\/%3E%3CfeComposite operator='out' in='s'\/%3E%3CfeComposite in2='SourceGraphic'\/%3E%3CfeGaussianBlur stdDeviation='20'\/%3E%3C\/filter%3E%3Cimage width='100%25' height='100%25' x='0' y='0' preserveAspectRatio='none' style='filter: url(%23b);' href='https:\/\/pictures.laprovence.com\/cdn-cgi\/image\/blur=250\/media\/melody\/2025\/07\/01\/un-incendie-est-en-cours-aux-abords-des-voies-dans-le-secteur-de-roquemaure-gard-1751387269_6680734c046862b80734c0468bf807v_.jpg'\/%3E%3C\/svg%3E&quot;)\"   src=\"https:\/\/www.europesays.com\/fr\/wp-content\/uploads\/2025\/07\/un-incendie-est-en-cours-aux-abords-des-voies-dans-le-secteur-de-roquemaure-gard-1751387269_6680734c.jpeg\"\/>Un incendie est en cours aux abords des voies dans le secteur de Roquemaure (Gard). \/ PHOTO PHILIPPE DAUPHIN<\/p>\n<p>La ligne TGV du Sud-Est a \u00e9t\u00e9 rouverte \u00e0 la circulation des trains ce mardi soir vers 20h45. Pour rappel, l&rsquo;axe ferroviaire a \u00e9t\u00e9 ferm\u00e9 au trafic de toutes les rames depuis 15h30 en raison d\u2019un incendie aux abords des voies dans le secteur de Roquemaure (Gard) et pas loin d\u2019Avignon, les trains \u00e0 grande vitesse \u00e0 destination d\u2019Avignon, Aix et Marseille \u00e9taient pour la plupart \u00e0 l\u2019arr\u00eat. Tout le Sud-Est a \u00e9t\u00e9 touch\u00e9 par la coupure du trafic des TGV, dans les deux sens, \u00e0 hauteur du Vaucluse.<\/p>\n<p><img alt=\"L'affichage de Gare et connexions \u00e0 Avignon.\" loading=\"lazy\" decoding=\"async\" data-nimg=\"fill\" class=\" TwicCore_img__i9TC1 undefined  undefined\" style=\"position:absolute;height:100%;width:100%;left:0;top:0;right:0;bottom:0;color:transparent;background-size:cover;background-position:50% 50%;background-repeat:no-repeat;background-image:url(&quot;data:image\/svg+xml;charset=utf-8,%3Csvg xmlns='http:\/\/www.w3.org\/2000\/svg' %3E%3Cfilter id='b' color-interpolation-filters='sRGB'%3E%3CfeGaussianBlur stdDeviation='20'\/%3E%3CfeColorMatrix values='1 0 0 0 0 0 1 0 0 0 0 0 1 0 0 0 0 0 100 -1' result='s'\/%3E%3CfeFlood x='0' y='0' width='100%25' height='100%25'\/%3E%3CfeComposite operator='out' in='s'\/%3E%3CfeComposite in2='SourceGraphic'\/%3E%3CfeGaussianBlur stdDeviation='20'\/%3E%3C\/filter%3E%3Cimage width='100%25' height='100%25' x='0' y='0' preserveAspectRatio='none' style='filter: url(%23b);' href='https:\/\/pictures.laprovence.com\/cdn-cgi\/image\/blur=250\/media\/melody\/2025\/07\/01\/l-affichage-de-gare-et-connexions-a-avignon-1751380149_951eae50f3686991eae50f368bd1eav_.jpg'\/%3E%3C\/svg%3E&quot;)\"   src=\"https:\/\/www.europesays.com\/fr\/wp-content\/uploads\/2025\/07\/l-affichage-de-gare-et-connexions-a-avignon-1751380149_951eae50f3686991eae50f368bd1eav_.jpg\"\/>L&rsquo;affichage de Gare et connexions \u00e0 Avignon. Copie d&rsquo;\u00e9cran<\/p>\n<p>Au moins une dizaine de rames ont \u00e9t\u00e9 supprim\u00e9es, rapporte <a href=\"https:\/\/www.garesetconnexions.sncf\/fr\/gares-services\/avignon-tgv\" target=\"_blank\" rel=\"noopener\">le site de Gare et connexions<\/a>. Ce que confirme la SNCF qui a mis en place une cellule de crise. D\u2019autres trains ont \u00e9t\u00e9 d\u00e9port\u00e9s sur la voie classique. Une alternative qui a l\u2019avantage de permettre \u00e0 des TGV de poursuivre leur route mais qui a le d\u00e9faut de provoquer des retards tr\u00e8s importants (de 20 minutes \u00e0 2h50).<\/p>\n<p><img alt=\"Un incendie est en cours aux abords des voies dans le secteur de Roquemaure (Gard).\" loading=\"lazy\" decoding=\"async\" data-nimg=\"fill\" class=\" TwicCore_img__i9TC1 undefined  undefined\" style=\"position:absolute;height:100%;width:100%;left:0;top:0;right:0;bottom:0;color:transparent;background-size:cover;background-position:50% 50%;background-repeat:no-repeat;background-image:url(&quot;data:image\/svg+xml;charset=utf-8,%3Csvg xmlns='http:\/\/www.w3.org\/2000\/svg' %3E%3Cfilter id='b' color-interpolation-filters='sRGB'%3E%3CfeGaussianBlur stdDeviation='20'\/%3E%3CfeColorMatrix values='1 0 0 0 0 0 1 0 0 0 0 0 1 0 0 0 0 0 100 -1' result='s'\/%3E%3CfeFlood x='0' y='0' width='100%25' height='100%25'\/%3E%3CfeComposite operator='out' in='s'\/%3E%3CfeComposite in2='SourceGraphic'\/%3E%3CfeGaussianBlur stdDeviation='20'\/%3E%3C\/filter%3E%3Cimage width='100%25' height='100%25' x='0' y='0' preserveAspectRatio='none' style='filter: url(%23b);' href='https:\/\/pictures.laprovence.com\/cdn-cgi\/image\/blur=250\/media\/melody\/2025\/07\/01\/un-incendie-est-en-cours-aux-abords-des-voies-dans-le-secteur-de-roquemaure-gard-1751387270_ead94b6c04686ded94b6c0468a2e94v_.jpg'\/%3E%3C\/svg%3E&quot;)\"   src=\"https:\/\/www.europesays.com\/fr\/wp-content\/uploads\/2025\/07\/un-incendie-est-en-cours-aux-abords-des-voies-dans-le-secteur-de-roquemaure-gard-1751387270_ead94b6c.jpeg\"\/>Un incendie est en cours aux abords des voies dans le secteur de Roquemaure (Gard). \/ PHOTO PHILIPPE DAUPHIN<\/p>\n<p>Des TGV ont m\u00eame fait demi-tour. Certains, en partance de Marseille, en direction du nord, ont d\u00fb rebrousser chemin en direction de la gare Saint-Charles afin de se r\u00e9orienter sur la ligne classique. L\u2019entreprise publique ne pr\u00e9voit pas de retour \u00e0 la normale pour ce mardi soir.<\/p>\n<p>Selon <a href=\"https:\/\/www.francebleu.fr\/infos\/faits-divers-justice\/incendie-a-roquemaure-deux-hectares-brules-6143126\" target=\"_blank\" rel=\"noopener\">le site d\u2019Ici <\/a>(ancien France Bleu), d\u2019importants moyens, mat\u00e9riels et humains, ont \u00e9t\u00e9 envoy\u00e9s dans la zone de l\u2019incendie. Les flammes auraient d\u00e9j\u00e0 parcouru pas moins de deux hectares.<\/p>\n<p>Il est conseill\u00e9 <a href=\"https:\/\/www.sncf-connect.com\/\" target=\"_blank\" rel=\"noopener\">de vous renseigner sur votre TGV<\/a> si vous prenez le train dans les heures \u00e0 venir.<\/p>\n<p><img alt=\"\" loading=\"lazy\" width=\"18\" height=\"18\" decoding=\"async\" data-nimg=\"1\" class=\"mx-[8px]\" style=\"color:transparent\" src=\"https:\/\/www.laprovence.com\/_next\/static\/media\/comment.b95dda91.svg\"\/>D\u00e9marrez la conversation<\/p>\n<p class=\"text-[1.8rem] mt-[32px]\">Votre opinion compte pour nous. Rejoignez la communaut\u00e9 laprovence.com en r\u00e9agissant sur l&rsquo;article Ligne TGV du Sud-Est : apr\u00e8s une coupure de plusieurs heures, le trafic des trains a repris ce mardi soir.<\/p>\n","protected":false},"excerpt":{"rendered":"Un incendie est en cours aux abords des voies dans le secteur de Roquemaure (Gard). \/ PHOTO PHILIPPE&hellip;\n","protected":false},"author":2,"featured_media":219349,"comment_status":"","ping_status":"","sticky":false,"template":"","format":"standard","meta":{"footnotes":""},"categories":[4],"tags":[17,11,150,1102,35844,1011,27,3052,12,2513,16,25,2968,2214,96],"class_list":{"0":"post-219348","1":"post","2":"type-post","3":"status-publish","4":"format-standard","5":"has-post-thumbnail","7":"category-france","8":"tag-17","9":"tag-actualites","10":"tag-apres","11":"tag-breakingnews","12":"tag-coupure","13":"tag-fr","14":"tag-france","15":"tag-ligne","16":"tag-news","17":"tag-plusieurs","18":"tag-region","19":"tag-republique-francaise","20":"tag-sud-est","21":"tag-tgv","22":"tag-une"},"share_on_mastodon":{"url":"https:\/\/pubeurope.com\/@fr\/114780627697627686","error":""},"_links":{"self":[{"href":"https:\/\/www.europesays.com\/fr\/wp-json\/wp\/v2\/posts\/219348","targetHints":{"allow":["GET"]}}],"collection":[{"href":"https:\/\/www.europesays.com\/fr\/wp-json\/wp\/v2\/posts"}],"about":[{"href":"https:\/\/www.europesays.com\/fr\/wp-json\/wp\/v2\/types\/post"}],"author":[{"embeddable":true,"href":"https:\/\/www.europesays.com\/fr\/wp-json\/wp\/v2\/users\/2"}],"replies":[{"embeddable":true,"href":"https:\/\/www.europesays.com\/fr\/wp-json\/wp\/v2\/comments?post=219348"}],"version-history":[{"count":0,"href":"https:\/\/www.europesays.com\/fr\/wp-json\/wp\/v2\/posts\/219348\/revisions"}],"wp:featuredmedia":[{"embeddable":true,"href":"https:\/\/www.europesays.com\/fr\/wp-json\/wp\/v2\/media\/219349"}],"wp:attachment":[{"href":"https:\/\/www.europesays.com\/fr\/wp-json\/wp\/v2\/media?parent=219348"}],"wp:term":[{"taxonomy":"category","embeddable":true,"href":"https:\/\/www.europesays.com\/fr\/wp-json\/wp\/v2\/categories?post=219348"},{"taxonomy":"post_tag","embeddable":true,"href":"https:\/\/www.europesays.com\/fr\/wp-json\/wp\/v2\/tags?post=219348"}],"curies":[{"name":"wp","href":"https:\/\/api.w.org\/{rel}","templated":true}]}}