{"id":219354,"date":"2025-07-01T23:46:20","date_gmt":"2025-07-01T23:46:20","guid":{"rendered":"https:\/\/www.europesays.com\/fr\/219354\/"},"modified":"2025-07-01T23:46:20","modified_gmt":"2025-07-01T23:46:20","slug":"comment-les-urgences-de-nancy-gerent-la-surchauffe","status":"publish","type":"post","link":"https:\/\/www.europesays.com\/fr\/219354\/","title":{"rendered":"comment les urgences de Nancy g\u00e8rent la surchauffe"},"content":{"rendered":"<p>Chaud, chaud, chaud\u00a0! Depuis quelques jours, le thermom\u00e8tre s\u2019affole sur une grande partie du territoire. Alors qu\u2019\u00e0 Nancy, il a grimp\u00e9 \u00e0 plus de 35 degr\u00e9s ce mardi, le service des urgences du CHRU Nancy voit sans surprise arriver les patients souffrant de la chaleur depuis quelques jours, notamment les personnes \u00e2g\u00e9es.<\/p>\n<p>\u00ab\u00a0On a une augmentation de l\u2019activit\u00e9 de l\u2019ordre de 7\u00a0%\u00a0\u00bb, calcule le professeur Tahar Chouihed, chef de service des urgences \u00e0 Nancy. \u00ab\u00a0Habituellement, on traite entre 160 et 170 patients sur une p\u00e9riode de 24 heures mais hier [lundi] \u00e0 17\u00a0h, on avait d\u00e9j\u00e0 enregistr\u00e9 121 passages, dont neuf pour des pathologies en lien avec la canicule.\u00a0\u00bb<\/p>\n<p>Ce contenu est bloqu\u00e9 car vous n&rsquo;avez pas accept\u00e9 les cookies et autres traceurs.<\/p>\n<p>En cliquant sur \u00ab J\u2019accepte \u00bb, les cookies et autres traceurs seront d\u00e9pos\u00e9s et vous pourrez visualiser les contenus  (<a href=\"\" class=\"consentModule_policy\" target=\"_blank\" title=\"Consulter la politique de protection des donn\u00e9es du fournisseur\">plus d&rsquo;informations<\/a>).<\/p>\n<p>En cliquant sur \u00ab J\u2019accepte tous les cookies \u00bb, vous autorisez des d\u00e9p\u00f4ts de cookies et autres traceurs pour le stockage de vos donn\u00e9es sur nos sites et applications \u00e0 des fins de personnalisation et de ciblage publicitaire.<\/p>\n<p class=\"consentModule_secondaryText\">Vous gardez la possibilit\u00e9 de retirer votre consentement \u00e0 tout moment en consultant notre <a href=\"https:\/\/www.estrepublicain.fr\/protection-des-donnees\" target=\"_blank\" title=\"Consulter notre politique de protection des donn\u00e9es\" rel=\"noopener\">politique de protection des donn\u00e9es<\/a>. <br \/>&#13;<br \/>\n            <a href=\"https:\/\/www.estrepublicain.fr\/environnement\/2025\/07\/01\/javascript:Didomi.notice.show()\" class=\"consentModule_cmp\" target=\"_blank\" rel=\"noopener\">G\u00e9rer mes choix<\/a>&#13;\n        <\/p>\n<p>&#13;<br \/>\n                        J&rsquo;accepte&#13;<br \/>\n            J&rsquo;accepte tous les cookies&#13;\n        <\/p>\n<p>  Un syst\u00e8me de rafra\u00eechissement appr\u00e9ciable m\u00eame si\u2026<\/p>\n<p>Pas anodin \u00e9videmment m\u00eame si le service n\u2019est pas encore en surchauffe. Ce mardi, en tout d\u00e9but d\u2019apr\u00e8s-midi, il n\u2019y avait qu\u2019une dizaine de patients en salle d\u2019accueil ou install\u00e9s sur des brancards. \u00ab\u00a0Il n\u2019y a pas encore grand monde \u00e0 cette heure-ci mais il y a parfois des d\u00e9calages au niveau des entr\u00e9es\u00a0\u00bb, notait Estelle Roczniak, cadre de sant\u00e9 aux urgences.<\/p>\n<p>  \u00ab\u00a0On est encore capables d\u2019absorber de l\u2019activit\u00e9\u00a0\u00bb<\/p>\n<p>\u00ab\u00a0Il est fort probable que les gens se pr\u00e9sentent aux urgences en fin de journ\u00e9e car ils vont commencer \u00e0 ressortir. Tant mieux si c\u2019est un peu plus calme en journ\u00e9e mais cela va se reporter sur la nuit.\u00a0\u00bb<\/p>\n<p>En attendant, les patients pr\u00e9sents aux urgences ce mardi en d\u00e9but d\u2019apr\u00e8s-midi ont pu profiter du syst\u00e8me de rafra\u00eechissement propre au service. Appr\u00e9ciable quand bien m\u00eame ces derniers n\u2019\u00e9taient pas forc\u00e9ment l\u00e0 pour la chaleur. M\u00eame si le thermom\u00e8tre peut flirter avec les 30 degr\u00e9s en cas de forte activit\u00e9 humaine. \u00ab\u00a0Cela a \u00e9t\u00e9 le cas ces derniers jours\u00a0\u00bb, poursuit Estelle Roczinak.<\/p>\n<p>  \u00ab\u00a0On a mis en place des plans A, B et C\u00a0\u00bb<\/p>\n<p>Et la situation pourrait bien se reproduire ce mercredi avec la plus chaude journ\u00e9e de la semaine annonc\u00e9e \u00e0 Nancy\u2026<\/p>\n<p>Mais le service des urgences s\u2019est pr\u00e9par\u00e9 en cons\u00e9quence depuis plusieurs mois. \u00ab\u00a0On a fait des r\u00e9unions au sein de notre structure et on a d\u00e9j\u00e0 pr\u00e9par\u00e9 cette canicule en lien avec l\u2019ARS (agence r\u00e9gionale de sant\u00e9) et la pr\u00e9fecture\u00a0\u00bb, l\u00e2che Tahar Chouihed. \u00ab\u00a0On a encore eu une r\u00e9union hier [lundi] et d\u00e9but juin pour discuter des diff\u00e9rents processus et m\u00e9canismes mis en place. On est hypervigilants et on a mis en place des plans A, B et C pour \u201cmonter en charge\u201d le cas \u00e9ch\u00e9ant.\u00a0\u00bb<\/p>\n<p>Afin de faire face \u00e0 ce pic d\u2019activit\u00e9 li\u00e9 \u00e0 la vague de chaleur, le service a ainsi mobilis\u00e9 quatre m\u00e9decins urgentistes de jour, trois de nuit et une douzaine d\u2019infirmi\u00e8res de jour et de nuit. De quoi tenir le choc m\u00eame en cas de forte affluence.<\/p>\n<p>\u00ab\u00a0On est encore capables d\u2019absorber de l\u2019activit\u00e9\u00a0\u00bb, rassure Tahar Chouihed apr\u00e8s avoir rappel\u00e9 que le service avait accueilli jusqu\u2019\u00e0 217 patients en 24 heures lors de la vague de\u2026 verglas de l\u2019hiver dernier.<\/p>\n<p>On ne sait pas si le service des urgences flirtera avec ces chiffres cette semaine. Une certitude en tout cas\u00a0: il s\u2019est pr\u00e9par\u00e9 pour ne pas se laisser d\u00e9border.<\/p>\n","protected":false},"excerpt":{"rendered":"Chaud, chaud, chaud\u00a0! Depuis quelques jours, le thermom\u00e8tre s\u2019affole sur une grande partie du territoire. Alors qu\u2019\u00e0 Nancy,&hellip;\n","protected":false},"author":2,"featured_media":219355,"comment_status":"","ping_status":"","sticky":false,"template":"","format":"standard","meta":{"footnotes":""},"categories":[9635],"tags":[1111,11,6698,1704,436,1777,674,1011,27,775,3457,1702,1703,12,25,71],"class_list":{"0":"post-219354","1":"post","2":"type-post","3":"status-publish","4":"format-standard","5":"has-post-thumbnail","7":"category-nancy","8":"tag-actu","9":"tag-actualites","10":"tag-canicule","11":"tag-edition-nancy-et-agglomeration","12":"tag-environnement","13":"tag-eu","14":"tag-europe","15":"tag-fr","16":"tag-france","17":"tag-grand-est","18":"tag-meurthe-et-moselle","19":"tag-nancy","20":"tag-nancy-ville-54b","21":"tag-news","22":"tag-republique-francaise","23":"tag-sante"},"share_on_mastodon":{"url":"https:\/\/pubeurope.com\/@fr\/114780647123193106","error":""},"_links":{"self":[{"href":"https:\/\/www.europesays.com\/fr\/wp-json\/wp\/v2\/posts\/219354","targetHints":{"allow":["GET"]}}],"collection":[{"href":"https:\/\/www.europesays.com\/fr\/wp-json\/wp\/v2\/posts"}],"about":[{"href":"https:\/\/www.europesays.com\/fr\/wp-json\/wp\/v2\/types\/post"}],"author":[{"embeddable":true,"href":"https:\/\/www.europesays.com\/fr\/wp-json\/wp\/v2\/users\/2"}],"replies":[{"embeddable":true,"href":"https:\/\/www.europesays.com\/fr\/wp-json\/wp\/v2\/comments?post=219354"}],"version-history":[{"count":0,"href":"https:\/\/www.europesays.com\/fr\/wp-json\/wp\/v2\/posts\/219354\/revisions"}],"wp:featuredmedia":[{"embeddable":true,"href":"https:\/\/www.europesays.com\/fr\/wp-json\/wp\/v2\/media\/219355"}],"wp:attachment":[{"href":"https:\/\/www.europesays.com\/fr\/wp-json\/wp\/v2\/media?parent=219354"}],"wp:term":[{"taxonomy":"category","embeddable":true,"href":"https:\/\/www.europesays.com\/fr\/wp-json\/wp\/v2\/categories?post=219354"},{"taxonomy":"post_tag","embeddable":true,"href":"https:\/\/www.europesays.com\/fr\/wp-json\/wp\/v2\/tags?post=219354"}],"curies":[{"name":"wp","href":"https:\/\/api.w.org\/{rel}","templated":true}]}}