{"id":219356,"date":"2025-07-01T23:47:31","date_gmt":"2025-07-01T23:47:31","guid":{"rendered":"https:\/\/www.europesays.com\/fr\/219356\/"},"modified":"2025-07-01T23:47:31","modified_gmt":"2025-07-01T23:47:31","slug":"week-end-festif-a-la-guinguette-a-bonnet","status":"publish","type":"post","link":"https:\/\/www.europesays.com\/fr\/219356\/","title":{"rendered":"Week-end festif \u00e0 la guinguette \u00e0 Bonnet"},"content":{"rendered":"<p>L\u2019association La Bande \u00e0 Bonnet organise r\u00e9guli\u00e8rement des manifestations festives destin\u00e9es aux habitants du quartier Boudonville-Scarpone-Lib\u00e9ration. Cette ann\u00e9e la 5e\u00a0 \u00a0\u00e9dition de sa guinguette sera sous le th\u00e8me des paillettes. Au programme samedi\u00a0: concert, lecture de contes, boom pour enfants, atelier cirque, karaok\u00e9, blind test buvette et restauration, Dimanche\u00a0: jeux ext\u00e9rieurs et buvette.<\/p>\n<p class=\"note\">Samedi 5\u00a0juillet de 11\u00a0h \u00e0 23\u00a0h et le dimanche 6\u00a0juillet de 11\u00a0h \u00e0 17\u00a0h au parc Bonnet rue de Boudonville. Gratuit.<\/p>\n","protected":false},"excerpt":{"rendered":"L\u2019association La Bande \u00e0 Bonnet organise r\u00e9guli\u00e8rement des manifestations festives destin\u00e9es aux habitants du quartier Boudonville-Scarpone-Lib\u00e9ration. Cette ann\u00e9e&hellip;\n","protected":false},"author":2,"featured_media":219357,"comment_status":"","ping_status":"","sticky":false,"template":"","format":"standard","meta":{"footnotes":""},"categories":[9635],"tags":[1111,11,1687,1704,1777,674,1011,27,775,1702,1703,12,25],"class_list":{"0":"post-219356","1":"post","2":"type-post","3":"status-publish","4":"format-standard","5":"has-post-thumbnail","7":"category-nancy","8":"tag-actu","9":"tag-actualites","10":"tag-culture-loisirs","11":"tag-edition-nancy-et-agglomeration","12":"tag-eu","13":"tag-europe","14":"tag-fr","15":"tag-france","16":"tag-grand-est","17":"tag-nancy","18":"tag-nancy-ville-54b","19":"tag-news","20":"tag-republique-francaise"},"share_on_mastodon":{"url":"https:\/\/pubeurope.com\/@fr\/114780651089314061","error":""},"_links":{"self":[{"href":"https:\/\/www.europesays.com\/fr\/wp-json\/wp\/v2\/posts\/219356","targetHints":{"allow":["GET"]}}],"collection":[{"href":"https:\/\/www.europesays.com\/fr\/wp-json\/wp\/v2\/posts"}],"about":[{"href":"https:\/\/www.europesays.com\/fr\/wp-json\/wp\/v2\/types\/post"}],"author":[{"embeddable":true,"href":"https:\/\/www.europesays.com\/fr\/wp-json\/wp\/v2\/users\/2"}],"replies":[{"embeddable":true,"href":"https:\/\/www.europesays.com\/fr\/wp-json\/wp\/v2\/comments?post=219356"}],"version-history":[{"count":0,"href":"https:\/\/www.europesays.com\/fr\/wp-json\/wp\/v2\/posts\/219356\/revisions"}],"wp:featuredmedia":[{"embeddable":true,"href":"https:\/\/www.europesays.com\/fr\/wp-json\/wp\/v2\/media\/219357"}],"wp:attachment":[{"href":"https:\/\/www.europesays.com\/fr\/wp-json\/wp\/v2\/media?parent=219356"}],"wp:term":[{"taxonomy":"category","embeddable":true,"href":"https:\/\/www.europesays.com\/fr\/wp-json\/wp\/v2\/categories?post=219356"},{"taxonomy":"post_tag","embeddable":true,"href":"https:\/\/www.europesays.com\/fr\/wp-json\/wp\/v2\/tags?post=219356"}],"curies":[{"name":"wp","href":"https:\/\/api.w.org\/{rel}","templated":true}]}}