{"id":219358,"date":"2025-07-01T23:48:21","date_gmt":"2025-07-01T23:48:21","guid":{"rendered":"https:\/\/www.europesays.com\/fr\/219358\/"},"modified":"2025-07-01T23:48:21","modified_gmt":"2025-07-01T23:48:21","slug":"dans-cette-ville-si-vous-deposez-vos-ordures-dans-la-rue-on-broie-votre-voiture","status":"publish","type":"post","link":"https:\/\/www.europesays.com\/fr\/219358\/","title":{"rendered":"Dans cette ville, si vous d\u00e9posez vos ordures dans la rue, on broie votre voiture"},"content":{"rendered":"<tr wp_automatic_readability=\"4.8648648648649\">\n<td valign=\"middle\" align=\"center\" class=\"col-logo\">\n    <img decoding=\"async\" src=\"https:\/\/www.europesays.com\/fr\/wp-content\/uploads\/2025\/05\/ouest-france.gif\" alt=\"logo Ouest-France\" height=\"66\"\/><\/p>\n<\/td>\n<td class=\"col-titre\">\n\t\t\tLundi 30 juin 2025 18:50<br \/>\n\t\t\t<a class=\"icon-bulle sizeL count\" href=\"#ancreAvis\"><br \/>\n\t&#8230;<br \/>\n<\/a><\/td>\n<\/tr>\n<p>\t\t<a class=\"mavillebox2 elmt-photo\" href=\"https:\/\/maville.com\/photosmvi\/2025\/06\/30\/P35324319D6878714G.jpg\" title=\" La municipalit\u00e9 d\u2019Enfield a adopt\u00e9 des mesures drastiques pour lutter contre les d\u00e9p\u00f4ts d\u2019ordures dans l\u2019espace public.  \u00a9  Photo\u00a0: Jo\u00ebl Saget \/ AFP  &lt;!--TAG-BLC credit--&gt;\" rel=\"galerie_actu noopener\" target=\"_blank\"><br \/>\n\t<img decoding=\"async\" src=\"https:\/\/www.europesays.com\/fr\/wp-content\/uploads\/2025\/07\/P35324319D6878714G_crop_640-330_.jpg\" alt=\"photo  la municipalit\u00e9 d\u2019enfield a adopt\u00e9 des mesures drastiques pour lutter contre les d\u00e9p\u00f4ts d\u2019ordures dans l\u2019espace public.  \u00a9  photo\u00a0: jo\u00ebl saget \/ afp \"\/><br \/>\n\t1<br \/>\n<\/a><\/p>\n<p class=\"elmt-legende\"> La municipalit\u00e9 d\u2019Enfield a adopt\u00e9 des mesures drastiques pour lutter contre les d\u00e9p\u00f4ts d\u2019ordures dans l\u2019espace public.  \u00a9  Photo\u00a0: Jo\u00ebl Saget \/ AFP  <\/p>\n<p>\t\tEnfield, ville situ\u00e9e dans la banlieue nord de Londres, a mis en place une politique drastique pour lutter contre les d\u00e9charges sauvages. Dans certaines situations, le conseil municipal s\u2019autorise \u00e0 d\u00e9truire la voiture des mis en cause.<\/p>\n<p>\t\t Par Lucie BRAS. \u00a0\u00a0<br \/>\n\t\tOuest-France\u00a0\u00a0<\/p>\n<p>\t\t&#13;<\/p>\n","protected":false},"excerpt":{"rendered":"Lundi 30 juin 2025 18:50 &#8230; 1 La municipalit\u00e9 d\u2019Enfield a adopt\u00e9 des mesures drastiques pour lutter contre&hellip;\n","protected":false},"author":2,"featured_media":219359,"comment_status":"","ping_status":"","sticky":false,"template":"","format":"standard","meta":{"footnotes":""},"categories":[9619],"tags":[1111,11,35846,35845,1777,674,1011,27,12,34904,882,25,3640,2310,4824,4752],"class_list":{"0":"post-219358","1":"post","2":"type-post","3":"status-publish","4":"format-standard","5":"has-post-thumbnail","7":"category-toulon","8":"tag-actu","9":"tag-actualites","10":"tag-broie","11":"tag-deposez","12":"tag-eu","13":"tag-europe","14":"tag-fr","15":"tag-france","16":"tag-news","17":"tag-ordures","18":"tag-provence-alpes-cote-dazur","19":"tag-republique-francaise","20":"tag-rue","21":"tag-toulon","22":"tag-ville","23":"tag-voiture"},"share_on_mastodon":{"url":"https:\/\/pubeurope.com\/@fr\/114780655230989034","error":""},"_links":{"self":[{"href":"https:\/\/www.europesays.com\/fr\/wp-json\/wp\/v2\/posts\/219358","targetHints":{"allow":["GET"]}}],"collection":[{"href":"https:\/\/www.europesays.com\/fr\/wp-json\/wp\/v2\/posts"}],"about":[{"href":"https:\/\/www.europesays.com\/fr\/wp-json\/wp\/v2\/types\/post"}],"author":[{"embeddable":true,"href":"https:\/\/www.europesays.com\/fr\/wp-json\/wp\/v2\/users\/2"}],"replies":[{"embeddable":true,"href":"https:\/\/www.europesays.com\/fr\/wp-json\/wp\/v2\/comments?post=219358"}],"version-history":[{"count":0,"href":"https:\/\/www.europesays.com\/fr\/wp-json\/wp\/v2\/posts\/219358\/revisions"}],"wp:featuredmedia":[{"embeddable":true,"href":"https:\/\/www.europesays.com\/fr\/wp-json\/wp\/v2\/media\/219359"}],"wp:attachment":[{"href":"https:\/\/www.europesays.com\/fr\/wp-json\/wp\/v2\/media?parent=219358"}],"wp:term":[{"taxonomy":"category","embeddable":true,"href":"https:\/\/www.europesays.com\/fr\/wp-json\/wp\/v2\/categories?post=219358"},{"taxonomy":"post_tag","embeddable":true,"href":"https:\/\/www.europesays.com\/fr\/wp-json\/wp\/v2\/tags?post=219358"}],"curies":[{"name":"wp","href":"https:\/\/api.w.org\/{rel}","templated":true}]}}