{"id":219361,"date":"2025-07-01T23:50:10","date_gmt":"2025-07-01T23:50:10","guid":{"rendered":"https:\/\/www.europesays.com\/fr\/219361\/"},"modified":"2025-07-01T23:50:10","modified_gmt":"2025-07-01T23:50:10","slug":"previsions-du-mercredi-2-juillet-2025","status":"publish","type":"post","link":"https:\/\/www.europesays.com\/fr\/219361\/","title":{"rendered":"pr\u00e9visions du mercredi 2 juillet 2025"},"content":{"rendered":"<p>C&rsquo;est une belle journ\u00e9e dont va profiter Montpellier, o\u00f9 le soleil va briller intens\u00e9ment. Les temp\u00e9ratures s&rsquo;\u00e9chelonneront entre 23 et 32\u00b0C, un temps r\u00e9solument de saison. Un vent de nord-est soufflera doucement. Les fortes chaleurs sont install\u00e9es. Avec des valeurs \u00e9chelonn\u00e9es entre 26 et 31\u00b0C. La ville va conna\u00eetre, l&rsquo;apr\u00e8s-midi, un passage de grosses chaleurs avec des temp\u00e9ratures qui atteindront parfois les 32\u00b0C. La chaleur estivale sera bien l\u00e0 puisque les valeurs seront tout de m\u00eame de 23\u00b0C au minimum et de 32\u00b0C au plus haut. Des pluies \u00e9parses vont tomber au cours de la soir\u00e9e. Durant la nuit de mercredi \u00e0 jeudi, le ciel sera d\u00e9pourvu de nuages.<\/p>\n<p>Demain, les Montpelli\u00e9rains comme les touristes vont pouvoir b\u00e9n\u00e9ficier d&rsquo;un soleil radieux. La p\u00e9riode d&rsquo;importantes chaleurs est bien l\u00e0, avec des temp\u00e9ratures qui pourront monter \u00e0 34\u00b0C. Ce sera un bel \u00e9t\u00e9 : les valeurs afficheront entre 22 et 34\u00b0C. Le matin, de tr\u00e8s fortes chaleurs (entre 24\u00b0C et 32\u00b0C) sont attendues. Un vent de nord-ouest soufflera l\u00e9g\u00e8rement, avec 6 km\/h. Les temp\u00e9ratures vont enregistrer une hausse de plusieurs degr\u00e9s dans l&rsquo;apr\u00e8s-midi. Les vacanciers comme les locaux pourront sortir sandales et chapeau. Attention \u00e0 la vague de chaleur. Des temp\u00e9ratures de 27 \u00e0 34\u00b0C sont annonc\u00e9es. Une l\u00e9g\u00e8re brise de nord soufflera au cours de la soir\u00e9e.<\/p>\n<p>Les jours s&rsquo;encha\u00eenent et ne changent pas. Il fera 34\u00b0C en moyenne pour des journ\u00e9es avec un temps ensoleill\u00e9.<\/p>\n<p><\/p>\n","protected":false},"excerpt":{"rendered":"C&rsquo;est une belle journ\u00e9e dont va profiter Montpellier, o\u00f9 le soleil va briller intens\u00e9ment. Les temp\u00e9ratures s&rsquo;\u00e9chelonneront entre&hellip;\n","protected":false},"author":2,"featured_media":219362,"comment_status":"","ping_status":"","sticky":false,"template":"","format":"standard","meta":{"footnotes":""},"categories":[9599],"tags":[1111,11,1777,674,1011,27,7089,2681,2208,12,2680,2119,25],"class_list":{"0":"post-219361","1":"post","2":"type-post","3":"status-publish","4":"format-standard","5":"has-post-thumbnail","7":"category-montpellier","8":"tag-actu","9":"tag-actualites","10":"tag-eu","11":"tag-europe","12":"tag-fr","13":"tag-france","14":"tag-herault","15":"tag-languedoc-roussillon","16":"tag-montpellier","17":"tag-news","18":"tag-occitanie","19":"tag-previsions-meteo","20":"tag-republique-francaise"},"share_on_mastodon":{"url":"https:\/\/pubeurope.com\/@fr\/114780662854394366","error":""},"_links":{"self":[{"href":"https:\/\/www.europesays.com\/fr\/wp-json\/wp\/v2\/posts\/219361","targetHints":{"allow":["GET"]}}],"collection":[{"href":"https:\/\/www.europesays.com\/fr\/wp-json\/wp\/v2\/posts"}],"about":[{"href":"https:\/\/www.europesays.com\/fr\/wp-json\/wp\/v2\/types\/post"}],"author":[{"embeddable":true,"href":"https:\/\/www.europesays.com\/fr\/wp-json\/wp\/v2\/users\/2"}],"replies":[{"embeddable":true,"href":"https:\/\/www.europesays.com\/fr\/wp-json\/wp\/v2\/comments?post=219361"}],"version-history":[{"count":0,"href":"https:\/\/www.europesays.com\/fr\/wp-json\/wp\/v2\/posts\/219361\/revisions"}],"wp:featuredmedia":[{"embeddable":true,"href":"https:\/\/www.europesays.com\/fr\/wp-json\/wp\/v2\/media\/219362"}],"wp:attachment":[{"href":"https:\/\/www.europesays.com\/fr\/wp-json\/wp\/v2\/media?parent=219361"}],"wp:term":[{"taxonomy":"category","embeddable":true,"href":"https:\/\/www.europesays.com\/fr\/wp-json\/wp\/v2\/categories?post=219361"},{"taxonomy":"post_tag","embeddable":true,"href":"https:\/\/www.europesays.com\/fr\/wp-json\/wp\/v2\/tags?post=219361"}],"curies":[{"name":"wp","href":"https:\/\/api.w.org\/{rel}","templated":true}]}}