{"id":219372,"date":"2025-07-02T00:00:12","date_gmt":"2025-07-02T00:00:12","guid":{"rendered":"https:\/\/www.europesays.com\/fr\/219372\/"},"modified":"2025-07-02T00:00:12","modified_gmt":"2025-07-02T00:00:12","slug":"previsions-du-mercredi-2-juillet-2025-3","status":"publish","type":"post","link":"https:\/\/www.europesays.com\/fr\/219372\/","title":{"rendered":"pr\u00e9visions du mercredi 2 juillet 2025"},"content":{"rendered":"<p>Aujourd&rsquo;hui, un important soleil rayonnera sur Strasbourg. Il va faire chaud avec des temp\u00e9ratures qui seront comprises entre 18 et 35\u00b0C. Un petit vent de sud-est soufflera. Attention \u00e0 la vague de chaleur dans la matin\u00e9e. Des valeurs de 22 \u00e0 32\u00b0C sont attendues. Un temps plus chaud est \u00e0 pr\u00e9voir l&rsquo;apr\u00e8s-midi \u00e9tant donn\u00e9 que le mercure va conna\u00eetre une hausse, remplissant les terrasses d&rsquo;habitants et de vacanciers venus profiter de l&rsquo;\u00e9t\u00e9. La p\u00e9riode de fortes chaleurs est bien l\u00e0, avec des temp\u00e9ratures qui pourront aller \u00e0 35\u00b0C. Le soir, le thermom\u00e8tre affichera 27\u00b0C en moyenne. Un ciel clair est pr\u00e9vu dans la nuit entre mercredi et jeudi.<\/p>\n<p>Demain, des nuages se montreront sur Strasbourg. Des pluies \u00e9parses vont tomber sur la ville. Une chute des temp\u00e9ratures est attendue. Il va faire 23\u00b0C en moyenne. Le matin, un vent de nord-ouest rafra\u00eechira sensiblement l&rsquo;atmosph\u00e8re. Le soleil peinera \u00e0 percer au milieu des nuages qui subsisteront dans l&rsquo;apr\u00e8s-midi. Les valeurs s&rsquo;\u00e9chelonneront entre 25 et 26\u00b0C, un temps bel et bien de saison. Demain soir, une modeste brise d&rsquo;est sera ressentie par les habitants.<\/p>\n<p>Une am\u00e9lioration est \u00e0 pr\u00e9voir les prochains jours. Le temps sera ensoleill\u00e9 avec des temp\u00e9ratures d&rsquo;environ 31\u00b0C.<\/p>\n<p>Durant une vague de chaleur, il est recommand\u00e9 d&rsquo;\u00e9viter tout effort physique et de s&rsquo;hydrater en abondance. Ne gaspillez toutefois pas l&rsquo;eau ! C&rsquo;est une ressource pr\u00e9cieuse, surtout en p\u00e9riode de feux de for\u00eat.<\/p>\n","protected":false},"excerpt":{"rendered":"Aujourd&rsquo;hui, un important soleil rayonnera sur Strasbourg. Il va faire chaud avec des temp\u00e9ratures qui seront comprises entre&hellip;\n","protected":false},"author":2,"featured_media":219373,"comment_status":"","ping_status":"","sticky":false,"template":"","format":"standard","meta":{"footnotes":""},"categories":[2820],"tags":[1111,11,2389,2649,1777,674,1011,27,775,12,2119,25,640],"class_list":{"0":"post-219372","1":"post","2":"type-post","3":"status-publish","4":"format-standard","5":"has-post-thumbnail","7":"category-strasbourg","8":"tag-actu","9":"tag-actualites","10":"tag-alsace","11":"tag-bas-rhin","12":"tag-eu","13":"tag-europe","14":"tag-fr","15":"tag-france","16":"tag-grand-est","17":"tag-news","18":"tag-previsions-meteo","19":"tag-republique-francaise","20":"tag-strasbourg"},"share_on_mastodon":{"url":"https:\/\/pubeurope.com\/@fr\/114780702172335733","error":""},"_links":{"self":[{"href":"https:\/\/www.europesays.com\/fr\/wp-json\/wp\/v2\/posts\/219372","targetHints":{"allow":["GET"]}}],"collection":[{"href":"https:\/\/www.europesays.com\/fr\/wp-json\/wp\/v2\/posts"}],"about":[{"href":"https:\/\/www.europesays.com\/fr\/wp-json\/wp\/v2\/types\/post"}],"author":[{"embeddable":true,"href":"https:\/\/www.europesays.com\/fr\/wp-json\/wp\/v2\/users\/2"}],"replies":[{"embeddable":true,"href":"https:\/\/www.europesays.com\/fr\/wp-json\/wp\/v2\/comments?post=219372"}],"version-history":[{"count":0,"href":"https:\/\/www.europesays.com\/fr\/wp-json\/wp\/v2\/posts\/219372\/revisions"}],"wp:featuredmedia":[{"embeddable":true,"href":"https:\/\/www.europesays.com\/fr\/wp-json\/wp\/v2\/media\/219373"}],"wp:attachment":[{"href":"https:\/\/www.europesays.com\/fr\/wp-json\/wp\/v2\/media?parent=219372"}],"wp:term":[{"taxonomy":"category","embeddable":true,"href":"https:\/\/www.europesays.com\/fr\/wp-json\/wp\/v2\/categories?post=219372"},{"taxonomy":"post_tag","embeddable":true,"href":"https:\/\/www.europesays.com\/fr\/wp-json\/wp\/v2\/tags?post=219372"}],"curies":[{"name":"wp","href":"https:\/\/api.w.org\/{rel}","templated":true}]}}