{"id":219376,"date":"2025-07-02T00:02:10","date_gmt":"2025-07-02T00:02:10","guid":{"rendered":"https:\/\/www.europesays.com\/fr\/219376\/"},"modified":"2025-07-02T00:02:10","modified_gmt":"2025-07-02T00:02:10","slug":"previsions-du-mercredi-2-juillet-2025-4","status":"publish","type":"post","link":"https:\/\/www.europesays.com\/fr\/219376\/","title":{"rendered":"pr\u00e9visions du mercredi 2 juillet 2025"},"content":{"rendered":"<p>Nice va \u00eatre inond\u00e9e de soleil au cours de cette journ\u00e9e. Les maximales iront jusqu&rsquo;\u00e0 31\u00b0C et les minimales seront de 23\u00b0C : c&rsquo;est donc un bel \u00e9t\u00e9. Une petite brise de nord-ouest soufflera. Les valeurs maximales pr\u00e9vues le matin sont \u00e9lev\u00e9es, avec 30\u00b0C. Il fera en moyenne 29\u00b0C. D\u00e8s l&rsquo;apr\u00e8s-midi, les temp\u00e9ratures \u00e9volueront entre 28 et 31\u2009\u00b0C. Les valeurs seront comprises entre 28\u00b0C et 31\u00b0C, donnant \u00e0 la population l&rsquo;occasion d&rsquo;appr\u00e9cier la belle saison. C&rsquo;est un ciel d\u00e9pourvu de nuages que conna\u00eetra la nuit de mercredi \u00e0 jeudi.<\/p>\n<p>Demain, les Ni\u00e7ois comme les touristes vont pouvoir b\u00e9n\u00e9ficier d&rsquo;un soleil radieux. Les grosses chaleurs sont install\u00e9es. Avec des temp\u00e9ratures situ\u00e9es entre 24 et 30\u00b0C. On anticipe des valeurs d&rsquo;environ 27\u00b0C. Un vent de sud-est rafra\u00eechira l\u00e9g\u00e8rement l&rsquo;atmosph\u00e8re. Le matin, de tr\u00e8s importantes chaleurs (entre 26\u00b0C et 30\u00b0C) sont annonc\u00e9es. Le thermom\u00e8tre affichera 29\u00b0C en moyenne. La p\u00e9riode de fortes chaleurs est bien l\u00e0, avec des temp\u00e9ratures qui risqueront de monter \u00e0 30\u00b0C demain apr\u00e8s-midi. L&rsquo;\u00e9t\u00e9 s&rsquo;est d\u00e9finitivement install\u00e9 puisque les valeurs s&rsquo;\u00e9chelonneront de 29 \u00e0 30\u00b0C.<\/p>\n<p>Les jours s&rsquo;encha\u00eenent et se ressemblent. Le temps sera ensoleill\u00e9 avec des temp\u00e9ratures avoisinant 30\u00b0C.<\/p>\n<p><\/p>\n","protected":false},"excerpt":{"rendered":"Nice va \u00eatre inond\u00e9e de soleil au cours de cette journ\u00e9e. Les maximales iront jusqu&rsquo;\u00e0 31\u00b0C et les&hellip;\n","protected":false},"author":2,"featured_media":219377,"comment_status":"","ping_status":"","sticky":false,"template":"","format":"standard","meta":{"footnotes":""},"categories":[2819],"tags":[1111,11,2898,1777,674,1011,27,12,2401,883,2119,882,25],"class_list":{"0":"post-219376","1":"post","2":"type-post","3":"status-publish","4":"format-standard","5":"has-post-thumbnail","7":"category-nice","8":"tag-actu","9":"tag-actualites","10":"tag-alpes-maritimes","11":"tag-eu","12":"tag-europe","13":"tag-fr","14":"tag-france","15":"tag-news","16":"tag-nice","17":"tag-paca","18":"tag-previsions-meteo","19":"tag-provence-alpes-cote-dazur","20":"tag-republique-francaise"},"share_on_mastodon":{"url":"https:\/\/pubeurope.com\/@fr\/114780710045723706","error":""},"_links":{"self":[{"href":"https:\/\/www.europesays.com\/fr\/wp-json\/wp\/v2\/posts\/219376","targetHints":{"allow":["GET"]}}],"collection":[{"href":"https:\/\/www.europesays.com\/fr\/wp-json\/wp\/v2\/posts"}],"about":[{"href":"https:\/\/www.europesays.com\/fr\/wp-json\/wp\/v2\/types\/post"}],"author":[{"embeddable":true,"href":"https:\/\/www.europesays.com\/fr\/wp-json\/wp\/v2\/users\/2"}],"replies":[{"embeddable":true,"href":"https:\/\/www.europesays.com\/fr\/wp-json\/wp\/v2\/comments?post=219376"}],"version-history":[{"count":0,"href":"https:\/\/www.europesays.com\/fr\/wp-json\/wp\/v2\/posts\/219376\/revisions"}],"wp:featuredmedia":[{"embeddable":true,"href":"https:\/\/www.europesays.com\/fr\/wp-json\/wp\/v2\/media\/219377"}],"wp:attachment":[{"href":"https:\/\/www.europesays.com\/fr\/wp-json\/wp\/v2\/media?parent=219376"}],"wp:term":[{"taxonomy":"category","embeddable":true,"href":"https:\/\/www.europesays.com\/fr\/wp-json\/wp\/v2\/categories?post=219376"},{"taxonomy":"post_tag","embeddable":true,"href":"https:\/\/www.europesays.com\/fr\/wp-json\/wp\/v2\/tags?post=219376"}],"curies":[{"name":"wp","href":"https:\/\/api.w.org\/{rel}","templated":true}]}}