{"id":219378,"date":"2025-07-02T00:03:19","date_gmt":"2025-07-02T00:03:19","guid":{"rendered":"https:\/\/www.europesays.com\/fr\/219378\/"},"modified":"2025-07-02T00:03:19","modified_gmt":"2025-07-02T00:03:19","slug":"vladimir-cauchemar-etienne-de-crecy-aime-simone-a-la-rentree-le-stockfish-a-nice-remettra-les-petits-plats-dans-les-grands","status":"publish","type":"post","link":"https:\/\/www.europesays.com\/fr\/219378\/","title":{"rendered":"Vladimir Cauchemar, Etienne de Cr\u00e9cy, Aime Simone&#8230; \u00e0 la rentr\u00e9e, le Stockfish \u00e0 Nice remettra les petits plats dans les grands"},"content":{"rendered":"<p>On finirait presque par trouver cela normal. Et pourtant, voir d\u00e9filer tant de noms pl\u00e9biscit\u00e9s dans des enceintes bien plus vastes dans une salle de 600 places (200 en version assise), cela n\u2019a rien de banal.<\/p>\n<p>Ann\u00e9e apr\u00e8s ann\u00e9e, le Stockfish, lanc\u00e9 en 2022, s\u2019ancre un peu plus parmi les lieux culturels qui comptent dans la r\u00e9gion. Et le programme d\u00e9voil\u00e9 vendredi dernier, couvrant la p\u00e9riode septembre-d\u00e9cembre, s\u2019inscrit dans la m\u00eame lign\u00e9e.<\/p>\n<p>De l\u2019\u00e9lectro de haut vol, de la pop soyeuse, du m\u00e9tal solide<\/p>\n<p>\u00c0 la rentr\u00e9e, l\u2019\u00e9clectisme, marque de fabrique du lieu, sera toujours de mise. On distingue tout de m\u00eame un tropisme \u00e9lectro, avec la venue du tr\u00e8s populaire Vladimir Cauchemar (20 d\u00e9cembre), de l\u2019un des papes de la French Touch, Etienne de Cr\u00e9cy (4 octobre), qui d\u00e9barquera pour un live avec une grosse sc\u00e9nographie, r\u00e9alis\u00e9e par la m\u00eame \u00e9quipe que celle de Justice sur leurs deux derniers shows \u00e0 l\u2019AccorArena.<\/p>\n<p>Ou encore Upsilone (pour la r\u00e9ouverture, le 13 septembre), producteur biberonn\u00e9 aux Daft Punk et Bob Sinclar, que l\u2019on retrouvera notamment aux Plages \u00e9lectroniques de Cannes cet \u00e9t\u00e9.<\/p>\n<p>Ainsi que le Ni\u00e7ois Yann Muller, d\u00e9sormais un habitu\u00e9 de la salle de Nice-Est, o\u00f9 il reviendra avec une carte blanche, pour une soir\u00e9e caritative (6 d\u00e9cembre).<\/p>\n<p>Au rayon belle pop, on retrouvera l\u2019\u00e9nigmatique Aime Simone, ancien mannequin et valeur montante depuis trois ans (13 d\u00e9cembre), ainsi que Fr\u00e0n\u00e7ois and The Atlas Mountains, formation franco-britannique, au registre onirique, active depuis deux d\u00e9cennies maintenant (14 novembre).<\/p>\n<p>Celles et ceux qui pr\u00e9f\u00e8rent quand \u00e7a tape plus fort seront \u00e9galement servis avec deux soir\u00e9es balan\u00e7ant entre metal et post-punk. Premiers \u00e0 rugir\u2005: Sha\u00e2rghot, le 26 septembre. Puis place \u00e0 Pogo Car Crash Control pour une nouvelle salve de d\u00e9cibels, le 21 novembre.<\/p>\n<p>Dans un autre registre, Le Peuple de l\u2019herbe d\u00e9barquera \u00e0 Nice le 8 novembre. \u00c0 noter aussi, deux Tributes \u00e0 l\u2019affiche, d\u2019abord autour de Queen (23 octobre) puis d\u2019Eros Ramazotti (5 d\u00e9cembre).<\/p>\n<p>Soir\u00e9es concept, cabaret queer et rire sous toutes ses formes<\/p>\n<p>Toujours c\u00f4t\u00e9 musique, fiesta garantie avec Nostalgie 80 (22 novembre), ainsi que les concepts \u00e9v\u00e9nementiels assez hype de Casa Shiro (11 octobre) et du collectif Bleu mon Jules (29 novembre).<\/p>\n<p>Si la musique reste la note dominante du Stockfish, on peut aussi y savourer d\u2019autres formes culturelles.<\/p>\n<p>L\u2019humour y aura r\u00e9guli\u00e8rement droit de cit\u00e9, que ce soit avec Mado La Ni\u00e7oise, qui jouera deux fois (les 18 et 19 d\u00e9cembre), mais aussi des talents en pleine ascension, tr\u00e8s actifs sur les r\u00e9seaux, comme PV (9 octobre) et le Marseillais Greg Petras (4 d\u00e9cembre).<\/p>\n<p>Le QG ni\u00e7ois du rire, le Bobar Comedy Club, se d\u00e9localisera pour sa part \u00e0 quatre reprises au Stockfish (24 septembre, 29 octobre, 26 novembre et 17 d\u00e9cembre).<\/p>\n<p>Apr\u00e8s plusieurs passages de la fine \u00e9quipe de Madame Arthur, on pourra d\u00e9couvrir une autre entit\u00e9 s\u2019inscrivant dans la mouvance LGBTQIA+\u2005avec le Cabaret Ic\u00f4nes, attendu le 16 octobre.<\/p>\n<p>&gt;&gt; Renseignements:\u00a0<a href=\"http:\/\/stockfish.nice.fr\" target=\"_blank\" rel=\"noopener\">stockfish.nice.fr<\/a><\/p>\n<p>            Bonjour Les Pieds dans le plat et le Grenadine Family, deux nouveaux concepts au menu<\/p>\n<p>Le Stockfish, c\u2019est aussi une sorte de \u00ab\u00a0club social\u00a0\u00bb. D\u2019abord tourn\u00e9 vers les \u00e9tudiants, il s\u2019est rapidement ouvert \u00e0 d\u2019autres horizons.<\/p>\n<p>Chaque mercredi apr\u00e8s-midi, Les Petits Poissons, des ateliers destin\u00e9s aux 9-14 ans proposent de s\u2019initier \u00e0 l\u2019\u00e9criture rap ou slam, aux percussions br\u00e9siliennes, au DJing ou encore au chant.<\/p>\n<p>\u00c0 l\u2019oppos\u00e9 sur la pyramide des \u00e2ges, les rendez-vous du Stockfish endimanch\u00e9, des apr\u00e8s-midi festifs et dansants pour les seniors, font toujours un tabac (21 septembre, 21 septembre, 12 octobre, 16 novembre, 30 novembre et 14 d\u00e9cembre).<\/p>\n<p>Lanc\u00e9es l\u2019an pass\u00e9, les soir\u00e9es Pop philo ont aussi trouv\u00e9 leur public. Deux sessions seront pr\u00e9vues durant l\u2019automne, le 3 octobre puis le 16 d\u00e9cembre.<\/p>\n<p><strong>Bonne bouffe, parole libre et boum pour les petits<\/strong><\/p>\n<p>Deux nouveaux concepts viendront par ailleurs s\u2019ajouter \u00e0 la liste en 2025-2026. Commen\u00e7ons par Les Pieds dans le plat, dont le \u00ab\u00a0bapt\u00eame\u00a0\u00bb est pr\u00e9vu le 24 septembre.<\/p>\n<p>\u00ab\u00a0Chaque mois, on mettra \u00e0 l\u2019honneur un plat embl\u00e9matique. On commencera par&#8230; le stockfish, pr\u00e9par\u00e9 par Nicole Rubi, de La Petite Maison, et L\u00e9o Mallo. Ce sera l\u2019occasion de retrouver, de vivre ensemble dans une soci\u00e9t\u00e9 qui a trop tendance \u00e0 prendre la division comme r\u00e9flexe\u00a0\u00bb, explique Graig Monetti, fondateur du Stockfish et adjoint au maire de Nice d\u00e9l\u00e9gu\u00e9 au Sport, \u00e0 la Jeunesse et \u00e0 l\u2019\u00e9galit\u00e9 des chances.<\/p>\n<p>Quid de ce tr\u00e8s acidul\u00e9 Grenadine Family, qui sera lanc\u00e9 le 27 septembre?<\/p>\n<p>\u00ab\u00a0Le samedi, en journ\u00e9e, on fera un \u00e9v\u00e9nement d\u00e9di\u00e9 aux enfants, aux ados et \u00e0 leurs parents, avec un bar \u00e0 grenadine. Il y aura des ateliers cr\u00e9atifs, un village vintage pour chiner. Et si la f\u00eate est folle, on basculera dans une boum funky, avec tous les titres que les plus jeunes aiment et attendent.\u00a0\u00bb<\/p>\n","protected":false},"excerpt":{"rendered":"On finirait presque par trouver cela normal. Et pourtant, voir d\u00e9filer tant de noms pl\u00e9biscit\u00e9s dans des enceintes&hellip;\n","protected":false},"author":2,"featured_media":219379,"comment_status":"","ping_status":"","sticky":false,"template":"","format":"standard","meta":{"footnotes":""},"categories":[2819],"tags":[1111,11,4156,251,1777,674,1011,27,12,2401,882,25],"class_list":{"0":"post-219378","1":"post","2":"type-post","3":"status-publish","4":"format-standard","5":"has-post-thumbnail","7":"category-nice","8":"tag-actu","9":"tag-actualites","10":"tag-concerts","11":"tag-culture","12":"tag-eu","13":"tag-europe","14":"tag-fr","15":"tag-france","16":"tag-news","17":"tag-nice","18":"tag-provence-alpes-cote-dazur","19":"tag-republique-francaise"},"share_on_mastodon":{"url":"https:\/\/pubeurope.com\/@fr\/114780714053349262","error":""},"_links":{"self":[{"href":"https:\/\/www.europesays.com\/fr\/wp-json\/wp\/v2\/posts\/219378","targetHints":{"allow":["GET"]}}],"collection":[{"href":"https:\/\/www.europesays.com\/fr\/wp-json\/wp\/v2\/posts"}],"about":[{"href":"https:\/\/www.europesays.com\/fr\/wp-json\/wp\/v2\/types\/post"}],"author":[{"embeddable":true,"href":"https:\/\/www.europesays.com\/fr\/wp-json\/wp\/v2\/users\/2"}],"replies":[{"embeddable":true,"href":"https:\/\/www.europesays.com\/fr\/wp-json\/wp\/v2\/comments?post=219378"}],"version-history":[{"count":0,"href":"https:\/\/www.europesays.com\/fr\/wp-json\/wp\/v2\/posts\/219378\/revisions"}],"wp:featuredmedia":[{"embeddable":true,"href":"https:\/\/www.europesays.com\/fr\/wp-json\/wp\/v2\/media\/219379"}],"wp:attachment":[{"href":"https:\/\/www.europesays.com\/fr\/wp-json\/wp\/v2\/media?parent=219378"}],"wp:term":[{"taxonomy":"category","embeddable":true,"href":"https:\/\/www.europesays.com\/fr\/wp-json\/wp\/v2\/categories?post=219378"},{"taxonomy":"post_tag","embeddable":true,"href":"https:\/\/www.europesays.com\/fr\/wp-json\/wp\/v2\/tags?post=219378"}],"curies":[{"name":"wp","href":"https:\/\/api.w.org\/{rel}","templated":true}]}}