{"id":219380,"date":"2025-07-02T00:04:15","date_gmt":"2025-07-02T00:04:15","guid":{"rendered":"https:\/\/www.europesays.com\/fr\/219380\/"},"modified":"2025-07-02T00:04:15","modified_gmt":"2025-07-02T00:04:15","slug":"canicule-en-loire-atlantique-on-a-du-redoubler-de-vigilance","status":"publish","type":"post","link":"https:\/\/www.europesays.com\/fr\/219380\/","title":{"rendered":"Canicule en Loire-Atlantique : \u00ab On a d\u00fb redoubler de vigilance \u00bb"},"content":{"rendered":"<p><a href=\"https:\/\/nantes.maville.com\/actu\/actudet_-canicule-en-loire-atlantique.-annulations-fermetures...-quelles-sont-les-consequences-_8-6878567_actu.Htm\" target=\"_blank\" rel=\"noopener\">Comment maintenir son activit\u00e9 lorsque le mercure indique jusqu\u2019\u00e0 36,9\u00a0\u00b0C \u00e0 l\u2019ombre, \u00e0 Nantes\u00a0?<\/a> Dans diff\u00e9rents secteurs, chacun a d\u00fb trouver des solutions pour lutter contre cette canicule qui a atteint le d\u00e9partement entre la fin du mois de juin et mardi 1er\u00a0juillet 2025.<\/p>\n<p>? \u00c0 LIRE AUSSI. <a href=\"https:\/\/nantes.maville.com\/actu\/actudet_-plus-intenses-et-precoces-les-canicules-s-accelerent-en-loire-atlantique-_8-6880423_actu.Htm\" target=\"_self\" rel=\"noopener\">Plus intenses et pr\u00e9coces, les canicules s\u2019acc\u00e9l\u00e8rent en Loire-Atlantique<\/a> <\/p>\n<p>Vigilance orange d\u00e9cr\u00e9t\u00e9e<\/p>\n<p>\u00c0 compter de dimanche 29\u00a0juin \u00e0 12\u00a0h, la Loire-Atlantique est pass\u00e9e en vigilance orange canicule et niveau de risque incendie \u00e9lev\u00e9, a annonc\u00e9 la Pr\u00e9fecture et ce jusqu\u2019\u00e0 la fin de journ\u00e9e de mardi 1er\u00a0juillet. Diff\u00e9rentes mesures ont notamment \u00e9t\u00e9 mises en place comme l\u2019ouverture \u00e0 Nantes de capacit\u00e9s exceptionnelles et provisoires d\u2019h\u00e9bergement d\u2019urgence pour les personnes sans-abri et le renforcement des maraudes du Samu social en journ\u00e9e et en soir\u00e9e.<\/p>\n<p>Quand le pr\u00e9fet Fabrice Rigoulet-Roze s\u2019est d\u00e9plac\u00e9 dans un des lieux d\u2019h\u00e9bergement, lundi 30\u00a0juin, le sous-pr\u00e9fet Tom Follet a lui suivi une maraude.<\/p>\n<blockquote class=\"twitter-tweet\" data-media-max-width=\"560\" wp_automatic_readability=\"7.8101694915254\">\n<p lang=\"fr\" dir=\"ltr\">Le sous-pr\u00e9fet a accompagn\u00e9 une \u00e9quipe du Samu Social, lors d\u2019une maraude en centre-ville de Nantes, pour remercier les professionnels mobilis\u00e9s qui viennent en aide aux sans-abris. <a href=\"https:\/\/t.co\/14kg7cbfa0\">pic.twitter.com\/14kg7cbfa0<\/a><\/p>\n<p>\u2014 Pr\u00e9fet des Pays de la Loire et de Loire-Atlantique (@Prefet44) <a href=\"https:\/\/twitter.com\/Prefet44\/status\/1939777310581751916?ref_src=twsrc%5Etfw\" target=\"_blank\" rel=\"noopener\">June 30, 2025<\/a><\/p><\/blockquote>\n<p>Pr\u00e9server la sant\u00e9 des r\u00e9sidents d\u2019Ehpad<\/p>\n<p>Dans les \u00e9tablissements d\u2019h\u00e9bergement pour personnes \u00e2g\u00e9es d\u00e9pendantes comme la r\u00e9sidence Oc\u00e9ane de Nantes, il a aussi fallu adapter les habitudes pour le confort des r\u00e9sidents. Ventilateurs dans les chambres, tourn\u00e9es d\u2019hydratation et sorties limit\u00e9es, le plan bleu canicule a \u00e9t\u00e9 d\u00e9ploy\u00e9 dans tous les \u00e9tablissements. \u00a0On a d\u00fb redoubler de vigilance car la chaleur augmente la fatigabilit\u00e9 des seniors\u00a0, explique Delphine Texier, directrice d\u2019Oc\u00e9ane. \u00a0M\u00eame dans les semaines \u00e0 venir, il ne faudra pas rel\u00e2cher ces exigences.\u00a0<\/p>\n<p>Cauchemar en cuisine<\/p>\n<p>Derri\u00e8re les fourneaux, pas simple d\u2019\u00e9viter la chaleur accablante accentu\u00e9e par cette p\u00e9riode de canicule. Dans les cuisines de Bonbourg, place Viarme, \u00e0 Nantes, les cuistots avaient peu d\u2019autres solutions \u00e0 disposition que des brumisateurs pour tenter de se rafra\u00eechir. Autre difficult\u00e9\u00a0: cr\u00e9er un courant d\u2019air jusque dans leur laboratoire sans laisser grande ouverte aux clients la porte d\u2019entr\u00e9e pendant l\u2019apr\u00e8s-midi, entre les deux p\u00e9riodes de service.<\/p>\n<p>Le triathlon de Leg\u00e9 annul\u00e9<\/p>\n<p>Mardi 1er\u00a0juillet, le D\u00e9partement n\u2019a eu d\u2019autre choix que d\u2019annuler la 18e \u00e9dition du triathlon de Leg\u00e9 qui devait se tenir ce mercredi 2\u00a0juillet \u00e0 la zone de loisirs du Paradis. La d\u00e9cision a \u00e9t\u00e9 rendue en raison de ces conditions climatiques d\u00e9favorables, a justifi\u00e9 le service de communication. L\u2019\u00e9v\u00e9nement devait accueillir des courses ouvertes aux jeunes du CM1 \u00e0 la 5e, ainsi que de nombreux autres ateliers sportifs, notamment de l\u2019escalade, du tir \u00e0 l\u2019arc ou encore du cano\u00eb-kayak.<\/p>\n<p>\u00a0<\/p>\n<p>\t\t<script async src=\"https:\/\/platform.twitter.com\/widgets.js\" charset=\"utf-8\"><\/script><\/p>\n","protected":false},"excerpt":{"rendered":"Comment maintenir son activit\u00e9 lorsque le mercure indique jusqu\u2019\u00e0 36,9\u00a0\u00b0C \u00e0 l\u2019ombre, \u00e0 Nantes\u00a0? Dans diff\u00e9rents secteurs, chacun&hellip;\n","protected":false},"author":2,"featured_media":219381,"comment_status":"","ping_status":"","sticky":false,"template":"","format":"standard","meta":{"footnotes":""},"categories":[2818],"tags":[1111,11,6698,3029,1777,674,1011,27,3047,766,12,2636,35847,25,15192],"class_list":{"0":"post-219380","1":"post","2":"type-post","3":"status-publish","4":"format-standard","5":"has-post-thumbnail","7":"category-nantes","8":"tag-actu","9":"tag-actualites","10":"tag-canicule","11":"tag-du","12":"tag-eu","13":"tag-europe","14":"tag-fr","15":"tag-france","16":"tag-loire-atlantique","17":"tag-nantes","18":"tag-news","19":"tag-pays-de-la-loire","20":"tag-redoubler","21":"tag-republique-francaise","22":"tag-vigilance"},"share_on_mastodon":{"url":"https:\/\/pubeurope.com\/@fr\/114780717990871219","error":""},"_links":{"self":[{"href":"https:\/\/www.europesays.com\/fr\/wp-json\/wp\/v2\/posts\/219380","targetHints":{"allow":["GET"]}}],"collection":[{"href":"https:\/\/www.europesays.com\/fr\/wp-json\/wp\/v2\/posts"}],"about":[{"href":"https:\/\/www.europesays.com\/fr\/wp-json\/wp\/v2\/types\/post"}],"author":[{"embeddable":true,"href":"https:\/\/www.europesays.com\/fr\/wp-json\/wp\/v2\/users\/2"}],"replies":[{"embeddable":true,"href":"https:\/\/www.europesays.com\/fr\/wp-json\/wp\/v2\/comments?post=219380"}],"version-history":[{"count":0,"href":"https:\/\/www.europesays.com\/fr\/wp-json\/wp\/v2\/posts\/219380\/revisions"}],"wp:featuredmedia":[{"embeddable":true,"href":"https:\/\/www.europesays.com\/fr\/wp-json\/wp\/v2\/media\/219381"}],"wp:attachment":[{"href":"https:\/\/www.europesays.com\/fr\/wp-json\/wp\/v2\/media?parent=219380"}],"wp:term":[{"taxonomy":"category","embeddable":true,"href":"https:\/\/www.europesays.com\/fr\/wp-json\/wp\/v2\/categories?post=219380"},{"taxonomy":"post_tag","embeddable":true,"href":"https:\/\/www.europesays.com\/fr\/wp-json\/wp\/v2\/tags?post=219380"}],"curies":[{"name":"wp","href":"https:\/\/api.w.org\/{rel}","templated":true}]}}