{"id":219382,"date":"2025-07-02T00:05:51","date_gmt":"2025-07-02T00:05:51","guid":{"rendered":"https:\/\/www.europesays.com\/fr\/219382\/"},"modified":"2025-07-02T00:05:51","modified_gmt":"2025-07-02T00:05:51","slug":"qui-sont-alexis-mirbach-et-uros-radakovic-les-deux-premieres-recrues-des-canaris","status":"publish","type":"post","link":"https:\/\/www.europesays.com\/fr\/219382\/","title":{"rendered":"qui sont Alexis Mirbach et Uros Radakovic, les deux premi\u00e8res recrues des Canaris\u00a0?"},"content":{"rendered":"<p>            Par<br \/>\n        <strong><br \/>\n            <a href=\"https:\/\/actu.fr\/auteur\/thomas-bernard\" title=\"Consulter tous les articles de Thomas Bernard\" rel=\"nofollow noopener\" target=\"_blank\">Thomas Bernard<\/a><br \/>\n        <\/strong><\/p>\n<p>        Publi\u00e9 le<\/p>\n<p>            1 juil. 2025 \u00e0 14h24        <\/p>\n<p>C\u2019\u00e9tait la rentr\u00e9e des classes pour les joueurs du FC Nantes. Ce lundi 30 juin 2025, les Canaris ont retrouv\u00e9 les terrains de la Joneli\u00e8re sous la houlette de Luis Castro, nouvel entra\u00eeneur du FCN.\u00a0<\/p>\n<p class=\" wall-content\">Apr\u00e8s <strong>le d\u00e9part de plusieurs cadres<\/strong> (Pallois, <a href=\"https:\/\/actu.fr\/pays-de-la-loire\/nantes_44109\/merci-de-tout-mon-coeur-pedro-chirivella-part-du-fc-nantes-et-remercie-les-supporters_62839445.html\" rel=\"nofollow noopener\" target=\"_blank\">Chirivella<\/a>, Simon) au cours des derniers jours, le club pr\u00e9sid\u00e9 par Waldemar Kita a officialis\u00e9 l\u2019arriv\u00e9e de deux renforts : <strong>Alexis Mirbach<\/strong>, gardien de but de 20 ans, et <strong>Uros Radakovic<\/strong>, d\u00e9fenseur central serbe de 31 ans.\u00a0<\/p>\n<p class=\" wall-content\">\n<p>Mirbach, international fran\u00e7ais chez les jeunes<\/p>\n<p class=\" wall-content\">\u00c0 tout juste \u00e2g\u00e9 de 20 ans, Alexis Mirbach a paraph\u00e9 <strong>un contrat de trois saisons avec le club des bords de l\u2019Erdre<\/strong>, soit jusqu\u2019en juin 2028. Arriv\u00e9 en libre en provenance du FC Metz, son club formateur o\u00f9 il \u00e9tait titulaire de l\u2019\u00e9quipe r\u00e9serve en N2 l\u2019ann\u00e9e derni\u00e8re, le dernier rempart a connu plusieurs s\u00e9lection chez les \u00e9quipes de France jeunes depuis les U-17.\u00a0<\/p>\n<p>    <a href=\"https:\/\/www.facebook.com\/plugins\/post.php?href=https%3A%2F%2Fwww.facebook.com%2Ffcnantes%2Fposts%2Fpfbid0VdamCfNiztSyCGgbyi9P8VyzQmiGk29DhrnPsoRTV6FfnERreRAYeEQjK8nhGS8il&amp;show_text=true&amp;width=350\" title=\"Ouvrie le lien\" rel=\"nofollow noopener\" target=\"_blank\">Cliquez ici pour visualiser le contenu<\/a><\/p>\n<p class=\" wall-content\">R\u00e9cent vainqueur du tournoi international Maurice Revello de Toulon avec l\u2019\u00e9quipe de France U-20, aux c\u00f4t\u00e9s des Nantais Louis Leroux et Dehmaine Tabibou, Mirbach devrait \u00eatre le gardien n\u00b03 dans la hi\u00e9rarchie.<\/p>\n<p>Vid\u00e9os : en ce moment sur ActuUros Radakovic : de Belgrade \u00e0 Nantes, le parcours d\u2019un globe-trotteur du foot\u00a0<\/p>\n<p class=\" wall-content\">Apr\u00e8s <a href=\"https:\/\/actu.fr\/pays-de-la-loire\/nantes_44109\/merci-pour-tout-nicolas-pallois-annonce-son-depart-du-fc-nantes_62759165.html\" rel=\"nofollow noopener\" target=\"_blank\">le d\u00e9part de Nicolas Pallois<\/a>, le FCN cherchait \u00e0 renforcer sa d\u00e9fense centrale. Les dirigeants nantais ont jet\u00e9 leur d\u00e9volu sur Uros Radakovic, d\u00e9fenseur serbe, arriv\u00e9 libre en provenance du club turc de Sivasspor.\u00a0<\/p>\n<p>    <a href=\"https:\/\/www.facebook.com\/plugins\/post.php?href=https%3A%2F%2Fwww.facebook.com%2Ffcnantes%2Fposts%2Fpfbid0ENKrBqVbdks4qUD5GaLkHd4vvsQghF9wUJ5f1MB5nGMXiQ61JAJTR5Sp3pvvasY3l&amp;show_text=true&amp;width=350\" title=\"Ouvrie le lien\" rel=\"nofollow noopener\" target=\"_blank\">Cliquez ici pour visualiser le contenu<\/a><\/p>\n<p class=\" wall-content\">La saison derni\u00e8re, le joueur de 31 ans a disput\u00e9<strong> 29 rencontres de championnat en Turquie et a inscrit 4 buts<\/strong>. D\u00e9crit comme un d\u00e9fenseur athl\u00e9tique, le Serbe a \u00e9galement \u00e9cop\u00e9 de quatre cartons rouges \u00e0 Sivasspor.<\/p>\n<p class=\" wall-content\">\u00ab\u00a0C\u2019est un joueur \u00e0 l\u2019aise avec le ballon et tr\u00e8s fort dans le domaine a\u00e9rien\u00a0\u00bb, a d\u00e9crit<a href=\"https:\/\/www.youtube.com\/watch?v=LMaKx-N4t5k&amp;t=284s\" rel=\"nofollow noopener\" target=\"_blank\"> Luis Castro lors de la conf\u00e9rence de presse de reprise<\/a>.\u00a0<\/p>\n<p class=\" wall-content\">Le Serbe a sign\u00e9 <strong>un contrat de deux saisons<\/strong> (juin 2027) avec le FC Nantes.\u00a0<\/p>\n<p class=\" wall-content\">Suivez toute l\u2019actualit\u00e9 de vos villes et m\u00e9dias favoris en vous inscrivant \u00e0 <a href=\"https:\/\/moncompte.actu.fr\" title=\"D\u00e9couvez Mon Actu\" rel=\"nofollow noopener\" data-trk=\"{&quot;cta&quot;:{&quot;action&quot;:&quot;https:\\\/\\\/moncompte.actu.fr&quot;,&quot;category&quot;:&quot;mon compte&quot;,&quot;from&quot;:&quot;article footer&quot;,&quot;name&quot;:&quot;Mon actu&quot;,&quot;type&quot;:&quot;cta&quot;}}\" target=\"_blank\">Mon Actu<\/a>.<\/p>\n","protected":false},"excerpt":{"rendered":"Par Thomas Bernard Publi\u00e9 le 1 juil. 2025 \u00e0 14h24 C\u2019\u00e9tait la rentr\u00e9e des classes pour les joueurs&hellip;\n","protected":false},"author":2,"featured_media":219383,"comment_status":"","ping_status":"","sticky":false,"template":"","format":"standard","meta":{"footnotes":""},"categories":[2818],"tags":[1111,11,1777,674,462,63,1011,27,1434,766,12,2636,25,60],"class_list":{"0":"post-219382","1":"post","2":"type-post","3":"status-publish","4":"format-standard","5":"has-post-thumbnail","7":"category-nantes","8":"tag-actu","9":"tag-actualites","10":"tag-eu","11":"tag-europe","12":"tag-fc-nantes","13":"tag-football","14":"tag-fr","15":"tag-france","16":"tag-mercato","17":"tag-nantes","18":"tag-news","19":"tag-pays-de-la-loire","20":"tag-republique-francaise","21":"tag-sports"},"share_on_mastodon":{"url":"https:\/\/pubeurope.com\/@fr\/114780726040050934","error":""},"_links":{"self":[{"href":"https:\/\/www.europesays.com\/fr\/wp-json\/wp\/v2\/posts\/219382","targetHints":{"allow":["GET"]}}],"collection":[{"href":"https:\/\/www.europesays.com\/fr\/wp-json\/wp\/v2\/posts"}],"about":[{"href":"https:\/\/www.europesays.com\/fr\/wp-json\/wp\/v2\/types\/post"}],"author":[{"embeddable":true,"href":"https:\/\/www.europesays.com\/fr\/wp-json\/wp\/v2\/users\/2"}],"replies":[{"embeddable":true,"href":"https:\/\/www.europesays.com\/fr\/wp-json\/wp\/v2\/comments?post=219382"}],"version-history":[{"count":0,"href":"https:\/\/www.europesays.com\/fr\/wp-json\/wp\/v2\/posts\/219382\/revisions"}],"wp:featuredmedia":[{"embeddable":true,"href":"https:\/\/www.europesays.com\/fr\/wp-json\/wp\/v2\/media\/219383"}],"wp:attachment":[{"href":"https:\/\/www.europesays.com\/fr\/wp-json\/wp\/v2\/media?parent=219382"}],"wp:term":[{"taxonomy":"category","embeddable":true,"href":"https:\/\/www.europesays.com\/fr\/wp-json\/wp\/v2\/categories?post=219382"},{"taxonomy":"post_tag","embeddable":true,"href":"https:\/\/www.europesays.com\/fr\/wp-json\/wp\/v2\/tags?post=219382"}],"curies":[{"name":"wp","href":"https:\/\/api.w.org\/{rel}","templated":true}]}}