{"id":219386,"date":"2025-07-02T00:07:13","date_gmt":"2025-07-02T00:07:13","guid":{"rendered":"https:\/\/www.europesays.com\/fr\/219386\/"},"modified":"2025-07-02T00:07:13","modified_gmt":"2025-07-02T00:07:13","slug":"a-bordeaux-la-base-sous-marine-de-la-seconde-guerre-mondiale-va-devenir-un-champ-de-panneaux-solaires","status":"publish","type":"post","link":"https:\/\/www.europesays.com\/fr\/219386\/","title":{"rendered":"A Bordeaux, la base sous-marine de la Seconde Guerre mondiale va devenir un champ de panneaux solaires"},"content":{"rendered":"<p>Faire rayonner la <a href=\"https:\/\/www.20minutes.fr\/bordeaux\/2793395-20200610-bordeaux-durant-seconde-guerre-mondiale-allies-savaient-base-sous-marine-indestructible\" class=\"color-ultramarine c-link\" target=\"_blank\" rel=\"noopener\">base sous-marine<\/a>. La ville de <a href=\"https:\/\/www.20minutes.fr\/bordeaux\/\" class=\"color-ultramarine c-link\" target=\"_blank\" rel=\"noopener\">Bordeaux<\/a> a pos\u00e9 ce mardi le premier <a href=\"https:\/\/www.20minutes.fr\/dossier\/panneaux_solaires\" class=\"color-ultramarine c-link\" target=\"_blank\" rel=\"noopener\">panneau solaire<\/a>, symbolique, sur le toit de cet \u00e9difice de la <a href=\"https:\/\/www.20minutes.fr\/dossier\/seconde_guerre_mondiale\" class=\"color-ultramarine c-link\" target=\"_blank\" rel=\"noopener\">Seconde Guerre mondiale<\/a>, implant\u00e9 dans le quartier des Bassins \u00e0 Flot. L\u2019objectif est de poser 13.000\u00a0m2 de panneaux photovolta\u00efques sur une surface de 22.000 m2, pour produire l\u2019\u00e9quivalent de la consommation annuelle moyenne d\u2019\u00e9lectricit\u00e9 de 770 foyers bordelais, soit 3,4 GWh par an.<\/p>\n<p><img decoding=\"async\" alt=\"Les diff\u00e9rents acteurs, dont le maire de Bordeaux Pierre Hurmic, ont install\u00e9 le premier panneau photovolta\u00efque sur le toit de la base sous-marine, ce mardi.\" class=\"c-img\" loading=\"lazy\" fetchpriority=\"auto\" width=\"718\"  src=\"https:\/\/img.20mn.fr\/gsz3xEJiTEyK7cNvYu7-Iik\/718x0\" \/>Les diff\u00e9rents acteurs, dont le maire de Bordeaux Pierre Hurmic, ont install\u00e9 le premier panneau photovolta\u00efque sur le toit de la base sous-marine, ce mardi.\u2002-\u00a0M.Bosredon \/ 20 Minutes<\/p>\n<blockquote class=\"mx-m@xs mx-xxl@md color-ultramarine c-citation\">\n<p class=\"font-weight-regular@xs text-italic font-source-serif-pro text-l@xs c-citation__content\">\u00ab\u00a0La base sous-marine va devenir la plus grande centrale solaire implant\u00e9e sur un b\u00e2timent historique prot\u00e9g\u00e9.\u00a0\u00bb<\/p>\n<\/blockquote>\n<p>Voici ce qu\u2019il faut savoir sur ce projet, dont la r\u00e9alisation a \u00e9t\u00e9 confi\u00e9e au groupe EverWatt, via sa filiale BoucL Energie, qui finance une grande partie des 5,88\u00a0millions d\u2019euros d\u2019investissement.<\/p>\n<p>Pourquoi la base sous-marine\u00a0?<\/p>\n<p>L\u2019objectif de la municipalit\u00e9 est de \u00ab\u00a0solariser massivement le territoire, pour faire de la ville de Bordeaux [qui b\u00e9n\u00e9ficie d\u2019un ensoleillement moyen de 1.200 heures par an] une ville r\u00e9f\u00e9rence en la mati\u00e8re\u00a0\u00bb, et montrer que \u00ab\u00a0cela est compatible avec la protection du <a href=\"https:\/\/www.20minutes.fr\/dossier\/patrimoine\" class=\"color-ultramarine c-link\" target=\"_blank\" rel=\"noopener\">patrimoine<\/a>.\u00a0\u00bb El\u00e9ment du patrimoine labellis\u00e9 \u00ab\u00a0architecture contemporaine remarquable\u00a0\u00bb, la base sous-marine a \u00e9t\u00e9 \u00e9difi\u00e9e durant la <a href=\"https:\/\/www.20minutes.fr\/dossier\/seconde_guerre_mondiale\" class=\"color-ultramarine c-link\" target=\"_blank\" rel=\"noopener\">Seconde Guerre mondiale<\/a> par l\u2019Allemagne nazie, pour accueillir des sous-marins U-Boot. \u00ab\u00a0Ce site garde la m\u00e9moire des travailleurs forc\u00e9s qui l\u2019ont construit, notamment les r\u00e9publicains espagnols, dont plusieurs dizaines sont morts durant le chantier\u00a0\u00bb, a rappel\u00e9 Pierre Hurmic. Il accueille d\u00e9sormais un espace culturel, les Bassins des Lumi\u00e8res, exploit\u00e9 par Culturespaces.<\/p>\n<p>Cela reste n\u00e9anmoins une contrainte que d\u2019intervenir sur un b\u00e2timent class\u00e9. Parmi elles, il fallait que les panneaux, qui seront install\u00e9s sur le dispositif de pare-bombes de la base, ne soient pas visibles du sol, et la structure ne doit pas porter atteinte au b\u00e2timent. \u00ab\u00a0Il y a eu de nombreux \u00e9changes avec les architectes des b\u00e2timents de France\u00a0\u00bb, souligne Pierre Hurmic.<\/p>\n<p>Comment va fonctionner ce syst\u00e8me de panneaux photovolta\u00efques\u00a0?<\/p>\n<p>Quelque 6.600 <a href=\"https:\/\/www.20minutes.fr\/planete\/photovoltaique\/\" class=\"color-ultramarine c-link\" target=\"_blank\" rel=\"noopener\">panneaux photovolta\u00efques<\/a> &#8211; chinois &#8211; seront install\u00e9s sur le toit de la base d\u2019ici au mois de mars\u00a02026, pour une mise en service attendue vers le mois de mai. BoucL Energie, qui installe les panneaux et exploitera la centrale solaire pour une p\u00e9riode de trente ans, est sp\u00e9cialis\u00e9 dans l\u2019autoconsommation collective, l\u2019objectif \u00e9tant de fournir \u00ab\u00a0du solaire au service du tissu \u00e9conomique local\u00a0\u00bb. \u00ab\u00a0Nous allons\u00a0partager \u00e0 un co\u00fbt comp\u00e9titif, de l\u2019ordre de 120 euros du m\u00e9gawatt\/heure, l\u2019<a href=\"https:\/\/www.20minutes.fr\/dossier\/energie\" class=\"color-ultramarine c-link\" target=\"_blank\" rel=\"noopener\">\u00e9nergie<\/a> dans un rayon d\u2019un kilom\u00e8tre autour de la base sous-marine\u00a0\u00bb, explique son directeur g\u00e9n\u00e9ral, J\u00e9r\u00f4me Owczarczak. Et BoucL Energie entend le faire \u00ab\u00a0de mani\u00e8re intelligente\u00a0\u00bb. \u00ab\u00a0Avec le gestionnaire de r\u00e9seau, nous allons compter ce qui est produit par la base et ce qui est consomm\u00e9 par les consommateurs, puis nous r\u00e9partirons les volumes qui correspondent \u00e0 la consommation de chacun, poursuit le directeur g\u00e9n\u00e9ral. L\u2019id\u00e9e est de partager l\u2019\u00e9nergie, et de la faire \u00e9voluer en fonction des vraies consommations, notamment aux moments o\u00f9 les clients consomment.\u00a0\u00bb<\/p>\n<p>Quels seront les clients de la centrale solaire de la base sous-marine\u00a0?<\/p>\n<p>Il y a aura en tout premier lieu la base elle-m\u00eame, et notamment Les Bassins des Lumi\u00e8res. La Banque Alimentaire, situ\u00e9e dans le rayon d\u2019un kilom\u00e8tre de la base, s\u2019est \u00e9galement d\u00e9j\u00e0 positionn\u00e9e, souhaitant b\u00e9n\u00e9ficier \u00ab\u00a0d\u2019un co\u00fbt de l\u2019\u00e9lectricit\u00e9 garanti sur quinze ans, pour 60\u00a0% de notre consommation\u00a0\u00bb, sachant que par d\u00e9finition, une centrale solaire fournit de l\u2019\u00e9nergie intermittente, qui varie en fonction des p\u00e9riodes de l\u2019ann\u00e9e.<\/p>\n<p>A quels moments la centrale solaire produit le plus\u00a0?<\/p>\n<p>Les diff\u00e9rents acteurs pr\u00e9sents ce mardi lors du lancement du projet, n\u2019ont pas manqu\u00e9 d\u2019\u00e9voquer la <a href=\"https:\/\/www.20minutes.fr\/dossier\/canicule\" class=\"color-ultramarine c-link\" target=\"_blank\" rel=\"noopener\">canicule<\/a> qui frappe la quasi-totalit\u00e9 de la France en ce moment, \u00ab\u00a0preuve qu\u2019il faut d\u00e9velopper les <a href=\"https:\/\/www.20minutes.fr\/dossier\/energie_renouvelable\" class=\"color-ultramarine c-link\" target=\"_blank\" rel=\"noopener\">\u00e9nergies renouvelables<\/a>\u00a0\u00bb, a notamment insist\u00e9 Pierre Hurmic.<\/p>\n<\/p>\n<p>Pourtant, ce n\u2019est pas lorsqu\u2019il fait le plus chaud que les panneaux photovolta\u00efques produisent le plus. \u00ab\u00a0Les panneaux solaires n\u2019aiment pas trop la chaleur, explique J\u00e9r\u00f4me Owczarczak. La temp\u00e9rature id\u00e9ale est de 25\u00a0\u00b0C, au-del\u00e0 on perd de l\u2019ordre de 0,1\u00a0% de productivit\u00e9 par degr\u00e9 suppl\u00e9mentaire. Cela reste donc marginal, mais \u00e0 l\u2019inverse de ce que l\u2019on peut penser, ce n\u2019est donc pas dans les endroits les plus chauds que l\u2019on aura la meilleure production, mais dans les endroits temp\u00e9r\u00e9s.\u00a0\u00bb<\/p>\n<p><a href=\"https:\/\/www.20minutes.fr\/dossier\/energie_renouvelable\" class=\"c-link c-btn c-btn--primary\" target=\"_blank\" rel=\"noopener\">Notre dossier sur les \u00e9nergies renouvelables<\/a><\/p>\n<p>En France, 70\u00a0% de la production \u00ab\u00a0se fait entre mars et octobre\u00a0\u00bb, poursuit le directeur g\u00e9n\u00e9ral de BoucL Energie, les mois les moins productifs se situant \u00ab\u00a0entre novembre et f\u00e9vrier\u00a0\u00bb. \u00ab\u00a0On produit peu durant cette p\u00e9riode hivernale, m\u00eame s\u2019il fait beau, car on a beau avoir de la luminosit\u00e9, on a tr\u00e8s peu de rayonnement direct sur les panneaux.\u00a0\u00bb Pour J\u00e9r\u00f4me Owczarczak, la meilleure r\u00e9ponse face au changement climatique, reste de mettre en place \u00ab\u00a0un v\u00e9ritable mix \u00e9nerg\u00e9tique\u00a0\u00bb.<\/p>\n<p>Pourquoi ne pas avoir couvert l\u2019ensemble du toit de la base sous-marine\u00a0?<\/p>\n<p>En raison de contraintes techniques. \u00ab\u00a0Nous allons \u00e9quiper 22.000 m2 de surface de toiture [sur un total de 36.000 m2], dont 13.000\u00a0m2 de panneaux solaires, parce que les panneaux ne sont pas tous coll\u00e9s les uns aux autres, et parce qu\u2019il faut laisser des chemins de circulation pour l\u2019intervention des pompiers, la maintenance, le nettoyage, notamment en raison du pollen ou des poussi\u00e8res de sable du Sahara, \u00e9num\u00e8re J\u00e9r\u00f4me Owczarczak. Enfin, la base est v\u00e9tuste, et il y a des endroits o\u00f9 l\u2019on ne peut pas travailler, ce serait trop risqu\u00e9.\u00a0\u00bb<\/p>\n","protected":false},"excerpt":{"rendered":"Faire rayonner la base sous-marine. La ville de Bordeaux a pos\u00e9 ce mardi le premier panneau solaire, symbolique,&hellip;\n","protected":false},"author":2,"featured_media":219387,"comment_status":"","ping_status":"","sticky":false,"template":"","format":"standard","meta":{"footnotes":""},"categories":[2817],"tags":[1111,11,3177,1997,6698,893,2830,1777,674,1011,27,2905,12,2219,13146,21812,4860,52,5140,25],"class_list":{"0":"post-219386","1":"post","2":"type-post","3":"status-publish","4":"format-standard","5":"has-post-thumbnail","7":"category-bordeaux","8":"tag-actu","9":"tag-actualites","10":"tag-aquitaine","11":"tag-bordeaux","12":"tag-canicule","13":"tag-energie","14":"tag-energies-renouvelables","15":"tag-eu","16":"tag-europe","17":"tag-fr","18":"tag-france","19":"tag-gironde","20":"tag-news","21":"tag-nouvelle-aquitaine","22":"tag-panneaux-solaires","23":"tag-photovoltaique","24":"tag-pierre-hurmic","25":"tag-planete","26":"tag-rechauffement-climatique","27":"tag-republique-francaise"},"share_on_mastodon":{"url":"https:\/\/pubeurope.com\/@fr\/114780729737713068","error":""},"_links":{"self":[{"href":"https:\/\/www.europesays.com\/fr\/wp-json\/wp\/v2\/posts\/219386","targetHints":{"allow":["GET"]}}],"collection":[{"href":"https:\/\/www.europesays.com\/fr\/wp-json\/wp\/v2\/posts"}],"about":[{"href":"https:\/\/www.europesays.com\/fr\/wp-json\/wp\/v2\/types\/post"}],"author":[{"embeddable":true,"href":"https:\/\/www.europesays.com\/fr\/wp-json\/wp\/v2\/users\/2"}],"replies":[{"embeddable":true,"href":"https:\/\/www.europesays.com\/fr\/wp-json\/wp\/v2\/comments?post=219386"}],"version-history":[{"count":0,"href":"https:\/\/www.europesays.com\/fr\/wp-json\/wp\/v2\/posts\/219386\/revisions"}],"wp:featuredmedia":[{"embeddable":true,"href":"https:\/\/www.europesays.com\/fr\/wp-json\/wp\/v2\/media\/219387"}],"wp:attachment":[{"href":"https:\/\/www.europesays.com\/fr\/wp-json\/wp\/v2\/media?parent=219386"}],"wp:term":[{"taxonomy":"category","embeddable":true,"href":"https:\/\/www.europesays.com\/fr\/wp-json\/wp\/v2\/categories?post=219386"},{"taxonomy":"post_tag","embeddable":true,"href":"https:\/\/www.europesays.com\/fr\/wp-json\/wp\/v2\/tags?post=219386"}],"curies":[{"name":"wp","href":"https:\/\/api.w.org\/{rel}","templated":true}]}}