{"id":219388,"date":"2025-07-02T00:08:11","date_gmt":"2025-07-02T00:08:11","guid":{"rendered":"https:\/\/www.europesays.com\/fr\/219388\/"},"modified":"2025-07-02T00:08:11","modified_gmt":"2025-07-02T00:08:11","slug":"previsions-du-mercredi-2-juillet-2025-5","status":"publish","type":"post","link":"https:\/\/www.europesays.com\/fr\/219388\/","title":{"rendered":"pr\u00e9visions du mercredi 2 juillet 2025"},"content":{"rendered":"<p>Toulouse va vivre une belle journ\u00e9e particuli\u00e8rement ensoleill\u00e9e. Ce sera un bel \u00e9t\u00e9 : les valeurs s&rsquo;\u00e9chelonneront entre 19 et 35\u00b0C. Un vent de nord-ouest soufflera un peu, avec 17 km\/h. D\u00e8s le matin, les temp\u00e9ratures \u00e9volueront entre 20 et 31\u2009\u00b0C. Les valeurs vont conna\u00eetre une hausse de plusieurs degr\u00e9s dans l&rsquo;apr\u00e8s-midi. Les vacanciers comme les locaux pourront enfiler sandales et chapeau. La ville va p\u00e2tir des fortes chaleurs avec des valeurs qui pourraient monter \u00e0 35\u00b0C. Le soir, du mauvais temps est \u00e0 pr\u00e9voir. Des pluies \u00e9parses vont tomber. De tr\u00e8s importantes chaleurs (entre 23\u00b0C et 30\u00b0C) sont attendues. Une nuit claire vous attendra entre mercredi et jeudi.<\/p>\n<p>Demain, un grand soleil rayonnera sur Toulouse. Une chute du mercure est \u00e0 craindre. Les grosses chaleurs sont pr\u00e9sentes. Avec des temp\u00e9ratures \u00e9chelonn\u00e9es entre 17 et 33\u00b0C. Les valeurs seront comprises entre 17 et 33\u00b0C, un temps r\u00e9solument de saison. Un modeste vent de nord-ouest sera ressenti par les habitants. Les temp\u00e9ratures, plus estivales, vont enregistrer une augmentation de plusieurs degr\u00e9s lors de l&rsquo;apr\u00e8s-midi. La ville va subir une vague de fortes chaleurs avec des temp\u00e9ratures qui rejoindront parfois les 33\u00b0C. Les valeurs maximales pr\u00e9vues demain soir sont \u00e9lev\u00e9es, avec 32\u00b0C.<\/p>\n<p>Peu de changements pour la suite. Il fera 37\u00b0C en moyenne pour des journ\u00e9es avec une m\u00e9t\u00e9o ensoleill\u00e9e.<\/p>\n<p>Pour se pr\u00e9munir contre les fortes chaleurs, il faut penser \u00e0 s&rsquo;hydrater r\u00e9guli\u00e8rement et \u00e0 bien manger. Couvrez votre peau avec un t-shirt, un bob, de la cr\u00e8me solaire et ne vous mettez pas au soleil au cours des heures les plus chaudes.<\/p>\n","protected":false},"excerpt":{"rendered":"Toulouse va vivre une belle journ\u00e9e particuli\u00e8rement ensoleill\u00e9e. Ce sera un bel \u00e9t\u00e9 : les valeurs s&rsquo;\u00e9chelonneront entre&hellip;\n","protected":false},"author":2,"featured_media":219389,"comment_status":"","ping_status":"","sticky":false,"template":"","format":"standard","meta":{"footnotes":""},"categories":[2816],"tags":[1111,11,1777,674,1011,27,12,2680,2119,25,2312],"class_list":{"0":"post-219388","1":"post","2":"type-post","3":"status-publish","4":"format-standard","5":"has-post-thumbnail","7":"category-toulouse","8":"tag-actu","9":"tag-actualites","10":"tag-eu","11":"tag-europe","12":"tag-fr","13":"tag-france","14":"tag-news","15":"tag-occitanie","16":"tag-previsions-meteo","17":"tag-republique-francaise","18":"tag-toulouse"},"share_on_mastodon":{"url":"https:\/\/pubeurope.com\/@fr\/114780733675320426","error":""},"_links":{"self":[{"href":"https:\/\/www.europesays.com\/fr\/wp-json\/wp\/v2\/posts\/219388","targetHints":{"allow":["GET"]}}],"collection":[{"href":"https:\/\/www.europesays.com\/fr\/wp-json\/wp\/v2\/posts"}],"about":[{"href":"https:\/\/www.europesays.com\/fr\/wp-json\/wp\/v2\/types\/post"}],"author":[{"embeddable":true,"href":"https:\/\/www.europesays.com\/fr\/wp-json\/wp\/v2\/users\/2"}],"replies":[{"embeddable":true,"href":"https:\/\/www.europesays.com\/fr\/wp-json\/wp\/v2\/comments?post=219388"}],"version-history":[{"count":0,"href":"https:\/\/www.europesays.com\/fr\/wp-json\/wp\/v2\/posts\/219388\/revisions"}],"wp:featuredmedia":[{"embeddable":true,"href":"https:\/\/www.europesays.com\/fr\/wp-json\/wp\/v2\/media\/219389"}],"wp:attachment":[{"href":"https:\/\/www.europesays.com\/fr\/wp-json\/wp\/v2\/media?parent=219388"}],"wp:term":[{"taxonomy":"category","embeddable":true,"href":"https:\/\/www.europesays.com\/fr\/wp-json\/wp\/v2\/categories?post=219388"},{"taxonomy":"post_tag","embeddable":true,"href":"https:\/\/www.europesays.com\/fr\/wp-json\/wp\/v2\/tags?post=219388"}],"curies":[{"name":"wp","href":"https:\/\/api.w.org\/{rel}","templated":true}]}}